{"id":292984,"date":"2025-08-03T06:33:15","date_gmt":"2025-08-03T06:33:15","guid":{"rendered":"https:\/\/www.europesays.com\/fr\/292984\/"},"modified":"2025-08-03T06:33:15","modified_gmt":"2025-08-03T06:33:15","slug":"les-mots-de-mbappe-devant-les-policiers-pour-defendre-hakimi","status":"publish","type":"post","link":"https:\/\/www.europesays.com\/fr\/292984\/","title":{"rendered":"les mots de Mbapp\u00e9 devant les policiers pour d\u00e9fendre Hakimi"},"content":{"rendered":"<p>Dans une enqu\u00eate publi\u00e9e ce vendredi, L\u2019\u00c9quipe a d\u00e9voil\u00e9 les mots de Kylian Mbapp\u00e9 lors de son interrogatoire avec les policiers en avril 2023, lorsque ce dernier a \u00e9t\u00e9 questionn\u00e9 au sujet de Achraf Hakimi, accus\u00e9 de viol.<\/p>\n<p class=\"fig-paragraph\"><a href=\"http:\/\/www.lefigaro.fr\/sports\/jeux-olympiques\/jo-2024-mbappe-dement-avoir-voulu-etre-le-dernier-porteur-de-la-flamme-20250725\" data-fig-type=\"NewsFlash\" data-gtm-custom-categorie=\"navigation\" data-gtm-custom-action=\"crossclick\" data-gtm-custom-label=\"Contextuel\" data-gtm-event=\"customEventSPE\" data-fig-domain=\"LEFIGARO\" rel=\"nofollow noopener\" target=\"_blank\">Kylian Mbapp\u00e9<\/a>\u00a0a d\u00e9fendu son ami et ancien co\u00e9quipier\u00a0<a href=\"http:\/\/www.lefigaro.fr\/flash-actu\/le-parquet-de-nanterre-reclame-la-mise-en-accusation-pour-viol-du-footballeur-achraf-hakimi-20250801\" data-fig-type=\"NewsFlash\" data-gtm-custom-categorie=\"navigation\" data-gtm-custom-action=\"crossclick\" data-gtm-custom-label=\"Contextuel\" data-gtm-event=\"customEventSPE\" data-fig-domain=\"LEFIGARO\" rel=\"nofollow noopener\" target=\"_blank\">Achraf Hakimi<\/a>. Dans une enqu\u00eate publi\u00e9e par\u00a0<a href=\"https:\/\/www.lequipe.fr\/Football\/Article\/Proces-verbaux-textos-temoignage-de-mbappe-nos-revelations-sur-l-affaire-hakimi\/1582499\" target=\"_blank\" rel=\"sponsored noopener nofollow\" data-gtm-custom-categorie=\"navigation\" data-gtm-custom-action=\"crossclick\" data-gtm-custom-label=\"Contextuel\" data-gtm-event=\"customEventSPE\">L\u2019\u00c9quipe<\/a>, le capitaine de l\u2019\u00e9quipe de France de football a \u00e9t\u00e9 interrog\u00e9 par les policiers en avril 2023 au sujet du Marocain, accus\u00e9e de viol par une jeune femme de 24 ans f\u00e9vrier 2023 (information r\u00e9v\u00e9l\u00e9e par\u00a0<a href=\"https:\/\/www.leparisien.fr\/faits-divers\/le-joueur-du-psg-achraf-hakimi-sous-la-menace-dun-proces-pour-viol-01-08-2025-VM4RUXGPABDEVEHUSLF3BTZGN4.php\" target=\"_blank\" rel=\"sponsored noopener nofollow\" data-gtm-custom-categorie=\"navigation\" data-gtm-custom-action=\"crossclick\" data-gtm-custom-label=\"Contextuel\" data-gtm-event=\"customEventSPE\">Le Parisien<\/a> \u00a0et confirm\u00e9e par Le Figaro).<\/p>\n<p class=\"fig-paragraph\">Le joueur du Real Madrid a r\u00e9v\u00e9l\u00e9 avoir discut\u00e9 des faits avec Hakimi. \u00abIl m\u2019a dit qu\u2019il y avait eu des caresses mutuelles sur des parties intimes, mais qu\u2019\u00e0 aucun moment, il n\u2019avait ressenti un refus de la part de cette jeune femme (&#8230;) Il m\u2019a dit que finalement ils n\u2019avaient pas couch\u00e9 ensemble sans me dire pour quelle raison\u00bb.\u00a0<\/p>\n<p>                                    <a class=\"fig-a11y-skip a11y-hidden\" href=\"#fig-a11y-skip-main-inarticle\"><br \/>\n        Passer la publicit\u00e9<br \/>\n    <\/a><\/p>\n<p>Hakimi nie les faits<\/p>\n<p class=\"fig-paragraph\">Mbapp\u00e9 a poursuivi\u00a0: \u00abC\u2019est un sujet que nous \u00e9voquons r\u00e9guli\u00e8rement et sur lequel nous sommes tr\u00e8s vigilants. Tout d\u2019abord, nous ne sommes pas des sauvages. Et puis, on est pr\u00e9par\u00e9s \u00e0 \u00e7a depuis le d\u00e9but de notre carri\u00e8re\u00a0\u00bb.<\/p>\n<blockquote class=\"fig-quote&#10;    \">\n<p class=\"fig-quote__text\">M\u00eame alcoolis\u00e9, je ne l\u2019ai jamais vu avoir un comportement d\u00e9plac\u00e9. Je n\u2019ai jamais eu de retour d\u2019amies qui me disaient qu\u2019Achraf s\u2019\u00e9tait mal comport\u00e9 ou qu\u2019il avait d\u00e9pass\u00e9 les limites<\/p>\n<p>            Kylian Mbapp\u00e9\n    <\/p><\/blockquote>\n<p class=\"fig-paragraph\">Au printemps 2023, L\u2019\u00c9quipe explique que l\u2019ancien joueur du PSG a une nouvelle fois \u00e9t\u00e9 questionn\u00e9. Il a affirm\u00e9\u00a0: \u00abAchraf Hakimi est respectueux avec les femmes. M\u00eame alcoolis\u00e9, je ne l\u2019ai jamais vu avoir un comportement d\u00e9plac\u00e9. Je n\u2019ai jamais eu de retour d\u2019amies qui me disaient qu\u2019Achraf s\u2019\u00e9tait mal comport\u00e9 ou qu\u2019il avait d\u00e9pass\u00e9 les limites\u00bb.\u00a0<\/p>\n<p class=\"fig-paragraph\">Depuis l\u2019ouverture de cette enqu\u00eate par le parquet de Nanterre, Achraf Hakimi a toujours ni\u00e9 les faits.<\/p>\n<p class=\"fig-paragraph\"><strong>\u00c0 VOIR AUSSI &#8211; <\/strong>Mercato\u00a0: l\u2019\u00e9norme accueil des supporters de l\u2019Olympique de Marseille pour Pierre-Emerick Aubameyang<\/p>\n","protected":false},"excerpt":{"rendered":"Dans une enqu\u00eate publi\u00e9e ce vendredi, L\u2019\u00c9quipe a d\u00e9voil\u00e9 les mots de Kylian Mbapp\u00e9 lors de son interrogatoire&hellip;\n","protected":false},"author":2,"featured_media":292985,"comment_status":"","ping_status":"","sticky":false,"template":"","format":"standard","meta":{"footnotes":""},"categories":[1888],"tags":[14568,1111,1928,11,1927,1777,674,1011,27,6477,12,1926,626,1925,93,25],"class_list":{"0":"post-292984","1":"post","2":"type-post","3":"status-publish","4":"format-standard","5":"has-post-thumbnail","7":"category-paris","8":"tag-achraf-hakimi","9":"tag-actu","10":"tag-actu-paris","11":"tag-actualites","12":"tag-actualites-paris","13":"tag-eu","14":"tag-europe","15":"tag-fr","16":"tag-france","17":"tag-kylian-mbappe","18":"tag-news","19":"tag-news-paris","20":"tag-paris","21":"tag-paris-news","22":"tag-psg","23":"tag-republique-francaise"},"share_on_mastodon":{"url":"https:\/\/pubeurope.com\/@fr\/114963441578336464","error":""},"_links":{"self":[{"href":"https:\/\/www.europesays.com\/fr\/wp-json\/wp\/v2\/posts\/292984","targetHints":{"allow":["GET"]}}],"collection":[{"href":"https:\/\/www.europesays.com\/fr\/wp-json\/wp\/v2\/posts"}],"about":[{"href":"https:\/\/www.europesays.com\/fr\/wp-json\/wp\/v2\/types\/post"}],"author":[{"embeddable":true,"href":"https:\/\/www.europesays.com\/fr\/wp-json\/wp\/v2\/users\/2"}],"replies":[{"embeddable":true,"href":"https:\/\/www.europesays.com\/fr\/wp-json\/wp\/v2\/comments?post=292984"}],"version-history":[{"count":0,"href":"https:\/\/www.europesays.com\/fr\/wp-json\/wp\/v2\/posts\/292984\/revisions"}],"wp:featuredmedia":[{"embeddable":true,"href":"https:\/\/www.europesays.com\/fr\/wp-json\/wp\/v2\/media\/292985"}],"wp:attachment":[{"href":"https:\/\/www.europesays.com\/fr\/wp-json\/wp\/v2\/media?parent=292984"}],"wp:term":[{"taxonomy":"category","embeddable":true,"href":"https:\/\/www.europesays.com\/fr\/wp-json\/wp\/v2\/categories?post=292984"},{"taxonomy":"post_tag","embeddable":true,"href":"https:\/\/www.europesays.com\/fr\/wp-json\/wp\/v2\/tags?post=292984"}],"curies":[{"name":"wp","href":"https:\/\/api.w.org\/{rel}","templated":true}]}}