{"id":292988,"date":"2025-08-03T06:36:10","date_gmt":"2025-08-03T06:36:10","guid":{"rendered":"https:\/\/www.europesays.com\/fr\/292988\/"},"modified":"2025-08-03T06:36:10","modified_gmt":"2025-08-03T06:36:10","slug":"michel-barnier-demande-a-rachida-dati-de-ne-pas-se-tromper-delection-liberation","status":"publish","type":"post","link":"https:\/\/www.europesays.com\/fr\/292988\/","title":{"rendered":"Michel Barnier demande \u00e0 Rachida Dati de \u00abne pas se tromper d\u2019\u00e9lection\u00bb \u2013 Lib\u00e9ration"},"content":{"rendered":"<p class=\"sc-ksZaOG ehjQrN text-element\">Les qualit\u00e9s de n\u00e9gociateurs de Michel Barnier vont-elles dissuader Rachida Dati de se pr\u00e9senter \u00e0 la l\u00e9gislative partielle de Paris ? C\u2019est ce qu\u2019esp\u00e8re l\u2019ancien Premier ministre, d\u00e9sign\u00e9 pour porter les couleurs de LR dans la deuxi\u00e8me circonscription de la capitale, et qui encourage dans <a href=\"https:\/\/www.latribune.fr\/la-tribune-dimanche\/dimanche-eco\/michel-barnier-ancien-premier-ministre-ursula-von-der-leyen-va-devoir-rendre-des-comptes-1030823.html\" target=\"_blank\" rel=\"noreferrer noopener\" title=\"https:\/\/www.latribune.fr\/la-tribune-dimanche\/dimanche-eco\/michel-barnier-ancien-premier-ministre-ursula-von-der-leyen-va-devoir-rendre-des-comptes-1030823.html\">la Tribune dimanche<\/a> la ministre de la Culture \u00e0 prendre du recul et lui laisser le champ libre. <\/p>\n<p class=\"sc-ksZaOG ehjQrN text-element\">Le Savoyard estime ainsi que celle qui a \u00e9t\u00e9 sa ministre a \u00abune ambition l\u00e9gitime\u00bb pour la mairie de Paris et ne doit \u00abpas se tromper\u00bb d\u2019\u00e9lection, alors que la conseill\u00e8re de Paris a annonc\u00e9 lundi <a href=\"https:\/\/www.liberation.fr\/politique\/elections\/rachida-dati-candidate-quoi-quil-arrive-a-la-legislative-partielle-a-paris-20250728_ZDS6ZGW5T5BKZJ622XCQN7JJAA\/\" target=\"_blank\" rel=\"noreferrer noopener\" title=\"https:\/\/www.liberation.fr\/politique\/elections\/rachida-dati-candidate-quoi-quil-arrive-a-la-legislative-partielle-a-paris-20250728_ZDS6ZGW5T5BKZJ622XCQN7JJAA\/\">qu\u2019elle serait candidate \u00abquoi qu\u2019il arrive\u00bb<\/a> dans le VIIe arrondissement, quitte \u00e0 entrer en dissidence.<\/p>\n<p class=\"sc-ksZaOG ehjQrN text-element\">\u00abJe veux que les Parisiens puissent voter pour plut\u00f4t que contre quelqu\u2019un, a assur\u00e9 l\u2019ex-locataire de Matignon, choisi au m\u00eame, moment par Les R\u00e9publicains. C\u2019est \u00e0 Rachida Dati, qui a une ambition l\u00e9gitime pour animer des listes d\u2019union \u00e0 Paris, de ne pas se tromper et de choisir le bon chemin.\u00bb<\/p>\n<p class=\"sc-ksZaOG ehjQrN text-element\">\u00abJe ne suis pas candidat \u00e0 autre chose qu\u2019\u00e0 la d\u00e9putation\u00bb, mart\u00e8le l\u2019\u00e9ph\u00e9m\u00e8re chef du gouvernement. \u00abRachida Dati le sait. Je le lui ai dit et je l\u2019ai m\u00eame \u00e9crit aux adh\u00e9rents Les R\u00e9publicains [\u2026] Il n\u2019y a aucune ambigu\u00eft\u00e9 l\u00e0-dessus\u00bb, ajoute-t-il, se disant pr\u00eat \u00e0 soutenir la ministre dans sa course pour l\u2019H\u00f4tel de Ville.<\/p>\n<p class=\"sc-ksZaOG ehjQrN text-element\">Des proches de la maire du VIIe arrondissement, renvoy\u00e9e le 22 juillet en proc\u00e8s pour corruption et trafic d\u2019influence, craignent que Michel Barnier ait lui aussi des ambitions pour la mairie de Paris si elle ne pouvait pas se pr\u00e9senter.<\/p>\n<p class=\"sc-ksZaOG ehjQrN text-element\">Les m\u00eames lui reprochent \u00e9galement son parachutage, lui qui \u00e9tait jusqu\u2019\u00e0 pr\u00e9sent \u00e9lu de Savoie. Ce contre quoi Michel Barnier s\u2019inscrit en faux : \u00abCela fait plus de vingt-cinq ans que j\u2019ai quitt\u00e9, volontairement, mes fonctions en Savoie\u00bb, \u00abje suis Parisien depuis plus de vingt ans. J\u2019habite depuis plus de douze ans dans cette circonscription.\u00bb<\/p>\n<p class=\"sc-ksZaOG ehjQrN text-element\">Ces rivalit\u00e9s risquent d\u2019entra\u00eener une nouvelle guerre fratricide dont Les R\u00e9publicains sont coutumiers, en particulier \u00e0 Paris, o\u00f9, de Jacques Chirac contre Michel d\u2019Ornanon, Jena Tib\u00e9ri contre Philippe Seguin, Rachida Dati contre Nathalie Kosciusko-Morizet, les querelles ont internes ont anim\u00e9 les campagnes \u00e9lectorales parisiennes. Pour tenter de l\u2019\u00e9viter, LR a dit samedi, par la voix de la pr\u00e9sidente de la f\u00e9d\u00e9ration de Paris Agn\u00e8s Evren, <a href=\"https:\/\/www.liberation.fr\/politique\/bataille-dati-barnier-pour-la-legislative-partielle-a-paris-chez-lr-on-croit-toujours-au-compromis-20250801_WV5BJ7CLC5APVJURHW42YOQW4E\/?redirected=1\" target=\"_blank\" rel=\"noreferrer noopener\" title=\"https:\/\/www.liberation.fr\/politique\/bataille-dati-barnier-pour-la-legislative-partielle-a-paris-chez-lr-on-croit-toujours-au-compromis-20250801_WV5BJ7CLC5APVJURHW42YOQW4E\/?redirected=1\">esp\u00e9rer trouver un accord<\/a> avec Rachida Dati \u00abd\u2019ici la rentr\u00e9e\u00bb.<\/p>\n","protected":false},"excerpt":{"rendered":"Les qualit\u00e9s de n\u00e9gociateurs de Michel Barnier vont-elles dissuader Rachida Dati de se pr\u00e9senter \u00e0 la l\u00e9gislative partielle&hellip;\n","protected":false},"author":2,"featured_media":292989,"comment_status":"","ping_status":"","sticky":false,"template":"","format":"standard","meta":{"footnotes":""},"categories":[1888],"tags":[11,1777,674,1011,27,27636,12,626,417,25],"class_list":{"0":"post-292988","1":"post","2":"type-post","3":"status-publish","4":"format-standard","5":"has-post-thumbnail","7":"category-paris","8":"tag-actualites","9":"tag-eu","10":"tag-europe","11":"tag-fr","12":"tag-france","13":"tag-michel-barnier","14":"tag-news","15":"tag-paris","16":"tag-rachida-dati","17":"tag-republique-francaise"},"share_on_mastodon":{"url":"https:\/\/pubeurope.com\/@fr\/114963453285152782","error":""},"_links":{"self":[{"href":"https:\/\/www.europesays.com\/fr\/wp-json\/wp\/v2\/posts\/292988","targetHints":{"allow":["GET"]}}],"collection":[{"href":"https:\/\/www.europesays.com\/fr\/wp-json\/wp\/v2\/posts"}],"about":[{"href":"https:\/\/www.europesays.com\/fr\/wp-json\/wp\/v2\/types\/post"}],"author":[{"embeddable":true,"href":"https:\/\/www.europesays.com\/fr\/wp-json\/wp\/v2\/users\/2"}],"replies":[{"embeddable":true,"href":"https:\/\/www.europesays.com\/fr\/wp-json\/wp\/v2\/comments?post=292988"}],"version-history":[{"count":0,"href":"https:\/\/www.europesays.com\/fr\/wp-json\/wp\/v2\/posts\/292988\/revisions"}],"wp:featuredmedia":[{"embeddable":true,"href":"https:\/\/www.europesays.com\/fr\/wp-json\/wp\/v2\/media\/292989"}],"wp:attachment":[{"href":"https:\/\/www.europesays.com\/fr\/wp-json\/wp\/v2\/media?parent=292988"}],"wp:term":[{"taxonomy":"category","embeddable":true,"href":"https:\/\/www.europesays.com\/fr\/wp-json\/wp\/v2\/categories?post=292988"},{"taxonomy":"post_tag","embeddable":true,"href":"https:\/\/www.europesays.com\/fr\/wp-json\/wp\/v2\/tags?post=292988"}],"curies":[{"name":"wp","href":"https:\/\/api.w.org\/{rel}","templated":true}]}}