{"id":292990,"date":"2025-08-03T06:37:22","date_gmt":"2025-08-03T06:37:22","guid":{"rendered":"https:\/\/www.europesays.com\/fr\/292990\/"},"modified":"2025-08-03T06:37:22","modified_gmt":"2025-08-03T06:37:22","slug":"le-puissant-seisme-en-russie-provoque-la-premiere-eruption-de-ce-volcan-en-450-ans","status":"publish","type":"post","link":"https:\/\/www.europesays.com\/fr\/292990\/","title":{"rendered":"Le puissant s\u00e9isme en Russie provoque la premi\u00e8re \u00e9ruption de ce volcan en 450\u00a0ans"},"content":{"rendered":"\n<p> La lecture de ce contenu est susceptible d\u2019entra\u00eener un d\u00e9p\u00f4t de cookies de la part de l\u2019op\u00e9rateur tiers qui l\u2019h\u00e9berge. Compte-tenu des choix que vous avez exprim\u00e9s en mati\u00e8re de d\u00e9p\u00f4t de cookies, nous avons bloqu\u00e9 l\u2019affichage de ce contenu. Si vous souhaitez y acc\u00e9der, vous devez accepter la cat\u00e9gorie de cookies \u201cContenus tiers\u201d en cliquant sur le bouton ci-dessous. <\/p>\n<p> Lire la Vid\u00e9o              <\/p>\n<p class=\"asset asset-text\">INTERNATIONAL &#8211; Les cons\u00e9quences du <a href=\"https:\/\/www.huffingtonpost.fr\/environnement\/article\/pourquoi-meme-un-tsunami-de-30-centimetres-peut-etre-tres-dangereux_253110.html\" target=\"_blank\" rel=\"noopener\">puissant s\u00e9isme en extr\u00eame orient<\/a> russe se poursuivent. Le volcan Kracheninnikov, situ\u00e9 sur la p\u00e9ninsule russe du Kamtchatka, est entr\u00e9 en \u00e9ruption pour la premi\u00e8re fois depuis plus de 450\u00a0ans, ont indiqu\u00e9 les autorit\u00e9s russes ce dimanche 3\u00a0ao\u00fbt.<\/p>\n<p class=\"asset asset-text\">Le volcan d\u2019une hauteur de plus de 1\u00a0800 m\u00e8tres d\u00e9gage une colonne de cendres atteignant 6\u00a0000 m\u00e8tres, a indiqu\u00e9 sur Telegram l\u2019antenne locale du minist\u00e8re russe des Situations d\u2019urgence.<\/p>\n<p class=\"asset asset-text\">\u00ab\u00a0Le panache s\u2019est propag\u00e9 en direction de l\u2019est en direction de l\u2019oc\u00e9an Pacifique\u00a0\u00bb, a pr\u00e9cis\u00e9 la m\u00eame source, pr\u00e9cisant qu\u2019aucune zone d\u2019habitation ni aucun groupe touristique ne se trouvait sur son chemin.<\/p>\n<p>    Territoire inhabit\u00e9 mais touristique    <\/p>\n<p class=\"asset asset-text\">La p\u00e9ninsule du Kamtchatka, qui compte une trentaine de volcans actifs, est l\u2019une des zones sismiques les plus actives de la plan\u00e8te, au point de rencontre entre les plaques tectoniques du Pacifique et nord-am\u00e9ricaine.<\/p>\n<p class=\"asset asset-text\">Ce territoire pratiquement inhabit\u00e9 accueille cependant des touristes venant explorer ses paysages montagneux spectaculaires et ses parcs naturels regorgeant d\u2019ours et saumons. Selon le programme mondial de volcanisme de la Smithsonian Institution, la derni\u00e8re \u00e9ruption recens\u00e9e du Kracheninnikov remonte \u00e0 1550.<\/p>\n<p>         <img decoding=\"async\" loading=\"lazy\" src=\"https:\/\/www.europesays.com\/fr\/wp-content\/uploads\/2025\/08\/c7e0bda_upload-1-pelegc4b8cfb-gvp-02387.jpg\"  width=\"728\" height=\"410\" alt=\"Photo d\u2019illustration du Kracheninnikov\"\/>  <\/p>\n<p>volcano.si.edu<\/p>\n<p>Photo d\u2019illustration du Kracheninnikov<\/p>\n<p>          <img decoding=\"async\" loading=\"lazy\" src=\"https:\/\/www.europesays.com\/fr\/wp-content\/uploads\/2025\/08\/eb0ca33_upload-1-oztuwskxuav8-capture-da-a-cran-2025-08-03-074545.png\"  width=\"728\" height=\"406\" alt=\"Localisation du Kracheninnikov\"\/>  <\/p>\n<p>Capture \u00e9cran Google Maps<\/p>\n<p>Localisation du Kracheninnikov<\/p>\n<p class=\"asset asset-text\">\u00ab\u00a0On observe actuellement une fissure sur le flanc et la formation d\u2019un d\u00f4me de lave, qui s\u2019accompagne d\u2019une puissante activit\u00e9 gazi\u00e8re\u00a0\u00bb, a indiqu\u00e9 Guirina, responsable de l\u2019\u00e9quipe de r\u00e9action aux \u00e9ruptions volcaniques du Kamtchatka (KVERT), \u00e0 l\u2019agence de presse russe Ria Novosti.<\/p>\n<p>    Encore des s\u00e9ismes trois jours apr\u00e8s    <\/p>\n<p class=\"asset asset-text\">Il s\u2019agit de la derni\u00e8re manifestation en date de l\u2019intense activit\u00e9 g\u00e9ologique dans cette r\u00e9gion depuis le s\u00e9isme de magnitude 8,8 survenu mercredi au large du Kamtchatka, qui a provoqu\u00e9 des alertes au tsunami dans tout le Pacifique.<\/p>\n<p class=\"asset asset-text\">Mercredi, le plus haut volcan de la p\u00e9ninsule, le Klioutchevsko\u00ef (4\u00a0750 m\u00e8tres) \u00e9tait entr\u00e9 en \u00e9ruption. La r\u00e9gion a encore enregistr\u00e9 samedi plus de 65 s\u00e9ismes dont 10 ont \u00e9t\u00e9 ressentis dans sa principale localit\u00e9, Petropavlosk-Kamtchatski, selon les services russes de g\u00e9ophysique.<\/p>\n","protected":false},"excerpt":{"rendered":"La lecture de ce contenu est susceptible d\u2019entra\u00eener un d\u00e9p\u00f4t de cookies de la part de l\u2019op\u00e9rateur tiers&hellip;\n","protected":false},"author":2,"featured_media":292991,"comment_status":"","ping_status":"","sticky":false,"template":"","format":"standard","meta":{"footnotes":""},"categories":[1591],"tags":[11,43290,1887,14,12,1885,1886,132,7965,20275],"class_list":{"0":"post-292990","1":"post","2":"type-post","3":"status-publish","4":"format-standard","5":"has-post-thumbnail","7":"category-russie","8":"tag-actualites","9":"tag-eruption-volcanique","10":"tag-federation-de-russie","11":"tag-international","12":"tag-news","13":"tag-russia","14":"tag-russian-federation","15":"tag-russie","16":"tag-seisme","17":"tag-volcan"},"share_on_mastodon":{"url":"https:\/\/pubeurope.com\/@fr\/114963457250681311","error":""},"_links":{"self":[{"href":"https:\/\/www.europesays.com\/fr\/wp-json\/wp\/v2\/posts\/292990","targetHints":{"allow":["GET"]}}],"collection":[{"href":"https:\/\/www.europesays.com\/fr\/wp-json\/wp\/v2\/posts"}],"about":[{"href":"https:\/\/www.europesays.com\/fr\/wp-json\/wp\/v2\/types\/post"}],"author":[{"embeddable":true,"href":"https:\/\/www.europesays.com\/fr\/wp-json\/wp\/v2\/users\/2"}],"replies":[{"embeddable":true,"href":"https:\/\/www.europesays.com\/fr\/wp-json\/wp\/v2\/comments?post=292990"}],"version-history":[{"count":0,"href":"https:\/\/www.europesays.com\/fr\/wp-json\/wp\/v2\/posts\/292990\/revisions"}],"wp:featuredmedia":[{"embeddable":true,"href":"https:\/\/www.europesays.com\/fr\/wp-json\/wp\/v2\/media\/292991"}],"wp:attachment":[{"href":"https:\/\/www.europesays.com\/fr\/wp-json\/wp\/v2\/media?parent=292990"}],"wp:term":[{"taxonomy":"category","embeddable":true,"href":"https:\/\/www.europesays.com\/fr\/wp-json\/wp\/v2\/categories?post=292990"},{"taxonomy":"post_tag","embeddable":true,"href":"https:\/\/www.europesays.com\/fr\/wp-json\/wp\/v2\/tags?post=292990"}],"curies":[{"name":"wp","href":"https:\/\/api.w.org\/{rel}","templated":true}]}}