{"id":292994,"date":"2025-08-03T06:39:11","date_gmt":"2025-08-03T06:39:11","guid":{"rendered":"https:\/\/www.europesays.com\/fr\/292994\/"},"modified":"2025-08-03T06:39:11","modified_gmt":"2025-08-03T06:39:11","slug":"etats-unis-une-nouvelle-procureure-venue-de-fox-news-une-enquete-contre-celui-qui-avait-poursuivi-trump","status":"publish","type":"post","link":"https:\/\/www.europesays.com\/fr\/292994\/","title":{"rendered":"\u00c9tats-Unis\u00a0: une nouvelle procureure venue de Fox News, une enqu\u00eate contre celui qui avait poursuivi Trump"},"content":{"rendered":"<p>Le S\u00e9nat am\u00e9ricain a confirm\u00e9 samedi la nomination de l\u2019ancienne juge et personnalit\u00e9 t\u00e9l\u00e9visuelle Jeanine Pirro au poste cl\u00e9 de procureure de Washington, faisant d\u2019elle le dernier pr\u00e9sentateur de Fox News en date nomm\u00e9 par Donald Trump \u00e0 de hautes fonctions.<\/p>\n<p>Mme\u00a0Pirro a \u00e9t\u00e9 nomm\u00e9e procureure du district de Columbia par 50 voix contre 45, apr\u00e8s une demande expresse de la part du pr\u00e9sident Donald Trump pour que le S\u00e9nat, domin\u00e9 par les R\u00e9publicains, travaille ce week-end pour approuver ses nominations.<\/p>\n<p>En mai, le pr\u00e9sident avait annonc\u00e9 la nomination de Mme\u00a0Pirro comme procureure des \u00c9tats-Unis int\u00e9rimaire dans le district de Columbia. L\u2019imp\u00e9tueuse ancienne procureure de Westchester, dans l\u2019Etat de New York, \u00e2g\u00e9e de 74 ans, a \u00e9t\u00e9 d\u00e9crite par le pr\u00e9sident Trump comme appartenant \u00e0 \u00ab\u00a0une classe \u00e0 part\u00a0\u00bb.<\/p>\n<p>Elle s\u2019est fait un nom en animant plusieurs \u00e9missions t\u00e9l\u00e9vis\u00e9es dont \u00ab\u00a0Justice with Judge Jeanine\u00a0\u00bb (justice avec juge Jeanine) diffus\u00e9 pendant 11 ans sur Fox News, la cha\u00eene pr\u00e9f\u00e9r\u00e9e des conservateurs.<\/p>\n<p>Avec son poste de procureure de la capitale, l\u2019un des plus importants du pays, Mme\u00a0Pirro rejoint ainsi les rangs d\u2019autres recrues pour de hautes fonctions au sein des cha\u00eenes d\u2019information en continu.<\/p>\n<p>Le secr\u00e9taire \u00e0 la D\u00e9fense <a href=\"https:\/\/www.rtbf.be\/article\/etats-unis-pete-hegseth-ancien-soldat-et-animateur-de-fox-news-confirme-de-justesse-comme-patron-du-pentagone-11494770\" rel=\"nofollow noopener\" target=\"_blank\">Pete Hegseth<\/a> a coanim\u00e9 l\u2019\u00e9mission \u00ab\u00a0Fox &amp; Friends Weekend\u00a0\u00bb et le secr\u00e9taire aux Transports Sean Duffy, a \u00e9t\u00e9 candidat d\u2019\u00e9missions de t\u00e9l\u00e9-r\u00e9alit\u00e9 et copr\u00e9sentateur sur Fox Business.<\/p>\n<p>Dick Durbin, le principal \u00e9lu d\u00e9mocrate si\u00e9geant \u00e0 la Commission judiciaire du S\u00e9nat, a d\u00e9clar\u00e9 que Mme\u00a0Pirro \u00ab\u00a0ne devrait jamais \u00eatre une procureure am\u00e9ricaine permanente\u00a0\u00bb. Durbin a fait \u00e9tat de la promotion par Mme\u00a0Pirro de th\u00e9ories du complot concernant l\u2019\u00e9lection de\u00a02020, que Trump a perdue face \u00e0 Joe Biden.<\/p>\n","protected":false},"excerpt":{"rendered":"Le S\u00e9nat am\u00e9ricain a confirm\u00e9 samedi la nomination de l\u2019ancienne juge et personnalit\u00e9 t\u00e9l\u00e9visuelle Jeanine Pirro au poste&hellip;\n","protected":false},"author":2,"featured_media":292995,"comment_status":"","ping_status":"","sticky":false,"template":"","format":"standard","meta":{"footnotes":""},"categories":[1589],"tags":[11,73,1866,12,1864,1865,1863,308],"class_list":{"0":"post-292994","1":"post","2":"type-post","3":"status-publish","4":"format-standard","5":"has-post-thumbnail","7":"category-etats-unis","8":"tag-actualites","9":"tag-etats-unis","10":"tag-etats-unis-damerique","11":"tag-news","12":"tag-united-states","13":"tag-united-states-of-america","14":"tag-us","15":"tag-usa"},"share_on_mastodon":{"url":"https:\/\/pubeurope.com\/@fr\/114963465094814925","error":""},"_links":{"self":[{"href":"https:\/\/www.europesays.com\/fr\/wp-json\/wp\/v2\/posts\/292994","targetHints":{"allow":["GET"]}}],"collection":[{"href":"https:\/\/www.europesays.com\/fr\/wp-json\/wp\/v2\/posts"}],"about":[{"href":"https:\/\/www.europesays.com\/fr\/wp-json\/wp\/v2\/types\/post"}],"author":[{"embeddable":true,"href":"https:\/\/www.europesays.com\/fr\/wp-json\/wp\/v2\/users\/2"}],"replies":[{"embeddable":true,"href":"https:\/\/www.europesays.com\/fr\/wp-json\/wp\/v2\/comments?post=292994"}],"version-history":[{"count":0,"href":"https:\/\/www.europesays.com\/fr\/wp-json\/wp\/v2\/posts\/292994\/revisions"}],"wp:featuredmedia":[{"embeddable":true,"href":"https:\/\/www.europesays.com\/fr\/wp-json\/wp\/v2\/media\/292995"}],"wp:attachment":[{"href":"https:\/\/www.europesays.com\/fr\/wp-json\/wp\/v2\/media?parent=292994"}],"wp:term":[{"taxonomy":"category","embeddable":true,"href":"https:\/\/www.europesays.com\/fr\/wp-json\/wp\/v2\/categories?post=292994"},{"taxonomy":"post_tag","embeddable":true,"href":"https:\/\/www.europesays.com\/fr\/wp-json\/wp\/v2\/tags?post=292994"}],"curies":[{"name":"wp","href":"https:\/\/api.w.org\/{rel}","templated":true}]}}