{"id":292996,"date":"2025-08-03T06:40:12","date_gmt":"2025-08-03T06:40:12","guid":{"rendered":"https:\/\/www.europesays.com\/fr\/292996\/"},"modified":"2025-08-03T06:40:12","modified_gmt":"2025-08-03T06:40:12","slug":"deux-demandeurs-dasile-afghans-inculpes-la-police-accusee-de-dissimulation","status":"publish","type":"post","link":"https:\/\/www.europesays.com\/fr\/292996\/","title":{"rendered":"deux demandeurs d\u2019asile afghans inculp\u00e9s, la police accus\u00e9e de dissimulation"},"content":{"rendered":"<p>Un nouveau drame secoue le Royaume-Uni. Deux hommes afghans, demandeurs d\u2019asile log\u00e9s aux frais du contribuable, <a href=\"https:\/\/www.dailymail.co.uk\/news\/article-14965559\/Afghan-asylum-seekers-charged-alleged-rape-girl-Warwickshire-town.html?ns_mchannel=rss&amp;ns_campaign=1490&amp;ito=social-twitter_mailonline\" rel=\"nofollow noopener\" target=\"_blank\">ont \u00e9t\u00e9 inculp\u00e9s pour le viol pr\u00e9sum\u00e9 d\u2019une enfant de 12 ans dans la ville de Nuneaton<\/a>, dans les Midlands. Si l\u2019affaire est en soi d\u2019une extr\u00eame gravit\u00e9, c\u2019est la\u00a0<strong>volont\u00e9 d\u00e9lib\u00e9r\u00e9e des autorit\u00e9s de taire l\u2019identit\u00e9 des suspects <\/strong>qui soul\u00e8ve aujourd\u2019hui une\u00a0<strong>vague d\u2019indignation<\/strong>\u00a0dans tout le pays.<\/p>\n<p>Le 22 juillet dernier, entre 20h30 et 21h45, Ahmad Mulakhil, 23 ans, un migrant arriv\u00e9 ill\u00e9galement au Royaume-Uni par bateau, aurait viol\u00e9 une fillette dans une rue tranquille de la ville. Les images de vid\u00e9osurveillance d\u2019un riverain montrent l\u2019homme marchant avec la victime, quelques minutes avant l\u2019agression. Il a \u00e9t\u00e9 inculp\u00e9 de deux chefs de viol vaginal et oral. Il est actuellement en d\u00e9tention provisoire.<\/p>\n<p>Un second Afghan, Mohammad Kabir, \u00e9galement \u00e2g\u00e9 de 23 ans, a \u00e9t\u00e9 inculp\u00e9 pour\u00a0<strong>complicit\u00e9 de viol<\/strong>, mais aussi pour\u00a0<strong>enl\u00e8vement et tentative de strangulation<\/strong>. Il a \u00e9t\u00e9 arr\u00eat\u00e9 quatre jours plus tard. Les deux hommes devaient compara\u00eetre devant le tribunal de Warwick le 26 ao\u00fbt.<\/p>\n<p>Log\u00e9s, nourris, prot\u00e9g\u00e9s<\/p>\n<p>Les deux individus \u00e9taient h\u00e9berg\u00e9s dans des\u00a0<strong>maisons de colocation g\u00e9r\u00e9es par Serco<\/strong>, une soci\u00e9t\u00e9 sous contrat de 1,9 milliard de livres avec le Home Office pour loger les demandeurs d\u2019asile. Chaque logement abritait cinq migrants b\u00e9n\u00e9ficiant d\u2019un h\u00e9bergement gratuit, des factures prises en charge, et d\u2019une allocation hebdomadaire d\u2019environ 50 livres.<\/p>\n<p>Les voisins, tout comme les propri\u00e9taires des logements, ont affirm\u00e9 ne pas avoir \u00e9t\u00e9 inform\u00e9s de l\u2019identit\u00e9 des r\u00e9sidents, Serco ayant la gestion exclusive des lieux. L\u2019une des propri\u00e9taires, interrog\u00e9e par la presse britannique, a d\u00e9clar\u00e9 \u00eatre \u201cmalade d\u2019avoir d\u00e9couvert cela apr\u00e8s coup\u201d.<\/p>\n<p>Le silence comme consigne<\/p>\n<p>Mais ce qui choque encore davantage, c\u2019est\u00a0<strong>la volont\u00e9 manifeste des autorit\u00e9s de camoufler la v\u00e9rit\u00e9<\/strong>. Selon le\u00a0Mail on Sunday,\u00a0<strong>la police du Warwickshire aurait express\u00e9ment demand\u00e9 aux \u00e9lus locaux de ne pas r\u00e9v\u00e9ler que les suspects \u00e9taient des demandeurs d\u2019asile<\/strong>, invoquant le risque de tensions communautaires, comme cela avait \u00e9t\u00e9 le cas \u00e0 Epping, en juillet, o\u00f9 des manifestations avaient \u00e9clat\u00e9 devant un h\u00f4tel h\u00e9bergeant un migrant inculp\u00e9 pour agressions sexuelles sur mineure.<\/p>\n<p>Un habitant d\u00e9nonce une \u201ccensure institutionnelle\u201d : \u00ab La police fait du porte-\u00e0-porte, annonce qu\u2019il y a eu un viol, mais refuse de dire que les deux hommes inculp\u00e9s sont des Afghans log\u00e9s ici par l\u2019\u00c9tat. \u00bb<\/p>\n<p>M\u00eame certains \u00e9lus, dont ceux du parti\u00a0Reform, qui dirige le conseil du Warwickshire, disent avoir \u00e9t\u00e9 tenus \u00e0 l\u2019\u00e9cart. Nigel Farage, leur chef de file, a d\u00e9nonc\u00e9 une \u201ctrahison du peuple britannique par la police et les \u00e9lus\u201d.<\/p>\n<p>Face \u00e0 la pol\u00e9mique, la police se retranche derri\u00e8re des \u201cdirectives nationales\u201d qui, selon elle, ne l\u2019autorisent pas \u00e0 divulguer l\u2019origine ethnique ou le statut migratoire des suspects. Une ligne de d\u00e9fense jug\u00e9e hypocrite par de nombreux citoyens, qui y voient\u00a0<strong>une volont\u00e9 d\u00e9lib\u00e9r\u00e9e d\u2019\u00e9teindre toute critique du syst\u00e8me d\u2019asile<\/strong>, quel qu\u2019en soit le co\u00fbt humain.<\/p>\n<p>Une affaire de plus dans un silence devenu structurel<\/p>\n<p>Ce drame s\u2019ajoute \u00e0 une\u00a0<strong>liste croissante de crimes sexuels<\/strong>\u00a0imput\u00e9s ces derniers mois \u00e0 des migrants log\u00e9s par l\u2019\u00c9tat britannique. \u00c0 chaque fois, les autorit\u00e9s invoquent la prudence, la retenue, la paix sociale. Mais pour une partie croissante de la population, ce silence\u00a0<strong>s\u2019apparente \u00e0 une complicit\u00e9 par omission<\/strong>.<\/p>\n<p>Dans une Grande-Bretagne fractur\u00e9e, o\u00f9 des milliers de Britanniques dorment dans la rue tandis que d\u2019autres sont log\u00e9s d\u2019office dans des h\u00f4tels ou des maisons meubl\u00e9es,\u00a0<strong>la col\u00e8re monte<\/strong>. L\u2019affaire de Nuneaton pourrait bien devenir un\u00a0<strong>tournant symbolique<\/strong> : celui d\u2019un peuple qui d\u00e9couvre que ses dirigeants pr\u00e9f\u00e8rent le mensonge \u201cpr\u00e9ventif\u201d \u00e0 la v\u00e9rit\u00e9 d\u00e9rangeante. Un jour viendra o\u00f9 les dirigeants politiques qui ont conduit \u00e0 cette situation dramatique en Europe de l\u2019Ouest devront rendre des comptes, s\u00e9rieux, \u00e0 leurs administr\u00e9s.<\/p>\n<p>Cr\u00e9dit photo : DR (photo d\u2019illustration)<br \/>[cc] Breizh-info.com, 2025, d\u00e9p\u00eaches libres de copie et de diffusion sous r\u00e9serve de mention et de lien vers la source d\u2019origine<\/p>\n","protected":false},"excerpt":{"rendered":"Un nouveau drame secoue le Royaume-Uni. Deux hommes afghans, demandeurs d\u2019asile log\u00e9s aux frais du contribuable, ont \u00e9t\u00e9&hellip;\n","protected":false},"author":2,"featured_media":6873,"comment_status":"","ping_status":"","sticky":false,"template":"","format":"standard","meta":{"footnotes":""},"categories":[1588],"tags":[11,1777,674,12,473,1853,1851,1850,1852],"class_list":{"0":"post-292996","1":"post","2":"type-post","3":"status-publish","4":"format-standard","5":"has-post-thumbnail","7":"category-royaume-uni","8":"tag-actualites","9":"tag-eu","10":"tag-europe","11":"tag-news","12":"tag-royaume-uni","13":"tag-royaume-uni-de-grande-bretagne-et-dirlande-du-nord","14":"tag-uk","15":"tag-united-kingdom","16":"tag-united-kingdom-of-great-britain-and-northern-ireland"},"share_on_mastodon":{"url":"https:\/\/pubeurope.com\/@fr\/114963468984917351","error":""},"_links":{"self":[{"href":"https:\/\/www.europesays.com\/fr\/wp-json\/wp\/v2\/posts\/292996","targetHints":{"allow":["GET"]}}],"collection":[{"href":"https:\/\/www.europesays.com\/fr\/wp-json\/wp\/v2\/posts"}],"about":[{"href":"https:\/\/www.europesays.com\/fr\/wp-json\/wp\/v2\/types\/post"}],"author":[{"embeddable":true,"href":"https:\/\/www.europesays.com\/fr\/wp-json\/wp\/v2\/users\/2"}],"replies":[{"embeddable":true,"href":"https:\/\/www.europesays.com\/fr\/wp-json\/wp\/v2\/comments?post=292996"}],"version-history":[{"count":0,"href":"https:\/\/www.europesays.com\/fr\/wp-json\/wp\/v2\/posts\/292996\/revisions"}],"wp:featuredmedia":[{"embeddable":true,"href":"https:\/\/www.europesays.com\/fr\/wp-json\/wp\/v2\/media\/6873"}],"wp:attachment":[{"href":"https:\/\/www.europesays.com\/fr\/wp-json\/wp\/v2\/media?parent=292996"}],"wp:term":[{"taxonomy":"category","embeddable":true,"href":"https:\/\/www.europesays.com\/fr\/wp-json\/wp\/v2\/categories?post=292996"},{"taxonomy":"post_tag","embeddable":true,"href":"https:\/\/www.europesays.com\/fr\/wp-json\/wp\/v2\/tags?post=292996"}],"curies":[{"name":"wp","href":"https:\/\/api.w.org\/{rel}","templated":true}]}}