{"id":293001,"date":"2025-08-03T06:43:09","date_gmt":"2025-08-03T06:43:09","guid":{"rendered":"https:\/\/www.europesays.com\/fr\/293001\/"},"modified":"2025-08-03T06:43:09","modified_gmt":"2025-08-03T06:43:09","slug":"ancien-hooligan-critique-de-lue-oppose-a-la-russie-qui-est-le-nouveau-president-polonais-karol-nawrocki","status":"publish","type":"post","link":"https:\/\/www.europesays.com\/fr\/293001\/","title":{"rendered":"Ancien hooligan, critique de l&rsquo;UE, oppos\u00e9 \u00e0 la Russie&#8230; qui est le nouveau pr\u00e9sident polonais, Karol Nawrocki ?"},"content":{"rendered":"<p>\u00ab La Pologne d&rsquo;abord, les Polonais d&rsquo;abord. \u00bb Sa devise rappelle celle de <a href=\"https:\/\/www.latribune.fr\/technos-medias\/informatique\/donald-trump-deregule-et-entame-sa-purge-contre-les-ia-woke-1030270.html\" target=\"_blank\" rel=\"noopener\">Donald Trump<\/a>, \u00ab America first \u00bb. Pas un hasard pour ce trumpiste convaincu. Tout au long de la campagne pr\u00e9sidentielle, Karol Nawrocki a d\u00e9fendu corps et \u00e2me son slogan, jusqu&rsquo;\u00e0 sa victoire sur le fil le 1er juin au second tour de l&rsquo;\u00e9lection.<\/p>\n<p>Le nationaliste a alors devanc\u00e9 de justesse \u2014 50,9 % contre 49,1 % \u2014 le proeurop\u00e9en et maire de Varsovie Rafa\u0142 Trzaskowski, stoppant ainsi l&rsquo;\u00e9lan d&rsquo;europ\u00e9anisation de la <a href=\"https:\/\/www.latribune.fr\/la-tribune-dimanche\/dans-le-monde\/voyage-dans-la-pologne-des-oublies-1025810.html\" target=\"_blank\" rel=\"noopener\">Pologne<\/a>. Inconnu du grand public il y a encore un\u202fan, le futur septi\u00e8me pr\u00e9sident de la IIIe R\u00e9publique polonaise\u202f(1989) prendra ses fonctions le mercredi 6 ao\u00fbt.<\/p>\n<p>Historien de formation, il a rencontr\u00e9 mardi 29 juillet son pr\u00e9d\u00e9cesseur, Andrzej Duda, pr\u00e9sident depuis 2015. Poign\u00e9e de main chaleureuse, f\u00e9licitations mutuelles. Tous deux ont \u00e9t\u00e9 choisis et soutenus par Jaroslaw Kaczynski, pr\u00e9sident historique du parti Droit et Justice\u202f(PiS). Pour un troisi\u00e8me mandat de suite, c&rsquo;est donc un conservateur qui s&rsquo;installera au palais pr\u00e9sidentiel de Varsovie. Derri\u00e8re un sourire ang\u00e9lique se cache le visage d&rsquo;un homme brutal au sombre pass\u00e9, dont les discours anti-ukrainiens et anti-avortement ont \u00e9maill\u00e9 la campagne.<\/p>\n","protected":false},"excerpt":{"rendered":"\u00ab La Pologne d&rsquo;abord, les Polonais d&rsquo;abord. \u00bb Sa devise rappelle celle de Donald Trump, \u00ab America first&hellip;\n","protected":false},"author":2,"featured_media":293002,"comment_status":"","ping_status":"","sticky":false,"template":"","format":"standard","meta":{"footnotes":""},"categories":[1586],"tags":[17,11,4255,7257,1777,674,1779,1011,27,43291,1861,3102,12,43292,3583,25,132,1778,364],"class_list":{"0":"post-293001","1":"post","2":"type-post","3":"status-publish","4":"format-standard","5":"has-post-thumbnail","7":"category-europe","8":"tag-17","9":"tag-actualites","10":"tag-ancien","11":"tag-critique","12":"tag-eu","13":"tag-europe","14":"tag-european-union","15":"tag-fr","16":"tag-france","17":"tag-hooligan","18":"tag-lue","19":"tag-la-tribune-dimanche","20":"tag-news","21":"tag-oppose","22":"tag-qui","23":"tag-republique-francaise","24":"tag-russie","25":"tag-ue","26":"tag-union-europeenne"},"share_on_mastodon":{"url":"https:\/\/pubeurope.com\/@fr\/114963480860666053","error":""},"_links":{"self":[{"href":"https:\/\/www.europesays.com\/fr\/wp-json\/wp\/v2\/posts\/293001","targetHints":{"allow":["GET"]}}],"collection":[{"href":"https:\/\/www.europesays.com\/fr\/wp-json\/wp\/v2\/posts"}],"about":[{"href":"https:\/\/www.europesays.com\/fr\/wp-json\/wp\/v2\/types\/post"}],"author":[{"embeddable":true,"href":"https:\/\/www.europesays.com\/fr\/wp-json\/wp\/v2\/users\/2"}],"replies":[{"embeddable":true,"href":"https:\/\/www.europesays.com\/fr\/wp-json\/wp\/v2\/comments?post=293001"}],"version-history":[{"count":0,"href":"https:\/\/www.europesays.com\/fr\/wp-json\/wp\/v2\/posts\/293001\/revisions"}],"wp:featuredmedia":[{"embeddable":true,"href":"https:\/\/www.europesays.com\/fr\/wp-json\/wp\/v2\/media\/293002"}],"wp:attachment":[{"href":"https:\/\/www.europesays.com\/fr\/wp-json\/wp\/v2\/media?parent=293001"}],"wp:term":[{"taxonomy":"category","embeddable":true,"href":"https:\/\/www.europesays.com\/fr\/wp-json\/wp\/v2\/categories?post=293001"},{"taxonomy":"post_tag","embeddable":true,"href":"https:\/\/www.europesays.com\/fr\/wp-json\/wp\/v2\/tags?post=293001"}],"curies":[{"name":"wp","href":"https:\/\/api.w.org\/{rel}","templated":true}]}}