{"id":293009,"date":"2025-08-03T06:52:23","date_gmt":"2025-08-03T06:52:23","guid":{"rendered":"https:\/\/www.europesays.com\/fr\/293009\/"},"modified":"2025-08-03T06:52:23","modified_gmt":"2025-08-03T06:52:23","slug":"fabio-quartararo-decroche-sa-3e-pole-position-consecutive","status":"publish","type":"post","link":"https:\/\/www.europesays.com\/fr\/293009\/","title":{"rendered":"Fabio Quartararo d\u00e9croche sa 3e pole position cons\u00e9cutive"},"content":{"rendered":"<p>Le Fran\u00e7ais Fabio Quartararo a d\u00e9croch\u00e9 samedi sa troisi\u00e8me pole position cons\u00e9cutive en MotoGP de la saison lors des qualifications du Grand Prix de Grande-Bretagne, 7e manche du championnat du monde de vitesse moto.<\/p>\n<p>Sur le trac\u00e9 de Silverstone, le pilote Yamaha, qui a r\u00e9cup\u00e9r\u00e9 au passage le record du tour du circuit, s\u2019\u00e9lancera devant l\u2019Espagnol Alex Marquez (Ducati-Gresini), deuxi\u00e8me.<\/p>\n<p>Le double champion du monde italien Francesco Bagnaia (Ducati) compl\u00e8tera la premi\u00e8re ligne sur la grille de d\u00e9part de la course sprint programm\u00e9e \u00e0 16h00 locales samedi (17h00, heure de Paris), et du Grand Prix programm\u00e9 dimanche (13h00 locales).<\/p>\n<p>\u00ab\u00a0Je suis tr\u00e8s satisfait\u00a0\u00bb, a r\u00e9agi Quartararo, interrog\u00e9 par Canal+. \u00ab\u00a0On est encore tr\u00e8s loin des Ducati (en termes de performance, NDLR) mais petit \u00e0 petit, on s\u2019en rapproche\u00a0\u00bb, a-t-il encore dit.<\/p>\n<p>Et de poursuivre: \u00eatre performant \u00ab\u00a0sur un tour, c\u2019est une chose, \u00eatre consistant sur 10 ou 20 tours, c\u2019en est une autre (&#8230;) faire un podium en sprint, je signe tout de suite\u00a0\u00bb. Le Ni\u00e7ois, champion du monde 2021, n\u2019a remport\u00e9 aucune course cette ann\u00e9e en d\u00e9pit de ses trois poles.<\/p>\n<p>Marc Marquez (Ducati), actuel leader du championnat, partira 4e. Sur le l\u00e9gendaire trac\u00e9 anglais, l\u2019Espagnol a sign\u00e9 sa moins bonne performance en qualifications depuis le d\u00e9but de la saison. <\/p>\n<p>Vainqueur surprise du GP de France d\u00e9but mai, l\u2019autre Fran\u00e7ais de la grille Johann Zarco (Honda-LCR) s\u2019\u00e9lancera 9e. Le Cannois de 34 ans a chut\u00e9 dans les derniers instants des qualifications, an\u00e9antissant ses chances de signer la pole position.<\/p>\n<p>Au championnat pilotes, Marc Marquez, vainqueur de trois des six Grand Prix disput\u00e9s depuis le d\u00e9but de la saison, dispose d\u2019une avance de 22 points sur son fr\u00e8re cadet Alex et de 51 points sur son co\u00e9quipier chez Ducati Francesco Bagnaia.<\/p>\n","protected":false},"excerpt":{"rendered":"Le Fran\u00e7ais Fabio Quartararo a d\u00e9croch\u00e9 samedi sa troisi\u00e8me pole position cons\u00e9cutive en MotoGP de la saison lors&hellip;\n","protected":false},"author":2,"featured_media":293010,"comment_status":"","ping_status":"","sticky":false,"template":"","format":"standard","meta":{"footnotes":""},"categories":[1413],"tags":[1011,27,1457,1456,60],"class_list":{"0":"post-293009","1":"post","2":"type-post","3":"status-publish","4":"format-standard","5":"has-post-thumbnail","7":"category-moto","8":"tag-fr","9":"tag-france","10":"tag-moto","11":"tag-motocycle","12":"tag-sports"},"share_on_mastodon":{"url":"https:\/\/pubeurope.com\/@fr\/114963516194960869","error":""},"_links":{"self":[{"href":"https:\/\/www.europesays.com\/fr\/wp-json\/wp\/v2\/posts\/293009","targetHints":{"allow":["GET"]}}],"collection":[{"href":"https:\/\/www.europesays.com\/fr\/wp-json\/wp\/v2\/posts"}],"about":[{"href":"https:\/\/www.europesays.com\/fr\/wp-json\/wp\/v2\/types\/post"}],"author":[{"embeddable":true,"href":"https:\/\/www.europesays.com\/fr\/wp-json\/wp\/v2\/users\/2"}],"replies":[{"embeddable":true,"href":"https:\/\/www.europesays.com\/fr\/wp-json\/wp\/v2\/comments?post=293009"}],"version-history":[{"count":0,"href":"https:\/\/www.europesays.com\/fr\/wp-json\/wp\/v2\/posts\/293009\/revisions"}],"wp:featuredmedia":[{"embeddable":true,"href":"https:\/\/www.europesays.com\/fr\/wp-json\/wp\/v2\/media\/293010"}],"wp:attachment":[{"href":"https:\/\/www.europesays.com\/fr\/wp-json\/wp\/v2\/media?parent=293009"}],"wp:term":[{"taxonomy":"category","embeddable":true,"href":"https:\/\/www.europesays.com\/fr\/wp-json\/wp\/v2\/categories?post=293009"},{"taxonomy":"post_tag","embeddable":true,"href":"https:\/\/www.europesays.com\/fr\/wp-json\/wp\/v2\/tags?post=293009"}],"curies":[{"name":"wp","href":"https:\/\/api.w.org\/{rel}","templated":true}]}}