{"id":293023,"date":"2025-08-03T06:59:21","date_gmt":"2025-08-03T06:59:21","guid":{"rendered":"https:\/\/www.europesays.com\/fr\/293023\/"},"modified":"2025-08-03T06:59:21","modified_gmt":"2025-08-03T06:59:21","slug":"ca-me-fait-rire-elimine-du-jeu-aimed-balaie-la-rumeur-de-ses-liens-supposes-avec-la-production-de-secret-story","status":"publish","type":"post","link":"https:\/\/www.europesays.com\/fr\/293023\/","title":{"rendered":"\u00c7a me fait rire\u00a0\u00bb : \u00c9limin\u00e9 du jeu, A\u00efmed balaie la rumeur de ses liens suppos\u00e9s avec la production de \u00ab\u00a0Secret Story"},"content":{"rendered":"<p>            <img loading=\"lazy\" decoding=\"async\" src=\"https:\/\/www.europesays.com\/fr\/wp-content\/uploads\/2025\/04\/87-65fc4537aa4a1-35x35-1.jpg\" class=\"author-article-picture\" width=\"35\" height=\"35\"\/><\/p>\n<p>                Par<br \/>\n                                    <a class=\"author-article-bio-link\" href=\"https:\/\/www.ozap.com\/auteur\/olivier-cortinovis_a87\" rel=\"nofollow noopener\" target=\"_blank\">Olivier Cortinovis<\/a><br \/>\n                                                    | Journaliste<\/p>\n<p>\n                Sportif frustr\u00e9 (les ligaments crois\u00e9s tu connais\u2026) qui a choisi le journalisme pour tacler ceux qui ont r\u00e9ussi. Mon volume de jeu me permet aujourd\u2019hui de couvrir toujours autant de terrain, des grands shows de la TNT (Koh-Lanta, Star Academy, P\u00e9kin Express) aux s\u00e9ries les plus confidentielles sur Netflix. Avec un seul credo dans la musette : celui de raconter des histoires avec de l\u2019humain et un peu d\u2019humour dedans\n            <\/p>\n<p>\n    Le jeune homme de 25 ans n&rsquo;a jamais cach\u00e9 sa passion pour l&rsquo;\u00e9mission du groupe TF1 tout au long des sept semaines d&rsquo;aventure.\n<\/p>\n<p>                            <img loading=\"lazy\" decoding=\"async\" class=\"player-thumbnail\" src=\"https:\/\/www.europesays.com\/fr\/wp-content\/uploads\/2025\/08\/9d92f012246a1591-580x326-1.jpg\" width=\"580\" height=\"326\"\/><\/p>\n<p>                    Le g\u00e9n\u00e9rique de \u00ab\u00a0Secret Story\u00a0\u00bb 2025. \u00a9 TF1<\/p>\n<p>La suite apr\u00e8s la publicit\u00e9<\/p>\n<p>A\u00efmed a r\u00e9alis\u00e9 son r\u00eave : int\u00e9grer la maison des secrets qui lui a procur\u00e9 tant d&rsquo;\u00e9motions lorsqu&rsquo;il n&rsquo;\u00e9tait qu&rsquo;un simple spectateur. Ses espoirs de rallier la grande finale, pour laquelle <a href=\"https:\/\/www.ozap.com\/actu\/secret-story-2025-qui-sont-les-4-finalistes-de-la-saison-13\/651031\" rel=\"nofollow noopener\" target=\"_blank\">Ethan, Romy, Anita et Noah ont valid\u00e9 leur billet<\/a>, ont n\u00e9anmoins \u00e9t\u00e9 douch\u00e9s \u00e0 l&rsquo;issue du prime du 31 juillet. \u00ab\u00a0Je suis tr\u00e8s fier\u00a0\u00bb, a d\u00e9clar\u00e9 le Francilien de 25 ans, apr\u00e8s avoir saut\u00e9, extatique, dans les bras de<a href=\"https:\/\/www.ozap.com\/personnalite\/christophe-beaugrand_e264366\" rel=\"nofollow noopener\" target=\"_blank\"> Christophe Beaugrand<\/a> sur le plateau, sit\u00f4t son \u00e9limination ent\u00e9rin\u00e9e. Pendant ces sept semaines d&rsquo;aventure, le fan de la premi\u00e8re heure du programme de t\u00e9l\u00e9-r\u00e9alit\u00e9 s&rsquo;est d\u00e9marqu\u00e9 par son sens aigu du jeu, pr\u00e9valant parfois sur l&rsquo;humain. Ce qui lui a peut-\u00eatre cout\u00e9 sa place pour l&rsquo;ultime \u00e9tape mais aussi valu des critiques appuy\u00e9es de la part des t\u00e9l\u00e9spectateurs.<\/p>\n<p>\u00ab\u00a0J&rsquo;aimerais beaucoup travailler pour Secret Story\u00a0\u00bb<\/p>\n<p>Le \u00ab\u00a0gardien de la transparence\u00a0\u00bb, <a href=\"https:\/\/www.ozap.com\/actu\/secret-story-2025-la-liste-de-tous-les-secrets-de-la-saison-13-et-nos-pronostics\/650314\" rel=\"nofollow noopener\" target=\"_blank\">un secret qu&rsquo;il partageait avec C\u00e9lia et qui a \u00e9t\u00e9 d\u00e9couvert par Anita<\/a>, assume avoir \u00ab\u00a0ador\u00e9 mentir\u00a0\u00bb pour tromper ses colocataires et \u00eatre acteur de son exp\u00e9rience. Mais sur les r\u00e9seaux sociaux, des internautes ont jug\u00e9 qu&rsquo;il a \u00e9t\u00e9 favoris\u00e9 par la production du fait de son accointance avec les codes de \u00ab\u00a0Secret Story\u00a0\u00bb. Une rumeur qu&rsquo;a d\u00e9mentie l&rsquo;int\u00e9ress\u00e9 dans plusieurs m\u00e9dias, dont \u00ab\u00a0TV Mag\u00a0\u00bb. \u00ab\u00a0C\u2019est fou, \u00e7a m\u2019a beaucoup amus\u00e9, \u00e7a me fait rire, parce que j\u2019aurais bien voulu, mais quand on regarde mon jeu, il est plus cocasse qu\u2019autre chose\u00a0\u00bb, a-t-il argu\u00e9, rappelant les soubresauts de son parcours. \u00ab\u00a0J\u2019ai perdu ma cagnotte, j\u2019ai perdu mon secret, j\u2019ai fait des choix qui n\u2019\u00e9taient pas les bons\u00a0\u00bb, a ainsi \u00e9num\u00e9r\u00e9 le trublion, estimant avoir \u00e9t\u00e9 \u00ab\u00a0un tr\u00e8s bon joueur\u00a0\u00bb pour donner naissance \u00e0 cette hypoth\u00e8se.\u00a0<\/p>\n<p>Cela dit, A\u00efmed n&rsquo;\u00e9carterait pas la proposition de rejoindre les \u00e9quipes d&rsquo;Endemol si une telle offre venait jusqu&rsquo;\u00e0 lui. \u00ab\u00a0Je ne travaille pas avec la production de Secret Story, m\u00eame si, un jour, j&rsquo;aimerais beaucoup que ce soit le cas !\u00a0\u00bb, a-t-il r\u00e9v\u00e9l\u00e9 \u00e0 nos confr\u00e8res de \u00ab\u00a0T\u00e9l\u00e9-Loisirs\u00a0\u00bb. Quant aux <a href=\"https:\/\/www.ozap.com\/actu\/jai-envie-de-mourir-candidate-de-secret-story-accusee-de-racisme-marianne-denonce-le-cyberharcelement-dont-elle-est-victime-et-met-en-cause-la-production\/650779\" rel=\"nofollow noopener\" target=\"_blank\">affaires de cyber-harc\u00e8lement qui ont pollu\u00e9 cette saison 13<\/a>, il botte en touche. \u00ab\u00a0Au sein de la maison des secrets, c\u2019\u00e9tait tr\u00e8s bienveillant. On \u00e9tait tous tr\u00e8s contents de participer et de vivre les uns avec les autres. Mais je viens de quitter l\u2019\u00e9mission, donc je ne sais pas tout ce qui s\u2019est dit. Je dois prendre un peu de recul pour le d\u00e9couvrir\u00a0\u00bb, balaie le motion designer sur \u00ab\u00a0Diverto\u00a0\u00bb.<\/p>\n<p>A lire aussi : <a href=\"https:\/\/www.ozap.com\/actu\/secret-story-2025-qui-danita-ethan-noah-ou-romy-doit-etre-sacre-grand-gagnant-de-la-saison-13-repondez-a-notre-sondage\/651039\" rel=\"nofollow noopener\" target=\"_blank\"><strong>\u00ab\u00a0Secret Story\u00a0\u00bb 2025 : Qui d&rsquo;Anita, Ethan, Noah ou Romy doit \u00eatre sacr\u00e9 grand gagnant de la saison 13 ? R\u00e9pondez \u00e0 notre sondage<\/strong><\/a><\/p>\n<p>Derni\u00e8re ligne droite pour les quatre finalistes<\/p>\n<p>Pour lancer la derni\u00e8re semaine de comp\u00e9tition, La Voix a adress\u00e9 un message aux derniers habitants de la maison des secrets : \u00ab\u00a0Noah, Romy, Anita, Ethan, f\u00e9licitations, vous \u00eates les quatre grands finalistes de l&rsquo;aventure &lsquo;Secret Story&rsquo; 2025. La Voix est fi\u00e8re de ses quatre finalistes. Vous avez su \u00eatre de grands strat\u00e8ges et vous vous \u00eates battus avec d\u00e9termination. Dans une semaine, seul l&rsquo;un de vous sera sacr\u00e9 par le public grand vainqueur et remportera la somme de 100.000 euros. Anita et Noah, en r\u00e9ussissant le tour de force de garder vos secrets personnels jusqu&rsquo;\u00e0 la finale, vous doublez vos cagnottes personnelles. En acc\u00e9dant \u00e0 cette derni\u00e8re semaine de comp\u00e9tition, vous venez tous de valider vos cagnottes personnelles\u00a0\u00bb.<\/p>\n<p>La cagnotte d&rsquo;Anita s&rsquo;\u00e9l\u00e8ve \u00e0 9.000 euros, celle d&rsquo;Ethan \u00e0 5.000 euros, celle de Noah \u00e0 15.900 euros et celle de Romy \u00e0 5.000 euros. Lequel des 4 va garnir son portefeuille de 100.000 euros suppl\u00e9mentaires ? R\u00e9ponse le jeudi 7 ao\u00fbt.<\/p>\n","protected":false},"excerpt":{"rendered":"Par Olivier Cortinovis | Journaliste Sportif frustr\u00e9 (les ligaments crois\u00e9s tu connais\u2026) qui a choisi le journalisme pour&hellip;\n","protected":false},"author":2,"featured_media":293024,"comment_status":"","ping_status":"","sticky":false,"template":"","format":"standard","meta":{"footnotes":""},"categories":[1356],"tags":[58,59,1011,27,252,1364],"class_list":{"0":"post-293023","1":"post","2":"type-post","3":"status-publish","4":"format-standard","5":"has-post-thumbnail","7":"category-television","8":"tag-divertissement","9":"tag-entertainment","10":"tag-fr","11":"tag-france","12":"tag-television","13":"tag-tv"},"share_on_mastodon":{"url":"https:\/\/pubeurope.com\/@fr\/114963544073888398","error":""},"_links":{"self":[{"href":"https:\/\/www.europesays.com\/fr\/wp-json\/wp\/v2\/posts\/293023","targetHints":{"allow":["GET"]}}],"collection":[{"href":"https:\/\/www.europesays.com\/fr\/wp-json\/wp\/v2\/posts"}],"about":[{"href":"https:\/\/www.europesays.com\/fr\/wp-json\/wp\/v2\/types\/post"}],"author":[{"embeddable":true,"href":"https:\/\/www.europesays.com\/fr\/wp-json\/wp\/v2\/users\/2"}],"replies":[{"embeddable":true,"href":"https:\/\/www.europesays.com\/fr\/wp-json\/wp\/v2\/comments?post=293023"}],"version-history":[{"count":0,"href":"https:\/\/www.europesays.com\/fr\/wp-json\/wp\/v2\/posts\/293023\/revisions"}],"wp:featuredmedia":[{"embeddable":true,"href":"https:\/\/www.europesays.com\/fr\/wp-json\/wp\/v2\/media\/293024"}],"wp:attachment":[{"href":"https:\/\/www.europesays.com\/fr\/wp-json\/wp\/v2\/media?parent=293023"}],"wp:term":[{"taxonomy":"category","embeddable":true,"href":"https:\/\/www.europesays.com\/fr\/wp-json\/wp\/v2\/categories?post=293023"},{"taxonomy":"post_tag","embeddable":true,"href":"https:\/\/www.europesays.com\/fr\/wp-json\/wp\/v2\/tags?post=293023"}],"curies":[{"name":"wp","href":"https:\/\/api.w.org\/{rel}","templated":true}]}}