{"id":293029,"date":"2025-08-03T07:03:10","date_gmt":"2025-08-03T07:03:10","guid":{"rendered":"https:\/\/www.europesays.com\/fr\/293029\/"},"modified":"2025-08-03T07:03:10","modified_gmt":"2025-08-03T07:03:10","slug":"chaque-jour-chez-vous-vous-avalez-jusqua-68-000-microplastiques-cette-menace-invisible-qui-vous-etouffe-doucement","status":"publish","type":"post","link":"https:\/\/www.europesays.com\/fr\/293029\/","title":{"rendered":"Chaque jour, chez vous, vous avalez \u00ab\u00a0jusqu&rsquo;\u00e0 68 000 microplastiques\u00a0\u00bb : cette menace invisible qui vous \u00e9touffe doucement"},"content":{"rendered":"<tr>\n<td><strong>EN BREF<\/strong><\/td>\n<\/tr>\n<tr>\n<td>\n<ul>\n<li>\ud83c\udf2c\ufe0f Les <strong>microplastiques<\/strong> sont pr\u00e9sents en grande quantit\u00e9 dans l\u2019air de nos <strong>maisons<\/strong> et <strong>voitures<\/strong>.<\/li>\n<li>Plus de 90 % des particules d\u00e9tect\u00e9es mesurent moins de <strong>10 microm\u00e8tres<\/strong> et peuvent p\u00e9n\u00e9trer profond\u00e9ment dans les poumons.<\/li>\n<li>Les <strong>int\u00e9rieurs de voitures<\/strong> sont des zones d\u2019exposition particuli\u00e8rement pr\u00e9occupantes en raison de la d\u00e9gradation des mat\u00e9riaux plastiques.<\/li>\n<li>L\u2019inhalation de ces particules peut avoir des <strong>implications sanitaires<\/strong> graves, notamment des inflammations et des risques de maladies.<\/li>\n<\/ul>\n<\/td>\n<\/tr>\n<p>Les microplastiques, ces particules invisibles \u00e0 l\u2019\u0153il nu, sont devenus une pr\u00e9occupation majeure pour la sant\u00e9 publique. Une \u00e9tude r\u00e9cente r\u00e9v\u00e8le que l\u2019air de nos maisons et de nos voitures pourrait contenir jusqu\u2019\u00e0 68 000 particules de microplastiques par jour. Ces particules, suffisamment petites pour p\u00e9n\u00e9trer profond\u00e9ment dans les poumons, pr\u00e9sentent des risques potentiels pour la sant\u00e9. Ce ph\u00e9nom\u00e8ne, longtemps n\u00e9glig\u00e9, soul\u00e8ve des questions essentielles sur la qualit\u00e9 de l\u2019air int\u00e9rieur et les impacts des mat\u00e9riaux synth\u00e9tiques omnipr\u00e9sents dans notre environnement quotidien.<\/p>\n<p>Une menace invisible au quotidien<\/p>\n<p>Contrairement aux pr\u00e9c\u00e9dentes recherches ax\u00e9es sur la pollution plastique dans les oc\u00e9ans, cette \u00e9tude se concentre sur un cadre beaucoup plus intime : nos espaces de vie int\u00e9rieurs. Les chercheurs ont d\u00e9couvert que les microplastiques sont omnipr\u00e9sents dans les maisons et les voitures. Ces particules proviennent de la d\u00e9gradation de nombreux objets en plastique pr\u00e9sents dans notre environnement quotidien, comme les tapis, les rideaux et les textiles. Ces d\u00e9couvertes soulignent l\u2019importance de consid\u00e9rer l\u2019air int\u00e9rieur comme une source significative de pollution.<\/p>\n<p>Les r\u00e9sultats de l\u2019\u00e9tude montrent que plus de 90 % des particules d\u00e9tect\u00e9es mesurent moins de 10 microm\u00e8tres. Cela signifie qu\u2019elles sont plus petites qu\u2019un grain de poussi\u00e8re et peuvent p\u00e9n\u00e9trer profond\u00e9ment dans les poumons lors de l\u2019inhalation. La capacit\u00e9 de ces particules \u00e0 atteindre le syst\u00e8me respiratoire est pr\u00e9occupante, car elles pourraient potentiellement entrer dans la circulation sanguine.<\/p>\n<blockquote class=\"wp-embedded-content\" data-secret=\"P3J4IvvCyD\">\n<p><a href=\"https:\/\/www.le-gaz.fr\/2025\/07\/28\/ils-continuent-a-empoisonner-nos-oceans-une-ong-denonce-le-fleau-persistant-du-degazage-illegal-des-navires-en-pleine-mer-une-pratique-alarmante-qui-menace-lecosysteme-marin\/\" rel=\"nofollow noopener\" target=\"_blank\">\u00ab Ils continuent \u00e0 empoisonner nos oc\u00e9ans \u00bb : une ONG d\u00e9nonce le fl\u00e9au persistant du d\u00e9gazage ill\u00e9gal des navires en pleine mer, une pratique alarmante qui menace l\u2019\u00e9cosyst\u00e8me marin<\/a><\/p>\n<\/blockquote>\n<p>Les voitures, des espaces \u00e0 risque<\/p>\n<p>Les int\u00e9rieurs de voitures se r\u00e9v\u00e8lent \u00eatre des zones d\u2019exposition particuli\u00e8rement pr\u00e9occupantes. Les habitacles des voitures, souvent ferm\u00e9s et remplis de mat\u00e9riaux \u00e0 base de plastique, sont des sources importantes de microplastiques. Les tableaux de bord, les tissus des si\u00e8ges et les tapis peuvent lib\u00e9rer de minuscules particules de plastique au fil du temps, surtout sous l\u2019effet de la chaleur, du frottement et de l\u2019utilisation quotidienne.<\/p>\n<p>Les chercheurs soulignent que, puisque nous passons une grande partie de notre temps dans ces espaces confin\u00e9s, l\u2019exposition aux microplastiques est in\u00e9vitable. Cette situation appelle \u00e0 une r\u00e9flexion sur les mat\u00e9riaux utilis\u00e9s dans la fabrication des voitures et sur les mesures \u00e0 prendre pour r\u00e9duire leur d\u00e9gradation.<\/p>\n<blockquote class=\"wp-embedded-content\" data-secret=\"2vwTDtOrhu\">\n<p><a href=\"https:\/\/www.le-gaz.fr\/2024\/11\/22\/etats-unis-trump-pourrait-supprimer-les-taxes-sur-le-methane\/\" rel=\"nofollow noopener\" target=\"_blank\">Etats-Unis\u00a0: Trump pourrait supprimer les taxes sur le m\u00e9thane<\/a><\/p>\n<\/blockquote>\n<p>Des implications sanitaires pr\u00e9occupantes<\/p>\n<p>Les cons\u00e9quences pour la sant\u00e9 humaine sont pr\u00e9occupantes. L\u2019inhalation de microplastiques peut entra\u00eener une inflammation ou une irritation des voies respiratoires. Ces particules transportent \u00e9galement des additifs toxiques, comme le bisph\u00e9nol A et les phtalates, qui peuvent atteindre la circulation sanguine. Les chercheurs s\u2019inqui\u00e8tent des effets \u00e0 long terme de cette exposition, qui pourrait contribuer \u00e0 des probl\u00e8mes respiratoires, perturber la fonction endocrinienne ou augmenter le risque de maladies cardiovasculaires et de cancers.<\/p>\n<p>Les r\u00e9sultats de cette \u00e9tude, publi\u00e9s dans le journal PLOS One, soulignent l\u2019urgence de reconsid\u00e9rer la qualit\u00e9 de l\u2019air int\u00e9rieur. Les chercheurs esp\u00e8rent que leurs conclusions inciteront \u00e0 une r\u00e9vision des normes de qualit\u00e9 de l\u2019air et des recommandations de sant\u00e9 publique.<\/p>\n<p>Vers une prise de conscience n\u00e9cessaire<\/p>\n<p>Les conclusions de cette recherche appellent \u00e0 une prise de conscience accrue de la pollution par les microplastiques dans les espaces int\u00e9rieurs. Alors que la qualit\u00e9 de l\u2019air ext\u00e9rieur est souvent au centre des pr\u00e9occupations, cette \u00e9tude met en lumi\u00e8re l\u2019importance de se pencher sur l\u2019air que nous respirons \u00e0 l\u2019int\u00e9rieur de nos maisons et de nos voitures. Les microplastiques, bien que microscopiques, pourraient avoir des effets d\u00e9vastateurs sur notre sant\u00e9 \u00e0 long terme.<\/p>\n<p>Les chercheurs esp\u00e8rent que ces d\u00e9couvertes inciteront \u00e0 des changements dans la conception des mat\u00e9riaux utilis\u00e9s dans les produits de consommation courante. La question se pose : comment ces informations influenceront-elles les futures recommandations en mati\u00e8re de sant\u00e9 publique et les normes de qualit\u00e9 de l\u2019air int\u00e9rieur ?<\/p>\n<p>Face \u00e0 cette menace invisible mais omnipr\u00e9sente, il est crucial de reconsid\u00e9rer notre environnement imm\u00e9diat. Les microplastiques, pr\u00e9sents dans l\u2019air que nous respirons quotidiennement, pourraient avoir des cons\u00e9quences insoup\u00e7onn\u00e9es sur notre sant\u00e9. Quels changements seront n\u00e9cessaires pour prot\u00e9ger notre bien-\u00eatre face \u00e0 cette pollution int\u00e9rieure ?<\/p>\n<p>Cet article s\u2019appuie sur des sources v\u00e9rifi\u00e9es et l\u2019assistance de technologies \u00e9ditoriales.<\/p>\n<p id=\"rating\">\u00c7a vous a plu ?\u00a04.5\/5 (23)<\/p>\n","protected":false},"excerpt":{"rendered":"EN BREF \ud83c\udf2c\ufe0f Les microplastiques sont pr\u00e9sents en grande quantit\u00e9 dans l\u2019air de nos maisons et voitures. Plus&hellip;\n","protected":false},"author":2,"featured_media":293030,"comment_status":"","ping_status":"","sticky":false,"template":"","format":"standard","meta":{"footnotes":""},"categories":[10],"tags":[1011,27,72,71],"class_list":{"0":"post-293029","1":"post","2":"type-post","3":"status-publish","4":"format-standard","5":"has-post-thumbnail","7":"category-sante","8":"tag-fr","9":"tag-france","10":"tag-health","11":"tag-sante"},"share_on_mastodon":{"url":"https:\/\/pubeurope.com\/@fr\/114963559417328036","error":""},"_links":{"self":[{"href":"https:\/\/www.europesays.com\/fr\/wp-json\/wp\/v2\/posts\/293029","targetHints":{"allow":["GET"]}}],"collection":[{"href":"https:\/\/www.europesays.com\/fr\/wp-json\/wp\/v2\/posts"}],"about":[{"href":"https:\/\/www.europesays.com\/fr\/wp-json\/wp\/v2\/types\/post"}],"author":[{"embeddable":true,"href":"https:\/\/www.europesays.com\/fr\/wp-json\/wp\/v2\/users\/2"}],"replies":[{"embeddable":true,"href":"https:\/\/www.europesays.com\/fr\/wp-json\/wp\/v2\/comments?post=293029"}],"version-history":[{"count":0,"href":"https:\/\/www.europesays.com\/fr\/wp-json\/wp\/v2\/posts\/293029\/revisions"}],"wp:featuredmedia":[{"embeddable":true,"href":"https:\/\/www.europesays.com\/fr\/wp-json\/wp\/v2\/media\/293030"}],"wp:attachment":[{"href":"https:\/\/www.europesays.com\/fr\/wp-json\/wp\/v2\/media?parent=293029"}],"wp:term":[{"taxonomy":"category","embeddable":true,"href":"https:\/\/www.europesays.com\/fr\/wp-json\/wp\/v2\/categories?post=293029"},{"taxonomy":"post_tag","embeddable":true,"href":"https:\/\/www.europesays.com\/fr\/wp-json\/wp\/v2\/tags?post=293029"}],"curies":[{"name":"wp","href":"https:\/\/api.w.org\/{rel}","templated":true}]}}