{"id":293031,"date":"2025-08-03T07:04:13","date_gmt":"2025-08-03T07:04:13","guid":{"rendered":"https:\/\/www.europesays.com\/fr\/293031\/"},"modified":"2025-08-03T07:04:13","modified_gmt":"2025-08-03T07:04:13","slug":"quels-enseignements-tirer-du-match-nul-lors-du-retour-des-olympiens-au-velodrome","status":"publish","type":"post","link":"https:\/\/www.europesays.com\/fr\/293031\/","title":{"rendered":"quels enseignements tirer du match nul lors du retour des Olympiens au V\u00e9lodrome ?"},"content":{"rendered":"<p>C&rsquo;\u00e9tait un match amical comme il y en a des centaines entre juillet et ao\u00fbt, avec du d\u00e9chet, des formes disparates, un rythme hach\u00e9 et de longues s\u00e9quences soporifiques, pr\u00e9paration oblige. Mais au stade V\u00e9lodrome, m\u00eame sans les habituels groupes de supporters qui mettent l&rsquo;une des plus belles ambiances d&rsquo;Europe, l&rsquo;instant pass\u00e9 est rarement oubliable ou anecdotique, et cet OM-S\u00e9ville moyen (malgr\u00e9 quelques gestes ou performances de qualit\u00e9) restera comme <a href=\"https:\/\/www.laprovence.com\/article\/om\/4060816122111414\/om-je-suis-un-mort-de-faim-pierre-emerick-aubameyang-devoile-les-motivations-de-son-retour\" target=\"_blank\" rel=\"nofollow noopener\">le match du come-back de Pierre-Emerick Aubameyang<\/a>, un peu plus d&rsquo;un an apr\u00e8s son d\u00e9part en Arabie saoudite. D\u00e8s sa sortie du banc pour s&rsquo;\u00e9chauffer devant le virage Dep\u00e9, le Gabonais a \u00e9t\u00e9 ovationn\u00e9 et son surnom, \u00ab\u00a0Auba\u00a0\u00bb, a \u00e9t\u00e9 scand\u00e9 bruyamment par le public. Et pour son entr\u00e9e \u00e0 la place d&rsquo;Amine Gouiri \u00e0 la 71e minute, le stade a r\u00e9serv\u00e9 un accueil magnifique au nouveau num\u00e9ro\u00a097 olympien, qui a pris ses quartiers sur l&rsquo;aile gauche, laissant la pointe au jeune Robinio Vaz.<\/p>\n","protected":false},"excerpt":{"rendered":"C&rsquo;\u00e9tait un match amical comme il y en a des centaines entre juillet et ao\u00fbt, avec du d\u00e9chet,&hellip;\n","protected":false},"author":2,"featured_media":293032,"comment_status":"","ping_status":"","sticky":false,"template":"","format":"standard","meta":{"footnotes":""},"categories":[9],"tags":[18141,17,43293,1011,27,955,40408,149,43238,12348,60,18999],"class_list":{"0":"post-293031","1":"post","2":"type-post","3":"status-publish","4":"format-standard","5":"has-post-thumbnail","7":"category-sports","8":"tag-1-1","9":"tag-17","10":"tag-enseignements","11":"tag-fr","12":"tag-france","13":"tag-match","14":"tag-nul","15":"tag-om","16":"tag-om-seville","17":"tag-quels","18":"tag-sports","19":"tag-tirer"},"share_on_mastodon":{"url":"https:\/\/pubeurope.com\/@fr\/114963563364251155","error":""},"_links":{"self":[{"href":"https:\/\/www.europesays.com\/fr\/wp-json\/wp\/v2\/posts\/293031","targetHints":{"allow":["GET"]}}],"collection":[{"href":"https:\/\/www.europesays.com\/fr\/wp-json\/wp\/v2\/posts"}],"about":[{"href":"https:\/\/www.europesays.com\/fr\/wp-json\/wp\/v2\/types\/post"}],"author":[{"embeddable":true,"href":"https:\/\/www.europesays.com\/fr\/wp-json\/wp\/v2\/users\/2"}],"replies":[{"embeddable":true,"href":"https:\/\/www.europesays.com\/fr\/wp-json\/wp\/v2\/comments?post=293031"}],"version-history":[{"count":0,"href":"https:\/\/www.europesays.com\/fr\/wp-json\/wp\/v2\/posts\/293031\/revisions"}],"wp:featuredmedia":[{"embeddable":true,"href":"https:\/\/www.europesays.com\/fr\/wp-json\/wp\/v2\/media\/293032"}],"wp:attachment":[{"href":"https:\/\/www.europesays.com\/fr\/wp-json\/wp\/v2\/media?parent=293031"}],"wp:term":[{"taxonomy":"category","embeddable":true,"href":"https:\/\/www.europesays.com\/fr\/wp-json\/wp\/v2\/categories?post=293031"},{"taxonomy":"post_tag","embeddable":true,"href":"https:\/\/www.europesays.com\/fr\/wp-json\/wp\/v2\/tags?post=293031"}],"curies":[{"name":"wp","href":"https:\/\/api.w.org\/{rel}","templated":true}]}}