{"id":293039,"date":"2025-08-03T07:08:11","date_gmt":"2025-08-03T07:08:11","guid":{"rendered":"https:\/\/www.europesays.com\/fr\/293039\/"},"modified":"2025-08-03T07:08:11","modified_gmt":"2025-08-03T07:08:11","slug":"netanyahou-consterne-par-les-videos-dotages-israeliens-a-gaza-sentretient-avec-leurs-familles","status":"publish","type":"post","link":"https:\/\/www.europesays.com\/fr\/293039\/","title":{"rendered":"Netanyahou, \u00abconstern\u00e9\u00bb par les vid\u00e9os d\u2019otages isra\u00e9liens \u00e0 Gaza, s&rsquo;entretient avec leurs familles"},"content":{"rendered":"<p>La publication par le Hamas et le Djihad islamique de trois vid\u00e9os montrant deux otages d\u00e9charn\u00e9s a suscit\u00e9 un vif \u00e9moi en Isra\u00ebl, et raviv\u00e9 le d\u00e9bat sur la n\u00e9cessit\u00e9 d\u2019arriver au plus vite \u00e0 un accord pour les lib\u00e9rer.<\/p>\n<p class=\"fig-paragraph\">Le premier ministre isra\u00e9lien\u00a0<a href=\"http:\/\/www.lefigaro.fr\/international\/beaucoup-de-gens-meurent-de-faim-face-a-la-famine-a-gaza-benyamin-netanyahou-sous-pression-20250729\" target=\"_blank\" data-fig-type=\"Article\" rel=\"noopener\" data-gtm-custom-categorie=\"navigation\" data-gtm-custom-action=\"crossclick\" data-gtm-custom-label=\"Contextuel\" data-gtm-event=\"customEventSPE\" data-fig-domain=\"LEFIGARO\">Benyamin Netanyahou<\/a>\u00a0s&rsquo;est dit \u00abconstern\u00e9\u00bb par les derni\u00e8res vid\u00e9os diffus\u00e9es par le Hamas des otages isra\u00e9liens dans la bande de Gaza et a parl\u00e9 avec les familles, indique un communiqu\u00e9 officiel. \u00abLe premier ministre a exprim\u00e9 une profonde consternation face aux enregistrements diffus\u00e9s par l&rsquo;organisation terroriste Hamas et a d\u00e9clar\u00e9 aux familles que les efforts pour ramener tous nos otages se poursuivent et se poursuivront continuellement et sans rel\u00e2che\u00bb, selon ce communiqu\u00e9 de ses services, diffus\u00e9 dans la nuit de samedi \u00e0 dimanche.<\/p>\n<p class=\"fig-paragraph\">La publication depuis jeudi par le\u00a0<a href=\"http:\/\/www.lefigaro.fr\/international\/l-emissaire-americain-steve-witkoff-rencontre-a-tel-aviv-des-familles-d-otages-israeliens-a-gaza-20250802\" target=\"_blank\" data-fig-type=\"NewsFlash\" rel=\"noopener\" data-gtm-custom-categorie=\"navigation\" data-gtm-custom-action=\"crossclick\" data-gtm-custom-label=\"Contextuel\" data-gtm-event=\"customEventSPE\" data-fig-domain=\"LEFIGARO\">Hamas<\/a>\u00a0et le Djihad islamique, son alli\u00e9, de trois vid\u00e9os montrant deux otages, d\u00e9charn\u00e9s, a suscit\u00e9 un vif \u00e9moi en Isra\u00ebl et raviv\u00e9 le d\u00e9bat sur la n\u00e9cessit\u00e9 d&rsquo;arriver au plus vite \u00e0 un accord pour les lib\u00e9rer. Des dizaines de milliers de personnes se sont rassembl\u00e9es samedi soir \u00e0\u00a0<a href=\"http:\/\/www.lefigaro.fr\/international\/apres-la-rencontre-entre-ministres-israelien-et-syrien-peut-on-croire-a-une-paix-entre-damas-et-tel-aviv-20250726\" target=\"_blank\" data-fig-type=\"Article\" rel=\"noopener\" data-gtm-custom-categorie=\"navigation\" data-gtm-custom-action=\"crossclick\" data-gtm-custom-label=\"Contextuel\" data-gtm-event=\"customEventSPE\" data-fig-domain=\"LEFIGARO\">Tel-Aviv<\/a>\u00a0en soutien \u00e0 leurs familles et pour exiger leur lib\u00e9ration.<\/p>\n<p>                                    <a class=\"fig-a11y-skip a11y-hidden\" href=\"#fig-a11y-skip-main-inarticle\"><br \/>\n        Passer la publicit\u00e9<br \/>\n    <\/a><\/p>\n<p>\u00abLa cruaut\u00e9 du Hamas n\u2019a pas de limite\u00bb<\/p>\n<p class=\"fig-paragraph\">Sur les images de propagande des deux groupes islamistes, les deux captifs sont apparus tr\u00e8s affaiblis et tr\u00e8s amaigris, dans une mise en sc\u00e8ne visant \u00e0 faire le parall\u00e8le avec la situation humanitaire actuelle \u00e0\u00a0<a href=\"http:\/\/www.lefigaro.fr\/international\/gaza-un-membre-du-croissant-rouge-palestinien-tue-lors-d-une-frappe-israelienne-20250803\" target=\"_blank\" data-fig-type=\"NewsFlash\" rel=\"noopener\" data-gtm-custom-categorie=\"navigation\" data-gtm-custom-action=\"crossclick\" data-gtm-custom-label=\"Contextuel\" data-gtm-event=\"customEventSPE\" data-fig-domain=\"LEFIGARO\">Gaza<\/a>, menac\u00e9e de \u00abfamine g\u00e9n\u00e9ralis\u00e9e\u00bb selon l&rsquo;<a href=\"http:\/\/www.lefigaro.fr\/flash-actu\/le-canada-a-l-intention-de-reconnaitre-l-etat-de-palestine-en-septembre-a-l-onu-20250730\" target=\"_blank\" data-fig-type=\"NewsFlash\" rel=\"noopener\" data-gtm-custom-categorie=\"navigation\" data-gtm-custom-action=\"crossclick\" data-gtm-custom-label=\"Contextuel\" data-gtm-event=\"customEventSPE\" data-fig-domain=\"LEFIGARO\">ONU<\/a>. D&rsquo;apr\u00e8s le communiqu\u00e9, Benyamin Netanyahou \u00aba eu une longue conversation ce soir avec les familles des otages, Rom Breslevski et Avyatar David\u00bb, tous deux exhib\u00e9s dans ces derni\u00e8res vid\u00e9os.<\/p>\n<p class=\"fig-paragraph\">\u00abLa cruaut\u00e9 du Hamas n&rsquo;a pas de limite\u00bb, a-t-il comment\u00e9, toujours selon le bureau du premier ministre. \u00abAlors que l&rsquo;\u00c9tat d&rsquo;Isra\u00ebl permet l&rsquo;entr\u00e9e de l&rsquo;aide humanitaire pour les habitants de Gaza, les militants du Hamas affament d\u00e9lib\u00e9r\u00e9ment nos otages et les filment de mani\u00e8re cynique et odieuse. Les militants du Hamas affament \u00e9galement d\u00e9lib\u00e9r\u00e9ment les habitants de la bande de Gaza, les emp\u00eachant de recevoir l&rsquo;aide, et font \u00e9cho \u00e0 une campagne de propagande mensong\u00e8re contre Isra\u00ebl\u00bb, a-t-il affirm\u00e9, appelant les \u00abpays du monde \u00e0 se mobiliser pour condamner clairement les abus criminels nazis de l&rsquo;organisation terroriste Hamas\u00bb.<\/p>\n","protected":false},"excerpt":{"rendered":"La publication par le Hamas et le Djihad islamique de trois vid\u00e9os montrant deux otages d\u00e9charn\u00e9s a suscit\u00e9&hellip;\n","protected":false},"author":2,"featured_media":293040,"comment_status":"","ping_status":"","sticky":false,"template":"","format":"standard","meta":{"footnotes":""},"categories":[5],"tags":[11,952,3259,1011,27,14,664,12,28],"class_list":{"0":"post-293039","1":"post","2":"type-post","3":"status-publish","4":"format-standard","5":"has-post-thumbnail","7":"category-international","8":"tag-actualites","9":"tag-benyamin-netanyahou","10":"tag-conflit-israelo-palestinien","11":"tag-fr","12":"tag-france","13":"tag-international","14":"tag-israel","15":"tag-news","16":"tag-world"},"share_on_mastodon":{"url":"https:\/\/pubeurope.com\/@fr\/114963579144282410","error":""},"_links":{"self":[{"href":"https:\/\/www.europesays.com\/fr\/wp-json\/wp\/v2\/posts\/293039","targetHints":{"allow":["GET"]}}],"collection":[{"href":"https:\/\/www.europesays.com\/fr\/wp-json\/wp\/v2\/posts"}],"about":[{"href":"https:\/\/www.europesays.com\/fr\/wp-json\/wp\/v2\/types\/post"}],"author":[{"embeddable":true,"href":"https:\/\/www.europesays.com\/fr\/wp-json\/wp\/v2\/users\/2"}],"replies":[{"embeddable":true,"href":"https:\/\/www.europesays.com\/fr\/wp-json\/wp\/v2\/comments?post=293039"}],"version-history":[{"count":0,"href":"https:\/\/www.europesays.com\/fr\/wp-json\/wp\/v2\/posts\/293039\/revisions"}],"wp:featuredmedia":[{"embeddable":true,"href":"https:\/\/www.europesays.com\/fr\/wp-json\/wp\/v2\/media\/293040"}],"wp:attachment":[{"href":"https:\/\/www.europesays.com\/fr\/wp-json\/wp\/v2\/media?parent=293039"}],"wp:term":[{"taxonomy":"category","embeddable":true,"href":"https:\/\/www.europesays.com\/fr\/wp-json\/wp\/v2\/categories?post=293039"},{"taxonomy":"post_tag","embeddable":true,"href":"https:\/\/www.europesays.com\/fr\/wp-json\/wp\/v2\/tags?post=293039"}],"curies":[{"name":"wp","href":"https:\/\/api.w.org\/{rel}","templated":true}]}}