{"id":293041,"date":"2025-08-03T07:09:10","date_gmt":"2025-08-03T07:09:10","guid":{"rendered":"https:\/\/www.europesays.com\/fr\/293041\/"},"modified":"2025-08-03T07:09:10","modified_gmt":"2025-08-03T07:09:10","slug":"une-infirmiere-et-son-conjoint-mis-en-examen-pour-des-violences-sexuelles-sur-des-nourrissons-et-complicite-liberation","status":"publish","type":"post","link":"https:\/\/www.europesays.com\/fr\/293041\/","title":{"rendered":"une infirmi\u00e8re et son conjoint mis en examen pour des violences sexuelles sur des nourrissons et complicit\u00e9 \u2013 Lib\u00e9ration"},"content":{"rendered":"<p class=\"sc-ksZaOG ehjQrN text-element\">Une infirmi\u00e8re de l\u2019h\u00f4pital de Montreuil, depuis suspendue par l\u2019\u00e9tablissement, a \u00e9t\u00e9 mise en examen samedi pour agressions sexuelles sur mineurs apr\u00e8s l\u2019exploitation de vid\u00e9os impliquant des nourrissons, a appris l\u2019AFP aupr\u00e8s parquet de Bobigny. L\u2019information judiciaire avait \u00e9galement \u00e9t\u00e9 ouverte pour les faits de captation et diffusion d\u2019images \u00e0 caract\u00e8re p\u00e9dopornographiques.<\/p>\n<p class=\"sc-ksZaOG ehjQrN text-element\">Ag\u00e9e de 26 ans, la femme s\u2019\u00e9tait pr\u00e9sent\u00e9e mercredi soir au commissariat de Clichy-sous-Bois (Seine-Saint-Denis), afin de d\u00e9noncer des faits qu\u2019elle aurait commis, avait pr\u00e9c\u00e9demment indiqu\u00e9 le parquet. Lors de son audition, elle a notamment mis en cause un homme. Ce dernier, \u00e2g\u00e9 de 28 ans et avec qui elle a \u00e9t\u00e9 en relation, a \u00e9t\u00e9 mis en examen des chefs d\u2019agressions sexuelles par instigation, a ajout\u00e9 le parquet. La jeune femme a d\u00e9clar\u00e9 avoir \u00e9t\u00e9 sous son emprise.<\/p>\n<p class=\"sc-ksZaOG ehjQrN text-element\">L\u2019enqu\u00eate a fait suite \u00e0 la diffusion de plusieurs vid\u00e9os sur la plateforme TikTok alertant sur \u00abun scandale dans un h\u00f4pital du 93\u00bb. <a href=\"https:\/\/www.leparisien.fr\/seine-saint-denis-93\/rumeur-dattouchements-sur-des-bebes-a-montreuil-une-femme-se-denonce-son-conjoint-egalement-place-en-garde-a-vue-31-07-2025-MTFSDYZJLNCMFPYXRJGXCVVCCE.php\" target=\"_blank\" rel=\"noreferrer nofollow noopener\" title=\"https:\/\/www.leparisien.fr\/seine-saint-denis-93\/rumeur-dattouchements-sur-des-bebes-a-montreuil-une-femme-se-denonce-son-conjoint-egalement-place-en-garde-a-vue-31-07-2025-MTFSDYZJLNCMFPYXRJGXCVVCCE.php\">Selon le Parisien,<\/a> c\u2019est apr\u00e8s la publication de ces vid\u00e9os qu\u2019elle a d\u00e9cid\u00e9 de se rendre au commissariat. Sur l\u2019une de ces publications, un homme face cam\u00e9ra assurait ainsi que \u00abdeux personnes qui travaillent avec les nourrissons [\u2026] s\u2019amusent \u00e0 maltraiter des enfants noirs\u00bb, avant de glisser que c\u2019est \u00ab\u00e0 caract\u00e8re sexuel\u00bb.<\/p>\n<p class=\"sc-ksZaOG ehjQrN text-element\">\u00abIl est temps maintenant qu\u2019on se d\u00e9place pour faire la justice de la rue\u00bb, lan\u00e7ait-il, dans cette vid\u00e9o vue samedi midi plus d\u20191,4 million de fois. Selon le parquet, qui a identifi\u00e9 deux victimes dans l\u2019exploitation des vid\u00e9os, \u00abil n\u2019y a aucun caract\u00e8re racial dans le passage \u00e0 l\u2019acte, l\u2019un des enfants est blanc, l\u2019autre noir\u00bb.<\/p>\n<p class=\"sc-ksZaOG ehjQrN text-element\">Dans un communiqu\u00e9 de presse diffus\u00e9 vendredi, la direction du groupement hospitalier de territoire Grand Paris Nord-Est a indiqu\u00e9 que \u00abcette infirmi\u00e8re exer\u00e7ait exclusivement dans le service de r\u00e9animation n\u00e9onatale de l\u2019h\u00f4pital de Montreuil\u00bb, qui prend en charg\u00e9 les b\u00e9b\u00e9s n\u00e9s pr\u00e9matur\u00e9ment, et ne travaillait pas \u00e0 la maternit\u00e9. La rumeur avait tr\u00e8s rapidement sem\u00e9 l\u2019\u00e9moi mercredi et jeudi, \u00abdes mamans inqui\u00e8tes appelant l\u2019\u00e9tablissement alors qu\u2019elles y avaient parfois accouch\u00e9 il y a un an\u00bb, d\u00e9plore la direction du groupement hospitalier.<\/p>\n<p class=\"sc-ksZaOG ehjQrN text-element\">\u00abLes agissements de cette infirmi\u00e8re, s\u2019ils sont confirm\u00e9s par l\u2019enqu\u00eate de police en cours, sont une grave d\u00e9rive personnelle que l\u2019h\u00f4pital condamne fermement. Ils ne sont en aucun cas une pratique collective de service\u00bb, ajoute la direction du GHT GPNE, qui a suspendu son employ\u00e9e \u00ab\u00e0 titre conservatoire en attendant les conclusions de l\u2019enqu\u00eate\u00bb.<\/p>\n<p class=\"sc-ksZaOG ehjQrN text-element\"><b>Mise \u00e0 jour dimanche 3 ao\u00fbt <\/b>avec la mise en examen de l\u2019infirmi\u00e8re.<\/p>\n","protected":false},"excerpt":{"rendered":"Une infirmi\u00e8re de l\u2019h\u00f4pital de Montreuil, depuis suspendue par l\u2019\u00e9tablissement, a \u00e9t\u00e9 mise en examen samedi pour agressions&hellip;\n","protected":false},"author":2,"featured_media":293042,"comment_status":"","ping_status":"","sticky":false,"template":"","format":"standard","meta":{"footnotes":""},"categories":[4],"tags":[11,1011,27,12,25,1945,799],"class_list":{"0":"post-293041","1":"post","2":"type-post","3":"status-publish","4":"format-standard","5":"has-post-thumbnail","7":"category-france","8":"tag-actualites","9":"tag-fr","10":"tag-france","11":"tag-news","12":"tag-republique-francaise","13":"tag-seine-saint-denis","14":"tag-violences-sexuelles"},"share_on_mastodon":{"url":"https:\/\/pubeurope.com\/@fr\/114963583014940383","error":""},"_links":{"self":[{"href":"https:\/\/www.europesays.com\/fr\/wp-json\/wp\/v2\/posts\/293041","targetHints":{"allow":["GET"]}}],"collection":[{"href":"https:\/\/www.europesays.com\/fr\/wp-json\/wp\/v2\/posts"}],"about":[{"href":"https:\/\/www.europesays.com\/fr\/wp-json\/wp\/v2\/types\/post"}],"author":[{"embeddable":true,"href":"https:\/\/www.europesays.com\/fr\/wp-json\/wp\/v2\/users\/2"}],"replies":[{"embeddable":true,"href":"https:\/\/www.europesays.com\/fr\/wp-json\/wp\/v2\/comments?post=293041"}],"version-history":[{"count":0,"href":"https:\/\/www.europesays.com\/fr\/wp-json\/wp\/v2\/posts\/293041\/revisions"}],"wp:featuredmedia":[{"embeddable":true,"href":"https:\/\/www.europesays.com\/fr\/wp-json\/wp\/v2\/media\/293042"}],"wp:attachment":[{"href":"https:\/\/www.europesays.com\/fr\/wp-json\/wp\/v2\/media?parent=293041"}],"wp:term":[{"taxonomy":"category","embeddable":true,"href":"https:\/\/www.europesays.com\/fr\/wp-json\/wp\/v2\/categories?post=293041"},{"taxonomy":"post_tag","embeddable":true,"href":"https:\/\/www.europesays.com\/fr\/wp-json\/wp\/v2\/tags?post=293041"}],"curies":[{"name":"wp","href":"https:\/\/api.w.org\/{rel}","templated":true}]}}