{"id":293043,"date":"2025-08-03T07:10:12","date_gmt":"2025-08-03T07:10:12","guid":{"rendered":"https:\/\/www.europesays.com\/fr\/293043\/"},"modified":"2025-08-03T07:10:12","modified_gmt":"2025-08-03T07:10:12","slug":"une-ancienne-presentatrice-de-fox-news-confirmee-comme-procureure-de-washington","status":"publish","type":"post","link":"https:\/\/www.europesays.com\/fr\/293043\/","title":{"rendered":"une ancienne pr\u00e9sentatrice de Fox News confirm\u00e9e comme procureure de Washington"},"content":{"rendered":"<p>En mai, Donald Trump avait nomm\u00e9 Jeanine Pirro, 74 ans, procureure par int\u00e9rim dans la capitale f\u00e9d\u00e9rale. Le pr\u00e9sident am\u00e9ricain a largement puis\u00e9 dans le vivier des animateurs de m\u00e9dias conservateurs pour recruter les membres de son administration.<\/p>\n<p class=\"fig-paragraph\">Le S\u00e9nat am\u00e9ricain a confirm\u00e9 samedi la nomination de l&rsquo;ancienne juge et personnalit\u00e9 t\u00e9l\u00e9visuelle\u00a0<a href=\"http:\/\/www.lefigaro.fr\/international\/etats-unis-donald-trump-choisit-jeanine-pirro-une-presentatrice-de-fox-news-comme-procureure-de-washington-20250509\" target=\"_blank\" data-fig-type=\"NewsFlash\" rel=\"noopener\" data-gtm-custom-categorie=\"navigation\" data-gtm-custom-action=\"crossclick\" data-gtm-custom-label=\"Contextuel\" data-gtm-event=\"customEventSPE\" data-fig-domain=\"LEFIGARO\">Jeanine Pirro<\/a>\u00a0au poste cl\u00e9 de procureure de Washington, faisant d&rsquo;elle le dernier pr\u00e9sentateur de\u00a0<a href=\"http:\/\/www.lefigaro.fr\/flash-eco\/le-gouverneur-de-californie-reclame-des-centaines-de-millions-a-fox-news-pour-diffamation-20250628\" target=\"_blank\" data-fig-type=\"NewsFlash\" rel=\"noopener\" data-gtm-custom-categorie=\"navigation\" data-gtm-custom-action=\"crossclick\" data-gtm-custom-label=\"Contextuel\" data-gtm-event=\"customEventSPE\" data-fig-domain=\"LEFIGARO\">Fox News<\/a>\u00a0en date nomm\u00e9 par Donald Trump \u00e0 de hautes fonctions. Elle a \u00e9t\u00e9 nomm\u00e9e procureure du district de Columbia par 50 voix contre 45, apr\u00e8s une demande expresse de la part du pr\u00e9sident\u00a0<a href=\"http:\/\/www.lefigaro.fr\/international\/une-menace-a-ete-proferee-donald-trump-s-exprime-sur-le-deploiement-de-sous-marins-nucleaires-face-a-la-russie-20250802\" target=\"_blank\" data-fig-type=\"NewsFlash\" rel=\"noopener\" data-gtm-custom-categorie=\"navigation\" data-gtm-custom-action=\"crossclick\" data-gtm-custom-label=\"Contextuel\" data-gtm-event=\"customEventSPE\" data-fig-domain=\"LEFIGARO\">Donald Trump<\/a>\u00a0pour que le S\u00e9nat, domin\u00e9 par les R\u00e9publicains, travaille ce week-end pour approuver ses nominations.<\/p>\n<p class=\"fig-paragraph\">En mai, le pr\u00e9sident friand de t\u00e9l\u00e9vision, qui a largement puis\u00e9 dans le vivier des animateurs de m\u00e9dias conservateurs pour recruter les membres de son administration, avait nomm\u00e9 Jeanine Pirro procureure par int\u00e9rim dans la capitale f\u00e9d\u00e9rale. L&rsquo;imp\u00e9tueuse ancienne procureure de Westchester, dans l&rsquo;\u00c9tat de New York, \u00e2g\u00e9e de 74 ans, a \u00e9t\u00e9 d\u00e9crite par le pr\u00e9sident Trump comme appartenant \u00e0 \u00abune classe \u00e0 part\u00bb.<\/p>\n<p>                                    <a class=\"fig-a11y-skip a11y-hidden\" href=\"#fig-a11y-skip-main-inarticle\"><br \/>\n        Passer la publicit\u00e9<br \/>\n    <\/a><\/p>\n<p>Auteure de plusieurs livres en soutien \u00e0 Donald Trump<\/p>\n<p class=\"fig-paragraph\">Elle s&rsquo;est fait un nom en animant plusieurs \u00e9missions t\u00e9l\u00e9vis\u00e9es dont \u00abJustice with Judge Jeanine\u00bb (justice avec juge Jeanine) diffus\u00e9 pendant 11 ans sur Fox News, la cha\u00eene pr\u00e9f\u00e9r\u00e9e des conservateurs. Avec son poste de procureure de la capitale, l&rsquo;un des plus importants du pays, Jeanine Pirro rejoint ainsi les rangs d&rsquo;autres recrues pour de hautes fonctions au sein des cha\u00eenes d&rsquo;information en continu.<\/p>\n<p class=\"fig-paragraph\">Le secr\u00e9taire \u00e0 la D\u00e9fense Pete Hegseth a co-anim\u00e9 l&rsquo;\u00e9mission \u00abFox &amp; Friends Weekend\u00bb et le secr\u00e9taire aux Transports Sean Duffy, a \u00e9t\u00e9 candidat d&rsquo;\u00e9missions de t\u00e9l\u00e9-r\u00e9alit\u00e9 et co-pr\u00e9sentateur sur Fox Business. Dick Durbin, le principal \u00e9lu d\u00e9mocrate si\u00e9geant \u00e0 la Commission judiciaire du S\u00e9nat, a d\u00e9clar\u00e9 que Jeanine Pirro \u00abne devrait jamais \u00eatre une procureure am\u00e9ricaine permanente\u00bb.<\/p>\n<p class=\"fig-paragraph\">Durbin a fait \u00e9tat de la promotion par Jeanine Pirro de th\u00e9ories du complot concernant l&rsquo;\u00e9lection de 2020, que Trump a perdue face \u00e0 Joe Biden. Elle faisait d&rsquo;ailleurs partie des pr\u00e9sentateurs vedettes cit\u00e9s dans une plainte en diffamation du fabricant de machines \u00e0 voter Dominion, qui s&rsquo;est sold\u00e9e par le versement par Fox News de la somme faramineuse de 787,5 millions de dollars pour mettre fin aux poursuites. Elle Pirro est l&rsquo;auteure de plusieurs livres en soutien \u00e0 Donald Trump.<\/p>\n","protected":false},"excerpt":{"rendered":"En mai, Donald Trump avait nomm\u00e9 Jeanine Pirro, 74 ans, procureure par int\u00e9rim dans la capitale f\u00e9d\u00e9rale. Le&hellip;\n","protected":false},"author":2,"featured_media":293044,"comment_status":"","ping_status":"","sticky":false,"template":"","format":"standard","meta":{"footnotes":""},"categories":[2],"tags":[259,11,260,1011,27,14,261,12,262],"class_list":{"0":"post-293043","1":"post","2":"type-post","3":"status-publish","4":"format-standard","5":"has-post-thumbnail","7":"category-actualites","8":"tag-actualite-internationale","9":"tag-actualites","10":"tag-affaires-etrangeres","11":"tag-fr","12":"tag-france","13":"tag-international","14":"tag-ministere-des-affaires-etrangeres","15":"tag-news","16":"tag-politique-etrangere"},"share_on_mastodon":{"url":"https:\/\/pubeurope.com\/@fr\/114963586927228547","error":""},"_links":{"self":[{"href":"https:\/\/www.europesays.com\/fr\/wp-json\/wp\/v2\/posts\/293043","targetHints":{"allow":["GET"]}}],"collection":[{"href":"https:\/\/www.europesays.com\/fr\/wp-json\/wp\/v2\/posts"}],"about":[{"href":"https:\/\/www.europesays.com\/fr\/wp-json\/wp\/v2\/types\/post"}],"author":[{"embeddable":true,"href":"https:\/\/www.europesays.com\/fr\/wp-json\/wp\/v2\/users\/2"}],"replies":[{"embeddable":true,"href":"https:\/\/www.europesays.com\/fr\/wp-json\/wp\/v2\/comments?post=293043"}],"version-history":[{"count":0,"href":"https:\/\/www.europesays.com\/fr\/wp-json\/wp\/v2\/posts\/293043\/revisions"}],"wp:featuredmedia":[{"embeddable":true,"href":"https:\/\/www.europesays.com\/fr\/wp-json\/wp\/v2\/media\/293044"}],"wp:attachment":[{"href":"https:\/\/www.europesays.com\/fr\/wp-json\/wp\/v2\/media?parent=293043"}],"wp:term":[{"taxonomy":"category","embeddable":true,"href":"https:\/\/www.europesays.com\/fr\/wp-json\/wp\/v2\/categories?post=293043"},{"taxonomy":"post_tag","embeddable":true,"href":"https:\/\/www.europesays.com\/fr\/wp-json\/wp\/v2\/tags?post=293043"}],"curies":[{"name":"wp","href":"https:\/\/api.w.org\/{rel}","templated":true}]}}