{"id":293063,"date":"2025-08-03T07:26:21","date_gmt":"2025-08-03T07:26:21","guid":{"rendered":"https:\/\/www.europesays.com\/fr\/293063\/"},"modified":"2025-08-03T07:26:21","modified_gmt":"2025-08-03T07:26:21","slug":"trois-idees-dexpositions-pour-rester-au-sec-en-aout-a-strasbourg","status":"publish","type":"post","link":"https:\/\/www.europesays.com\/fr\/293063\/","title":{"rendered":"Trois id\u00e9es d&rsquo;expositions pour rester au sec en ao\u00fbt \u00e0 Strasbourg"},"content":{"rendered":"<p class=\"wp-block-post-excerpt__excerpt\">Entre d\u00e9couvertes arch\u00e9ologiques, aquarelles oniriques et arts appliqu\u00e9s, voici trois expositions \u00e0 d\u00e9couvrir \u00e0 Strasbourg pour passer entre les gouttes. <\/p>\n<p class=\"font-sans\">\n\t\t\tCet article est en acc\u00e8s libre. Pour soutenir Rue89 Strasbourg,<br \/>\n\t\t\t<a class=\"underline\" href=\"https:\/\/www.rue89strasbourg.com\/abonnement\" target=\"_blank\" rel=\"noopener\">abonnez-vous<\/a>.\n\t\t<\/p>\n<p>Jeanne-Esther Eichenlaub<\/p>\n<p>Publi\u00e9 le 3 ao\u00fbt 2025\u00a0\u00a0\u00b7\u00a0\u00a0<\/p>\n<p>Imprim\u00e9 le 3 ao\u00fbt 2025 \u00e0 09h26\u00a0\u00a0\u00b7\u00a0\u00a0<\/p>\n<p>\t\t\t\t\t4\u00a0minutes\n<\/p>\n<p>Dent de mammouth, fibule et figurines\u00a0: les tr\u00e9sors des fouilles du GCO<\/p>\n<p>Comme tous les premiers dimanches du mois, les mus\u00e9es municipaux sont gratuits. Pourquoi ne pas en profiter pour aller voir \u00ab\u00a0Un pass\u00e9 incontournable. D\u00e9couvertes arch\u00e9ologiques de l\u2019A355\u00a0\u00bb\u00a0? Cette exposition pr\u00e9sente le r\u00e9sultat des 34 fouilles qui ont \u00e9t\u00e9 effectu\u00e9es entre 2017 et 2019 sur 24 km, \u00e0 l\u2019ouest de Strasbourg avant que les travaux pour le contournement de Strasbourg ne commencent.<\/p>\n<p>Les arch\u00e9ologues ont fouill\u00e9 62,5 hectares sur 3 \u00e0 11 m\u00e8tres de profondeur. Ils ont mis au jour de nombreux tr\u00e9sors comme une dent de lait de mammouth, retrouv\u00e9e \u00e0 Ittenheim ou encore une petite figurine en terre cuite, de moins de 6 cm, \u00e0 Stutzheim-Hoffenheim.<\/p>\n<p>Des dizaines de tonnes de c\u00e9ramiques et 380 s\u00e9pultures ont aussi \u00e9t\u00e9 d\u00e9couvertes. L\u2019exposition s\u2019organise en trois temps\u00a0: la formation du paysage depuis le Pal\u00e9olithique, les dynamiques d\u2019occupation et enfin les pratiques fun\u00e9raires. Dimanche 3 ao\u00fbt, c\u2019est le conservateur du Mus\u00e9e arch\u00e9ologique et co-commissaire de l\u2019exposition en personne, Quentin Richard, qui fera visiter l\u2019exposition.<\/p>\n<p>Aller <strong>plus loin<\/strong><\/p>\n<p><strong>Un pass\u00e9 incontournable. D\u00e9couvertes arch\u00e9ologiques du GCO<\/strong>. Jusqu\u2019au 7 septembre 2025. Tous les jours 10h-13h et 14h-18h en semaine, de 10h \u00e0 18h le week-end, ferm\u00e9 le mardi, \u00e0 la galerie Heitz, dans le Palais des Rohan, 2 place du ch\u00e2teau, Strasbourg\u00a0\u2013 Centre. Gratuit le premier dimanche du mois. Tarif plein : 7,50\u20ac, tarif r\u00e9duit : 3,50\u20ac. Gratuit pour les moins de 26 ans.<\/p>\n<p>Visite de l\u2019exposition avec le conservateur du mus\u00e9e, dimanche 3 ao\u00fbt, de 14h30 \u00e0 15h30. Au Palais des Rohan, 2 place du ch\u00e2teau, Strasbourg-centre. Gratuit.<\/p>\n<p><a href=\"https:\/\/www.rue89strasbourg.com\/abonnement\/paiement?sub=3&amp;discount=ete2025\" target=\"_blank\" rel=\"noopener\"><img loading=\"lazy\" decoding=\"async\" width=\"970\" height=\"250\" src=\"https:\/\/www.europesays.com\/fr\/wp-content\/uploads\/2025\/07\/bannie\u0300re-site-desktop-anime\u0301e.gif\" alt=\"\" class=\"wp-image-350811\" style=\"width:792px;height:auto\"\/><\/a><\/p>\n<p><a href=\"https:\/\/www.rue89strasbourg.com\/abonnement\/paiement?sub=3&amp;discount=ete2025\" target=\"_blank\" rel=\"noopener\"><img loading=\"lazy\" decoding=\"async\" width=\"300\" height=\"300\" src=\"https:\/\/www.europesays.com\/fr\/wp-content\/uploads\/2025\/07\/bannie\u0300re-pub-mobile-anime\u0301e.gif\" alt=\"\" class=\"wp-image-350815\"\/><\/a><\/p>\n<p>Des animaux fantastiques \u00e0 Strasbourg<\/p>\n<p>Au 5e lieu, l\u2019exposition \u00ab\u00a0Haxewarick. Strasbourg Merveilleux\u00a0\u00bb de l\u2019illustrateur C\u00e9lia Housset propose de d\u00e9couvrir la ville sous un nouveau jour. Sur la quinzaine d\u2019oeuvres expos\u00e9es, le visiteur se retrouve plong\u00e9 dans un monde onirique o\u00f9 monstres et \u00eatres fantastiques, \u00e0 mi-chemin entre les traditions folkloriques asiatiques (principalement japonaises) et europ\u00e9ennes, peuplent les rues de Strasbourg.<\/p>\n<p>Ces \u00eatres \u00e9tranges ainsi que des arbres tortueux se glissent sur ou dans des b\u00e2timents bien connus de notre ville\u00a0: les bains municipaux (le b\u00e2timent favori de l\u2019illustrateur \u00e0 Strasbourg), la tour Seegm\u00fcller sur la presqu\u2019\u00eele Malraux, ou encore les Ponts-couverts. D\u00e9but\u00e9e ce printemps, dans le cadre des Rencontres de l\u2019Illustration, dont C\u00e9lia Housset a sign\u00e9 l\u2019affiche, l\u2019exposition se termine le 17 ao\u00fbt.<\/p>\n<p><img loading=\"lazy\" decoding=\"async\" width=\"792\" height=\"1067\" src=\"https:\/\/www.europesays.com\/fr\/wp-content\/uploads\/2025\/08\/expo-5e-lieu-celia-housset-792x1067.jpg\" alt=\"\" class=\"wp-image-353603\"  \/> Avec C\u00e9lia Housset, le pont Jost Haller qui enjambe l\u2019Ill prend des allures d\u2019anim\u00e9 japonais.Photo\u00a0: Document remis<\/p>\n<p>Aller <strong>plus loin<\/strong><\/p>\n<p><strong>Haxewarick : un travail de sorci\u00e8res<\/strong>, de C\u00e9lia Housset. Du mardi au samedi jusqu\u2019au 17 ao\u00fbt 2025, 11h-18h, le dimanche 11h-17h, au 5e lieu, 5 place du ch\u00e2teau, Strasbourg-centre. Entr\u00e9e libre.<\/p>\n<p>\t\tLe livre comme espace de collaboration entre artistes<\/p>\n<p>L\u2019exposition \u00ab\u00a0La biblioth\u00e8que des images. Livre et arts graphiques en dialogue (XIXe-XXIe si\u00e8cles)\u00a0\u00bb met en exergue les liens qui existent entre les collections de la Biblioth\u00e8que des Mus\u00e9es et celles du Mus\u00e9e d\u2019art moderne et contemporain de Strasbourg (MAMCS).<\/p>\n<p>Sur une large p\u00e9riode s\u2019\u00e9tendant du XIXe au XXIe si\u00e8cle, elle explore le r\u00e9cit de la rencontre entre le texte et l\u2019image imprim\u00e9e. Certains artistes, \u00e0 l\u2019instar de Guillaume Apollinaire et Tristan Tzara, ont aboli les fronti\u00e8res entre l\u2019art \u00e9crit et l\u2019art visuel. Le dessin de la lettre et le calligramme sont autant de pratiques qui floutent les contours des deux disciplines. Entre art \u00e0 part enti\u00e8re et moyen de communication, les arts appliqu\u00e9s \u00e9mergent au XIXe si\u00e8cle et fleurissent au XXe si\u00e8cle avec des ma\u00eetres en la mati\u00e8re comme Alfons Mucha ou Marie-Louise Amiet. Les affiches participent de leur succ\u00e8s.<\/p>\n<p>L\u2019exposition du MAMCS explore les diff\u00e9rentes modalit\u00e9s de rencontres entre textes et images en s\u2019appuyant principalement sur des s\u00e9quences historiques.<\/p>\n<p>Aller <strong>plus loin<\/strong><\/p>\n<p><strong>La biblioth\u00e8que des images. Livre et arts graphiques en dialogue (XIXe-XXIe si\u00e8cles)<\/strong>, jusqu\u2019au 21 septembre 2025, du mardi au vendredi 10h-13h et 14h-18h, les samedi et dimanche 10h -18h sans interruption, au Mus\u00e9e d\u2019Art moderne et contemporain de Strasbourg (MAMCS), 1 place Jean Arp, Strasbourg\u00a0\u2013 Gare. Gratuit le 1er dimanche du mois. Tarif plein : 7,50\u20ac, r\u00e9duit : 3,50\u20ac.<\/p>\n","protected":false},"excerpt":{"rendered":"Entre d\u00e9couvertes arch\u00e9ologiques, aquarelles oniriques et arts appliqu\u00e9s, voici trois expositions \u00e0 d\u00e9couvrir \u00e0 Strasbourg pour passer entre&hellip;\n","protected":false},"author":2,"featured_media":293064,"comment_status":"","ping_status":"","sticky":false,"template":"","format":"standard","meta":{"footnotes":""},"categories":[2820],"tags":[1111,11,251,1777,674,1011,27,775,43297,12,25,640],"class_list":{"0":"post-293063","1":"post","2":"type-post","3":"status-publish","4":"format-standard","5":"has-post-thumbnail","7":"category-strasbourg","8":"tag-actu","9":"tag-actualites","10":"tag-culture","11":"tag-eu","12":"tag-europe","13":"tag-fr","14":"tag-france","15":"tag-grand-est","16":"tag-musee-dart-moderne-et-contemporain","17":"tag-news","18":"tag-republique-francaise","19":"tag-strasbourg"},"share_on_mastodon":{"url":"https:\/\/pubeurope.com\/@fr\/114963650077059855","error":""},"_links":{"self":[{"href":"https:\/\/www.europesays.com\/fr\/wp-json\/wp\/v2\/posts\/293063","targetHints":{"allow":["GET"]}}],"collection":[{"href":"https:\/\/www.europesays.com\/fr\/wp-json\/wp\/v2\/posts"}],"about":[{"href":"https:\/\/www.europesays.com\/fr\/wp-json\/wp\/v2\/types\/post"}],"author":[{"embeddable":true,"href":"https:\/\/www.europesays.com\/fr\/wp-json\/wp\/v2\/users\/2"}],"replies":[{"embeddable":true,"href":"https:\/\/www.europesays.com\/fr\/wp-json\/wp\/v2\/comments?post=293063"}],"version-history":[{"count":0,"href":"https:\/\/www.europesays.com\/fr\/wp-json\/wp\/v2\/posts\/293063\/revisions"}],"wp:featuredmedia":[{"embeddable":true,"href":"https:\/\/www.europesays.com\/fr\/wp-json\/wp\/v2\/media\/293064"}],"wp:attachment":[{"href":"https:\/\/www.europesays.com\/fr\/wp-json\/wp\/v2\/media?parent=293063"}],"wp:term":[{"taxonomy":"category","embeddable":true,"href":"https:\/\/www.europesays.com\/fr\/wp-json\/wp\/v2\/categories?post=293063"},{"taxonomy":"post_tag","embeddable":true,"href":"https:\/\/www.europesays.com\/fr\/wp-json\/wp\/v2\/tags?post=293063"}],"curies":[{"name":"wp","href":"https:\/\/api.w.org\/{rel}","templated":true}]}}