{"id":293065,"date":"2025-08-03T07:27:17","date_gmt":"2025-08-03T07:27:17","guid":{"rendered":"https:\/\/www.europesays.com\/fr\/293065\/"},"modified":"2025-08-03T07:27:17","modified_gmt":"2025-08-03T07:27:17","slug":"dans-leur-laboratoire-ils-cultivent-lagriculture-des-temps-modernes","status":"publish","type":"post","link":"https:\/\/www.europesays.com\/fr\/293065\/","title":{"rendered":"dans leur laboratoire, ils cultivent l\u2019agriculture des temps modernes"},"content":{"rendered":"<p>B\u00e9ton cir\u00e9, murs blancs immacul\u00e9s, leds : la ferme de micro-pousses d\u2019Arthur Andr\u00e9 tient du laboratoire. Et c\u2019est pour partie son nom. Nich\u00e9e au sous-sol d\u2019une maison particuli\u00e8re, \u00e0 Strasbourg, GreenLab grandit depuis un an.<\/p>\n<p>A\u00e9r\u00e9es au moyen de ventilateurs, de petites feuilles y agitent leurs couleurs, du vert tendre au violet, en passant par le rose. Ce sont celles de graines germ\u00e9es devenues tiges de 2 \u00e0 20 cm, en quelques jours, enracin\u00e9es dans des fibres de chanvre, \u00ab respirantes et qui retiennent l\u2019eau \u00bb.<\/p>\n<p>Dix \u00e9tag\u00e8res, deux bacs d\u2019eau, des tuyaux<\/p>\n<p>Ici, dans ce local urbain de 35m2 temp\u00e9r\u00e9 \u00e0 24 \u00b0C et humidifi\u00e9 \u00e0 60 %, on ne cultive pas en terre ni sur de grandes \u00e9tendues. \u00ab Notre mod\u00e8le est celui de la ferme verticale <a href=\"https:\/\/www.dna.fr\/economie\/2022\/09\/02\/myfood-l-entreprise-qui-pousse-qui-pousse\" target=\"_blank\" rel=\"noopener\">hydroponique <\/a> sur film nutritif (*) \u00bb, pr\u00e9sente le&#8230;<\/p>\n","protected":false},"excerpt":{"rendered":"B\u00e9ton cir\u00e9, murs blancs immacul\u00e9s, leds : la ferme de micro-pousses d\u2019Arthur Andr\u00e9 tient du laboratoire. Et c\u2019est&hellip;\n","protected":false},"author":2,"featured_media":293066,"comment_status":"","ping_status":"","sticky":false,"template":"","format":"standard","meta":{"footnotes":""},"categories":[2820],"tags":[1111,11,327,2389,2649,33,2880,436,1777,674,107,1011,27,775,5015,3035,12,25,767,640,2879,216],"class_list":{"0":"post-293065","1":"post","2":"type-post","3":"status-publish","4":"format-standard","5":"has-post-thumbnail","7":"category-strasbourg","8":"tag-actu","9":"tag-actualites","10":"tag-agriculture","11":"tag-alsace","12":"tag-bas-rhin","13":"tag-economie","14":"tag-edition-strasbourg","15":"tag-environnement","16":"tag-eu","17":"tag-europe","18":"tag-fil-info","19":"tag-fr","20":"tag-france","21":"tag-grand-est","22":"tag-innovation-et-start-up","23":"tag-la-matinale-strasbourg","24":"tag-news","25":"tag-republique-francaise","26":"tag-science-et-technologie","27":"tag-strasbourg","28":"tag-strasbourg-ville","29":"tag-vie-des-entreprises"},"share_on_mastodon":{"url":"https:\/\/pubeurope.com\/@fr\/114963653847707096","error":""},"_links":{"self":[{"href":"https:\/\/www.europesays.com\/fr\/wp-json\/wp\/v2\/posts\/293065","targetHints":{"allow":["GET"]}}],"collection":[{"href":"https:\/\/www.europesays.com\/fr\/wp-json\/wp\/v2\/posts"}],"about":[{"href":"https:\/\/www.europesays.com\/fr\/wp-json\/wp\/v2\/types\/post"}],"author":[{"embeddable":true,"href":"https:\/\/www.europesays.com\/fr\/wp-json\/wp\/v2\/users\/2"}],"replies":[{"embeddable":true,"href":"https:\/\/www.europesays.com\/fr\/wp-json\/wp\/v2\/comments?post=293065"}],"version-history":[{"count":0,"href":"https:\/\/www.europesays.com\/fr\/wp-json\/wp\/v2\/posts\/293065\/revisions"}],"wp:featuredmedia":[{"embeddable":true,"href":"https:\/\/www.europesays.com\/fr\/wp-json\/wp\/v2\/media\/293066"}],"wp:attachment":[{"href":"https:\/\/www.europesays.com\/fr\/wp-json\/wp\/v2\/media?parent=293065"}],"wp:term":[{"taxonomy":"category","embeddable":true,"href":"https:\/\/www.europesays.com\/fr\/wp-json\/wp\/v2\/categories?post=293065"},{"taxonomy":"post_tag","embeddable":true,"href":"https:\/\/www.europesays.com\/fr\/wp-json\/wp\/v2\/tags?post=293065"}],"curies":[{"name":"wp","href":"https:\/\/api.w.org\/{rel}","templated":true}]}}