{"id":293067,"date":"2025-08-03T07:28:09","date_gmt":"2025-08-03T07:28:09","guid":{"rendered":"https:\/\/www.europesays.com\/fr\/293067\/"},"modified":"2025-08-03T07:28:09","modified_gmt":"2025-08-03T07:28:09","slug":"nice-jazz-fest-apres-un-record-historique-la-date-de-ledition-2026-devoilee","status":"publish","type":"post","link":"https:\/\/www.europesays.com\/fr\/293067\/","title":{"rendered":"Nice Jazz Fest. Apr\u00e8s un record historique, la date de l&rsquo;\u00e9dition 2026 d\u00e9voil\u00e9e"},"content":{"rendered":"<p>            Par<br \/>\n        <strong><br \/>\n            <a href=\"https:\/\/actu.fr\/auteur\/ugo-maillard\" title=\"Consulter tous les articles de Ugo Maillard\" rel=\"nofollow noopener\" target=\"_blank\">Ugo Maillard<\/a><br \/>\n        <\/strong><\/p>\n<p>        Publi\u00e9 le<\/p>\n<p>            3 ao\u00fbt 2025 \u00e0 9h12        <\/p>\n<p>Une r\u00e9ussite pleine et totale. Du jeudi\u00a024 au dimanche 27\u00a0juillet, la ville de <a href=\"https:\/\/actu.fr\/nice\/\" rel=\"nofollow noopener\" target=\"_blank\">Nice<\/a> a accueilli le Nice Jazz Fest pour l\u2019\u00e9dition 2025.<\/p>\n<p class=\" wall-content\">Avec des t\u00eates d\u2019affiche internationale \u00e0 l\u2019instar de Raye ou Jorja Smith, le festival a une nouvelle fois conquis le c\u0153ur des spectateurs. Avec <strong>44\u2009000\u00a0spectateurs<\/strong> sur quatre jours, le Nice Jazz Fest bat son record historique.<\/p>\n<p class=\" wall-content\">\u00ab\u2009Gr\u00e2ce \u00e0 l\u2019engagement de mon adjoint Graig Monetti et au travail remarquable de toutes les \u00e9quipes mobilis\u00e9es, le Nice Jazz Fest a su se r\u00e9inventer tout en restant fid\u00e8le \u00e0 son ADN\u2009: un \u00e9v\u00e9nement ouvert, rassembleur et ancr\u00e9 dans notre territoire\u2009\u00bb, s\u2019est f\u00e9licit\u00e9 Christian Estrosi.<\/p>\n<p>Les dates de 2026<\/p>\n<p class=\" wall-content\">Fort de ce r\u00e9sultat, le maire de Nice a d\u2019ores et d\u00e9j\u00e0 annonc\u00e9 les dates auxquelles se tiendra l\u2019\u00e9dition 2026 du Nice Jazz Fest.\u00a0Elle se d\u00e9roulera les 23, 24, 25 et 26\u00a0juillet 2025.<\/p>\n<p class=\" wall-content\">\u00c0 noter que la <a href=\"https:\/\/indiv.themisweb.fr\/0710\/fListeManifs.aspx?idstructure=0710\" rel=\"nofollow noopener\" target=\"_blank\">billetterie est d\u00e9j\u00e0 ouverte<\/a>, m\u00eame si, \u00e9videmment, on ne conna\u00eet pas encore l\u2019affiche de cette prochaine \u00e9dition. Un tarif pr\u00e9f\u00e9rentiel est propos\u00e9.<\/p>\n<p class=\" wall-content\">Suivez toute l\u2019actualit\u00e9 de vos villes et m\u00e9dias favoris en vous inscrivant \u00e0 <a href=\"https:\/\/moncompte.actu.fr\" title=\"D\u00e9couvez Mon Actu\" rel=\"nofollow noopener\" data-trk=\"{&quot;cta&quot;:{&quot;action&quot;:&quot;https:\\\/\\\/moncompte.actu.fr&quot;,&quot;category&quot;:&quot;mon compte&quot;,&quot;from&quot;:&quot;article footer&quot;,&quot;name&quot;:&quot;Mon actu&quot;,&quot;type&quot;:&quot;cta&quot;}}\" target=\"_blank\">Mon Actu<\/a>.<\/p>\n","protected":false},"excerpt":{"rendered":"Par Ugo Maillard Publi\u00e9 le 3 ao\u00fbt 2025 \u00e0 9h12 Une r\u00e9ussite pleine et totale. Du jeudi\u00a024 au&hellip;\n","protected":false},"author":2,"featured_media":293068,"comment_status":"","ping_status":"","sticky":false,"template":"","format":"standard","meta":{"footnotes":""},"categories":[2819],"tags":[1111,11,1777,674,1011,27,1652,873,12,2401,882,25],"class_list":{"0":"post-293067","1":"post","2":"type-post","3":"status-publish","4":"format-standard","5":"has-post-thumbnail","7":"category-nice","8":"tag-actu","9":"tag-actualites","10":"tag-eu","11":"tag-europe","12":"tag-fr","13":"tag-france","14":"tag-loisirs-culture","15":"tag-musique","16":"tag-news","17":"tag-nice","18":"tag-provence-alpes-cote-dazur","19":"tag-republique-francaise"},"share_on_mastodon":{"url":"https:\/\/pubeurope.com\/@fr\/114963657982121658","error":""},"_links":{"self":[{"href":"https:\/\/www.europesays.com\/fr\/wp-json\/wp\/v2\/posts\/293067","targetHints":{"allow":["GET"]}}],"collection":[{"href":"https:\/\/www.europesays.com\/fr\/wp-json\/wp\/v2\/posts"}],"about":[{"href":"https:\/\/www.europesays.com\/fr\/wp-json\/wp\/v2\/types\/post"}],"author":[{"embeddable":true,"href":"https:\/\/www.europesays.com\/fr\/wp-json\/wp\/v2\/users\/2"}],"replies":[{"embeddable":true,"href":"https:\/\/www.europesays.com\/fr\/wp-json\/wp\/v2\/comments?post=293067"}],"version-history":[{"count":0,"href":"https:\/\/www.europesays.com\/fr\/wp-json\/wp\/v2\/posts\/293067\/revisions"}],"wp:featuredmedia":[{"embeddable":true,"href":"https:\/\/www.europesays.com\/fr\/wp-json\/wp\/v2\/media\/293068"}],"wp:attachment":[{"href":"https:\/\/www.europesays.com\/fr\/wp-json\/wp\/v2\/media?parent=293067"}],"wp:term":[{"taxonomy":"category","embeddable":true,"href":"https:\/\/www.europesays.com\/fr\/wp-json\/wp\/v2\/categories?post=293067"},{"taxonomy":"post_tag","embeddable":true,"href":"https:\/\/www.europesays.com\/fr\/wp-json\/wp\/v2\/tags?post=293067"}],"curies":[{"name":"wp","href":"https:\/\/api.w.org\/{rel}","templated":true}]}}