{"id":293071,"date":"2025-08-03T07:30:30","date_gmt":"2025-08-03T07:30:30","guid":{"rendered":"https:\/\/www.europesays.com\/fr\/293071\/"},"modified":"2025-08-03T07:30:30","modified_gmt":"2025-08-03T07:30:30","slug":"carte-trafic-du-2-aout-fortes-perturbations-entre-ile-de-france-pays-de-la-loire-et-bretagne","status":"publish","type":"post","link":"https:\/\/www.europesays.com\/fr\/293071\/","title":{"rendered":"CARTE. Trafic du 2\u00a0ao\u00fbt\u00a0: fortes perturbations entre \u00cele-de-France, Pays de la Loire et Bretagne"},"content":{"rendered":"<p>Circulation estivale\u00a0: embouteillages attendus entre \u00cele-de-France, Pays de la Loire et Bretagne.<\/p>\n<p>Ce samedi 2\u00a0ao\u00fbt 2025, les automobilistes engag\u00e9s dans le grand <strong>chass\u00e9-crois\u00e9<\/strong> de l\u2019\u00e9t\u00e9 vont devoir faire preuve de patience. Ce n\u2019est pas une surprise. Et en particulier sur les axes qui relient la r\u00e9gion parisienne \u00e0 la fa\u00e7ade Atlantique. L\u2019autoroute A11, Paris, Le Mans, Angers, Nantes, est d\u00e9j\u00e0 fortement sollicit\u00e9e.<\/p>\n<\/p>\n<p>\u00c0 9\u00a0h\u00a042, le bouchon au p\u00e9age de Saint-Arnoult-en-Yvelines, dans le sens des d\u00e9parts, n\u2019augure rien de bon. D\u2019ici quelques heures Le Mans puis Angers et Nantes, devront absorber la vague de vacanciers en route vers le littoral atlantique. Quand c\u2019est encore possible, mieux vaut \u00e9viter, les cr\u00e9neaux horaires \u00e0 \u00e9viter\u00a0:<\/p>\n<p>D\u00e9parts\u00a0: congestion entre Angers et Nantes<\/p>\n<p>Les bouchons sont attendus sur l\u2019A11\u00a0entre Angers et Nantes, <strong>entre 12\u00a0h et 15\u00a0h<\/strong>. Cr\u00e9neau horaire \u00e0 \u00e9viter si possible.<\/p>\n<p>Franchir la m\u00e9tropole nantaise sera \u00e9galement probl\u00e9matique. Celles et ceux qui poursuivent vers Vannes et la c\u00f4te sud de la Bretagne en g\u00e9n\u00e9ral, en empruntant la <strong>RN 165<\/strong> \u00e0 surveiller, qui sera<strong> satur\u00e9e entre 11\u00a0h et 18\u00a0h<\/strong>.<\/p>\n<p>? LIRE AUSSI : <a href=\"https:\/\/www.ouest-france.fr\/societe\/securite-routiere\/departs-en-vacances\/direct-samedi-noir-sur-les-routes-suivez-cette-journee-de-chasse-croise-db22d73b-6a74-4be0-b603-d1ac03f5334d\" target=\"_blank\" rel=\"noopener\">DIRECT. Samedi noir sur les routes : plus de 500km de bouchons relev\u00e9s par Bison Fut\u00e9<\/a> <\/p>\n<p>Retours\u00a0: axe Quimper &#8211; Nantes sous tension<\/p>\n<p>Dans le sens des retours, les automobilistes en provenance de la Bretagne devront \u00e9viter la RN165 <strong>entre Quimper et Nantes<\/strong>, particuli\u00e8rement <strong>charg\u00e9e entre 11\u00a0h et 19\u00a0h<\/strong>. Quant au p\u00e9riph\u00e9rique nantais, d\u00e9j\u00e0 dense en temps normal, il s\u2019appr\u00eate \u00e0 conna\u00eetre des ralentissements prolong\u00e9s.<\/p>\n<p>Pour les vacanciers qui remontent vers le nord depuis l\u2019Espagne et le Pays basque, il serait judicieux d\u2019\u00e9viter l\u2019A63, entre Bayonne et Bordeaux, jusqu\u2019\u00e0 16\u00a0h\u2026 Et l\u2019A10, Bordeaux-Poitiers, jusqu\u2019\u00e0 18\u00a0h. Quant au \u00ab\u00a0verrou\u00a0\u00bb avant d\u2019entrer en \u00cele-de-France, le p\u00e9age de Saint-Arnoult, toujours dans le sens des retours, mieux vaut \u00e9viter de s\u2019y retrouver de 13\u00a0h \u00e0 19\u00a0h, selon Bison Fut\u00e9.<\/p>\n<p>Le Mans et Angers\u00a0: points de passage strat\u00e9giques<\/p>\n<p>Les villes de Le Mans et Angers jouent un r\u00f4le central dans les flux entre Paris et la fa\u00e7ade Atlantique. Si les d\u00e9parts sont \u00e0 \u00e9viter en milieu de journ\u00e9e, les retours pourraient \u00eatre plus fluides en matin\u00e9e ou en soir\u00e9e. Les automobilistes sont invit\u00e9s \u00e0 anticiper leurs horaires pour \u00e9viter les cr\u00e9neaux les plus charg\u00e9s.<\/p>\n<p>\t<img decoding=\"async\" src=\"https:\/\/www.europesays.com\/fr\/wp-content\/uploads\/2025\/08\/P35386959D6922350G_px_640_.jpg\" alt=\"photo pr\u00e9visions de bison fut\u00e9 pour ce samedi 2\u00a0ao\u00fbt 2025.  \u00a9  bison fut\u00e9\" width=\"640\" title=\" Pr\u00e9visions de Bison fut\u00e9 pour ce samedi 2\u00a0ao\u00fbt 2025.   Bison fut\u00e9 \"\/><\/p>\n<p class=\"elmt-legende\"> Pr\u00e9visions de Bison fut\u00e9 pour ce samedi 2\u00a0ao\u00fbt 2025.   Bison fut\u00e9 <\/p>\n<p>?? En r\u00e9sum\u00e9.\u00a0\u00c9vitez les d\u00e9parts en milieu de journ\u00e9e, notamment entre 11\u00a0h et 15\u00a0h.\u00a0Privil\u00e9giez les retours avant 13\u00a0h ou apr\u00e8s 19\u00a0h pour contourner les pics de trafic.\u00a0Consultez les conditions en temps r\u00e9el via les applications de navigation pour adapter votre itin\u00e9raire.<\/p>\n<p>\u00a0<\/p>\n","protected":false},"excerpt":{"rendered":"Circulation estivale\u00a0: embouteillages attendus entre \u00cele-de-France, Pays de la Loire et Bretagne. Ce samedi 2\u00a0ao\u00fbt 2025, les automobilistes&hellip;\n","protected":false},"author":2,"featured_media":293072,"comment_status":"","ping_status":"","sticky":false,"template":"","format":"standard","meta":{"footnotes":""},"categories":[2818],"tags":[5742,1111,11,2863,829,11617,1777,674,32638,1011,27,662,3367,766,12,5457,2636,7854,25,1097],"class_list":{"0":"post-293071","1":"post","2":"type-post","3":"status-publish","4":"format-standard","5":"has-post-thumbnail","7":"category-nantes","8":"tag-5742","9":"tag-actu","10":"tag-actualites","11":"tag-aout","12":"tag-bretagne","13":"tag-carte","14":"tag-eu","15":"tag-europe","16":"tag-fortes","17":"tag-fr","18":"tag-france","19":"tag-ile-de-france","20":"tag-loire","21":"tag-nantes","22":"tag-news","23":"tag-pays","24":"tag-pays-de-la-loire","25":"tag-perturbations","26":"tag-republique-francaise","27":"tag-trafic"},"share_on_mastodon":{"url":"https:\/\/pubeurope.com\/@fr\/114963665646922377","error":""},"_links":{"self":[{"href":"https:\/\/www.europesays.com\/fr\/wp-json\/wp\/v2\/posts\/293071","targetHints":{"allow":["GET"]}}],"collection":[{"href":"https:\/\/www.europesays.com\/fr\/wp-json\/wp\/v2\/posts"}],"about":[{"href":"https:\/\/www.europesays.com\/fr\/wp-json\/wp\/v2\/types\/post"}],"author":[{"embeddable":true,"href":"https:\/\/www.europesays.com\/fr\/wp-json\/wp\/v2\/users\/2"}],"replies":[{"embeddable":true,"href":"https:\/\/www.europesays.com\/fr\/wp-json\/wp\/v2\/comments?post=293071"}],"version-history":[{"count":0,"href":"https:\/\/www.europesays.com\/fr\/wp-json\/wp\/v2\/posts\/293071\/revisions"}],"wp:featuredmedia":[{"embeddable":true,"href":"https:\/\/www.europesays.com\/fr\/wp-json\/wp\/v2\/media\/293072"}],"wp:attachment":[{"href":"https:\/\/www.europesays.com\/fr\/wp-json\/wp\/v2\/media?parent=293071"}],"wp:term":[{"taxonomy":"category","embeddable":true,"href":"https:\/\/www.europesays.com\/fr\/wp-json\/wp\/v2\/categories?post=293071"},{"taxonomy":"post_tag","embeddable":true,"href":"https:\/\/www.europesays.com\/fr\/wp-json\/wp\/v2\/tags?post=293071"}],"curies":[{"name":"wp","href":"https:\/\/api.w.org\/{rel}","templated":true}]}}