{"id":293079,"date":"2025-08-03T07:35:09","date_gmt":"2025-08-03T07:35:09","guid":{"rendered":"https:\/\/www.europesays.com\/fr\/293079\/"},"modified":"2025-08-03T07:35:09","modified_gmt":"2025-08-03T07:35:09","slug":"a-une-heure-de-toulouse-cette-riviere-redevient-baignable-apres-deux-ans-de-contamination-aux-cyanobacteries","status":"publish","type":"post","link":"https:\/\/www.europesays.com\/fr\/293079\/","title":{"rendered":"\u00c0 une heure de Toulouse, cette rivi\u00e8re redevient baignable apr\u00e8s deux ans de contamination aux cyanobact\u00e9ries"},"content":{"rendered":"<p>            Par<br \/>\n        <strong><br \/>\n            <a href=\"https:\/\/actu.fr\/auteur\/enzo-legros\" title=\"Consulter tous les articles de Enzo Legros\" target=\"_blank\" rel=\"noopener\">Enzo Legros<\/a><br \/>\n        <\/strong><\/p>\n<p>        Publi\u00e9 le<\/p>\n<p>            3 ao\u00fbt 2025 \u00e0 9h12        <\/p>\n<p>C\u2019est une nouvelle id\u00e9e de sortie baignade sans danger pour la sant\u00e9. \u00c0 une heure de Toulouse, \u00e0 hauteur de Villemur-sur-Tarn et Bessi\u00e8res, la qualit\u00e9 de l\u2019eau de la rivi\u00e8re Tarn a \u00e9t\u00e9 contr\u00f4l\u00e9e par l\u2019Agence r\u00e9gionale de sant\u00e9 d\u2019Occitanie. Alors qu\u2019elle a \u00e9t\u00e9 <a href=\"https:\/\/actu.fr\/occitanie\/compregnac_12072\/occitanie-des-cyanobacteries-a-un-niveau-inquietant-dans-le-tarn_61456554.html\" target=\"_blank\" rel=\"noopener\">r\u00e9guli\u00e8rement contamin\u00e9e par des cyanobact\u00e9ries<\/a> ces derni\u00e8res ann\u00e9es, la rivi\u00e8re redevient un lieu id\u00e9al pour se rafra\u00eechir cet \u00e9t\u00e9, avec un courant \u00ab\u2009de bonne qualit\u00e9\u2009\u00bb.<\/p>\n<p>La baignade autoris\u00e9e mais pas surveill\u00e9e<\/p>\n<p class=\" wall-content\">Il y a deux ans, un bassin ferm\u00e9 avait \u00e9t\u00e9 am\u00e9nag\u00e9 sur la rivi\u00e8re Tarn pour pouvoir s\u2019y baigner en toute tranquillit\u00e9. \u00ab\u2009Comme on a souvent eu des cyanobact\u00e9ries \u00e0 cause du r\u00e9chauffement de l\u2019eau, on a arr\u00eat\u00e9 de le faire\u2009\u00bb, pr\u00e9cise le maire de <a href=\"https:\/\/actu.fr\/occitanie\/villemur-sur-tarn_31584\" target=\"_blank\" rel=\"noopener\">Villemur-sur-Tarn<\/a>, Jean-Marc Dumoulin.<\/p>\n<p class=\" wall-content\">Cela n\u2019emp\u00eache personne de plonger dans les eaux vives de la commune, mais \u00ab\u2009sous sa propre responsabilit\u00e9\u2009\u00bb pr\u00e9vient le maire Villemurien.<\/p>\n<p>Un espace accessible en transport en commun<\/p>\n<p class=\" wall-content\">La zone de baignade se situe en plein centre de la commune. De nombreuses places de parkings sont disponibles tout au long de la rivi\u00e8re pour s\u2019y rendre en voiture. Sinon, trois lignes de bus r\u00e9gionales effectuent la liaison entre Villemur-sur-Tarn et <a href=\"https:\/\/actu.fr\/toulouse\/\" target=\"_blank\" rel=\"noopener\">Toulouse<\/a> chaque semaine, y compris pendant les vacances d\u2019\u00e9t\u00e9.<\/p>\n<p>Vid\u00e9os : en ce moment sur Actu<\/p>\n<p class=\" wall-content\">Il s\u2019agit des lignes Lio <a href=\"https:\/\/www.mairie-villemur-sur-tarn.fr\/site\/wp-content\/uploads\/horaires-bus-lio-301_2025.pdf\" target=\"_blank\" rel=\"noopener\">301<\/a>, <a href=\"https:\/\/www.mairie-villemur-sur-tarn.fr\/site\/wp-content\/uploads\/Horaires-de-bus-Lio-2025.pdf\" target=\"_blank\" rel=\"noopener\">351<\/a> et <a href=\"https:\/\/www.mairie-villemur-sur-tarn.fr\/site\/wp-content\/uploads\/Horaires-bus-Lio-355.pdf\" target=\"_blank\" rel=\"noopener\">355<\/a>, qui partent toutes les trois du quartier de Borderouge.<\/p>\n<p>Des espaces nautiques \u00e0 proximit\u00e9<\/p>\n<p class=\" wall-content\">Pour ceux qui souhaiteraient pouvoir se baigner en toute s\u00e9curit\u00e9, la piscine communautaire ext\u00e9rieure de Villemur-sur-Tarn est \u00e9galement ouverte jusqu\u2019au 31 ao\u00fbt.<\/p>\n<p class=\" wall-content\">Des activit\u00e9s nautiques comme le t\u00e9l\u00e9ski, wakeboard et le paddle sont aussi propos\u00e9s par la base Original Green Park \u00e0 dix minutes en voiture, dans la commune de Bessi\u00e8res.\u00a0<\/p>\n<p>    <a href=\"https:\/\/www.google.com\/maps\/embed?pb=!1m14!1m12!1m3!1d5921.760220831111!2d1.5073125092644164!3d43.8643338684553!2m3!1f0!2f0!3f0!3m2!1i1024!2i768!4f13.1!5e0!3m2!1sfr!2sfr!4v1754062155684!5m2!1sfr!2sfr\" title=\"Ouvrie le lien\" target=\"_blank\" rel=\"noopener\">Cliquez ici pour visualiser le contenu<\/a><\/p>\n<p class=\" wall-content\">Suivez toute l\u2019actualit\u00e9 de vos villes et m\u00e9dias favoris en vous inscrivant \u00e0 <a href=\"https:\/\/moncompte.actu.fr\" title=\"D\u00e9couvez Mon Actu\" rel=\"nofollow noopener\" data-trk=\"{&quot;cta&quot;:{&quot;action&quot;:&quot;https:\\\/\\\/moncompte.actu.fr&quot;,&quot;category&quot;:&quot;mon compte&quot;,&quot;from&quot;:&quot;article footer&quot;,&quot;name&quot;:&quot;Mon actu&quot;,&quot;type&quot;:&quot;cta&quot;}}\" target=\"_blank\">Mon Actu<\/a>.<\/p>\n","protected":false},"excerpt":{"rendered":"Par Enzo Legros Publi\u00e9 le 3 ao\u00fbt 2025 \u00e0 9h12 C\u2019est une nouvelle id\u00e9e de sortie baignade sans&hellip;\n","protected":false},"author":2,"featured_media":293080,"comment_status":"","ping_status":"","sticky":false,"template":"","format":"standard","meta":{"footnotes":""},"categories":[2816],"tags":[1111,11,1777,674,1011,27,1652,12,2680,25,1341,2312],"class_list":{"0":"post-293079","1":"post","2":"type-post","3":"status-publish","4":"format-standard","5":"has-post-thumbnail","7":"category-toulouse","8":"tag-actu","9":"tag-actualites","10":"tag-eu","11":"tag-europe","12":"tag-fr","13":"tag-france","14":"tag-loisirs-culture","15":"tag-news","16":"tag-occitanie","17":"tag-republique-francaise","18":"tag-sortir-a-toulouse","19":"tag-toulouse"},"share_on_mastodon":{"url":"https:\/\/pubeurope.com\/@fr\/114963685487774213","error":""},"_links":{"self":[{"href":"https:\/\/www.europesays.com\/fr\/wp-json\/wp\/v2\/posts\/293079","targetHints":{"allow":["GET"]}}],"collection":[{"href":"https:\/\/www.europesays.com\/fr\/wp-json\/wp\/v2\/posts"}],"about":[{"href":"https:\/\/www.europesays.com\/fr\/wp-json\/wp\/v2\/types\/post"}],"author":[{"embeddable":true,"href":"https:\/\/www.europesays.com\/fr\/wp-json\/wp\/v2\/users\/2"}],"replies":[{"embeddable":true,"href":"https:\/\/www.europesays.com\/fr\/wp-json\/wp\/v2\/comments?post=293079"}],"version-history":[{"count":0,"href":"https:\/\/www.europesays.com\/fr\/wp-json\/wp\/v2\/posts\/293079\/revisions"}],"wp:featuredmedia":[{"embeddable":true,"href":"https:\/\/www.europesays.com\/fr\/wp-json\/wp\/v2\/media\/293080"}],"wp:attachment":[{"href":"https:\/\/www.europesays.com\/fr\/wp-json\/wp\/v2\/media?parent=293079"}],"wp:term":[{"taxonomy":"category","embeddable":true,"href":"https:\/\/www.europesays.com\/fr\/wp-json\/wp\/v2\/categories?post=293079"},{"taxonomy":"post_tag","embeddable":true,"href":"https:\/\/www.europesays.com\/fr\/wp-json\/wp\/v2\/tags?post=293079"}],"curies":[{"name":"wp","href":"https:\/\/api.w.org\/{rel}","templated":true}]}}