{"id":293081,"date":"2025-08-03T07:36:13","date_gmt":"2025-08-03T07:36:13","guid":{"rendered":"https:\/\/www.europesays.com\/fr\/293081\/"},"modified":"2025-08-03T07:36:13","modified_gmt":"2025-08-03T07:36:13","slug":"yoga-musees-loisirs-indoor-10-idees-de-sorties-pour-ce-dimanche-a-lille-et-aux-alentours","status":"publish","type":"post","link":"https:\/\/www.europesays.com\/fr\/293081\/","title":{"rendered":"Yoga, mus\u00e9es, loisirs indoor\u2026 10 id\u00e9es de sorties pour ce dimanche, \u00e0 Lille et aux alentours"},"content":{"rendered":"<p>            Par<br \/>\n        <strong><br \/>\n            <a href=\"https:\/\/actu.fr\/auteur\/amandine-vachez\" title=\"Consulter tous les articles de Amandine Vachez\" rel=\"nofollow noopener\" target=\"_blank\">Amandine Vachez<\/a><br \/>\n        <\/strong><\/p>\n<p>        Publi\u00e9 le<\/p>\n<p>            2 ao\u00fbt 2025 \u00e0 16h58        <\/p>\n<p>Vous avez envie de <b>sortir<\/b> cette fin de semaine\u00a0mais ne savez pas quoi faire\u2009? Voici un aper\u00e7u de ce qui vous attend, \u00e0 <a href=\"https:\/\/actu.fr\/lille\/\" rel=\"nofollow noopener\" target=\"_blank\">Lille<\/a> (Nord) et autour, le <b>dimanche 3\u00a0ao\u00fbt 2025.<\/b><\/p>\n<p>10 id\u00e9es de sorties, \u00e0 Lille et aux alentours<\/p>\n<ol class=\" wall-content\">\n<li><b>Profiter de l\u2019acc\u00e8s gratuit aux mus\u00e9es<\/b><br \/>Le premier dimanche du mois, l\u2019acc\u00e8s aux mus\u00e9es, du moins aux collections permanentes, est gratuit. C\u2019est l\u2019occasion de se rendre dans un des nombreux b\u00e2timents de la m\u00e9tropole\u2009! Pour savoir lesquels sont concern\u00e9s, <a href=\"https:\/\/actu.fr\/hauts-de-france\/lille_59350\/bon-plan-les-musees-gratuits-a-lille-le-premier-dimanche-du-mois_60915664.html\" rel=\"nofollow noopener\" target=\"_blank\">consultez notre article consacr\u00e9 au sujet<\/a>.<\/li>\n<li><b>Passer un moment en famille \u00e0 Lille Aventure Nature<\/b><br \/>L\u2019\u00e9t\u00e9, la Ville installe un grand village d\u2019activit\u00e9s gratuites, \u00e0 Bois-Blancs. Tyrolienne, piste de luge, cage de grimpe, accrolud\u2026 Un espace d\u00e9tente pour les parents y est aussi install\u00e9. De quoi passer un agr\u00e9able moment en famille\u2009! Les infos pratiques sont r\u00e9unies <a href=\"https:\/\/www.lille.fr\/Actualites\/Lille-Aventure-Nature-2025\" rel=\"nofollow noopener\" target=\"_blank\">sur le site de la municipalit\u00e9<\/a>.<\/li>\n<li><b>Assister \u00e0 la f\u00eate du cheval \u00e0 Villeneuve-d\u2019Ascq<\/b><br \/>Dimanche, le\u00a0mus\u00e9e de Plein Air de Villeneuve-d\u2019Ascq\u00a0vous invite \u00e0 vivre une journ\u00e9e\u2026 au triple galop\u2009! Entre\u00a0promenades en cal\u00e8che, d\u00e9monstrations spectaculaires, ateliers pour petits et grands\u00a0et ambiance d\u2019antan, cette\u00a0f\u00eate du cheval s\u2019annonce riche en \u00e9motions et en d\u00e9couvertes pour toute la famille. L\u2019essentiel des infos <a href=\"https:\/\/actu.fr\/hauts-de-france\/villeneuve-d-ascq_59009\/promenades-en-caleche-spectacles-la-fete-du-cheval-cest-ce-dimanche-a-villeneuve-dascq_62965301.html\" rel=\"nofollow noopener\" target=\"_blank\">\u00e0 retrouver par l\u00e0<\/a>.<\/li>\n<li><b>Fl\u00e2ner au mus\u00e9e de La Piscine<br \/><\/b>Ses collections et sa b\u00e2tisse, exceptionnelles, sont connues bien au-del\u00e0 de nos fronti\u00e8res\u2009: le mus\u00e9e de La Piscine vous r\u00e9serve de belles surprises, cet \u00e9t\u00e9. Et si vous y alliez ce week-end\u2009? En savoir plus <a href=\"https:\/\/actu.fr\/hauts-de-france\/roubaix_59512\/roubaix-le-magnifique-musee-de-la-piscine-profite-de-lete-pour-enrichir-ses-espaces-permanents_62957594.html\" rel=\"nofollow noopener\" target=\"_blank\">sur l\u2019actu du mus\u00e9e<\/a>.<\/li>\n<li><b>Yoga et pilates \u00e0 Saint-Andr\u00e9 cet \u00e9t\u00e9<br \/><\/b>La saison estivale est propice \u00e0 la d\u00e9tente. \u00c0 Saint-Andr\u00e9-lez-Lille, on l\u2019a bien compris\u2009! Des cours de yoga et pilates sont propos\u00e9s gratuitement chaque dimanche. Pour en savoir plus, c\u2019est <a href=\"https:\/\/actu.fr\/hauts-de-france\/saint-andre-lez-lille_59527\/yoga-pilates-des-seances-zen-gratuites-proposees-chaque-dimanche-a-saint-andre-lez-lille_62955876.html\" rel=\"nofollow noopener\" target=\"_blank\">par ici<\/a>.<\/li>\n<li><b>Chiller dans les guinguettes de la MEL<br \/><\/b>Qui dit \u00e9t\u00e9, dit guinguettes. Et de nombreuses vous attendent dans la m\u00e9tropole lilloise\u2009! Que vous vouliez \u00eatre au bord de l\u2019eau, dans un corps de ferme ou ailleurs, avec des animations ou juste un espace d\u00e9tente, vous trouverez votre bonheur. On vous liste les guinguettes saisonni\u00e8res <a href=\"https:\/\/actu.fr\/hauts-de-france\/lille_59350\/lambersart-tourcoing-wambrechies-les-guinguettes-de-lete-dans-la-metropole-de-lille_62883231.html\" rel=\"nofollow noopener\" target=\"_blank\">dans un article consacr\u00e9 au sujet<\/a>.<\/li>\n<li><b>Chiner dans les brocantes<br \/><\/b>Y a-t-il des ventes pr\u00e9vues en ao\u00fbt sur le secteur\u2009? La r\u00e9ponse est oui\u2009! Pour savoir o\u00f9 et quand en profiter ce week-end, <a href=\"https:\/\/actu.fr\/loisirs-culture\/les-brocantes-vide-greniers-et-braderies-organises-dans-le-nord-pas-de-calais-le-week-end-des-2-et-3-aout_62976243.html\" rel=\"nofollow noopener\" target=\"_blank\">consultez l\u2019agenda, avec les infos pratiques<\/a>.<\/li>\n<li><b>Palomano, le parc de jeux pour les enfants (et les parents\u2009!) \u00e0 Villeneuve-d\u2019Ascq<\/b>\n<p>En juin dernier, le parc de loisirs Palomano a ouvert ses portes \u00e0 La Maillerie, \u00e0 Villeneuve-d\u2019Ascq. Dans cette mini-ville immersive, les enfants jouent \u00e0 \u00ab\u2009faire les grands\u2009\u00bb. <a href=\"https:\/\/actu.fr\/hauts-de-france\/villeneuve-d-ascq_59009\/decouvrez-palomano-le-parc-de-jeux-pour-les-enfants-et-les-parents-qui-ouvre-a-villeneuve-dascq_62781849.html\" rel=\"nofollow noopener\" target=\"_blank\">Pr\u00e9cisions<\/a>.<\/p>\n<\/li>\n<li><b>Tester le Follow Park<\/b><br \/>Un immense parc de loisirs indoor est ouvert \u00e0 Lille, dans le centre commercial des Tanneurs. Si vous n\u2019y \u00eates pas encore all\u00e9, ce week-end, c\u2019est peut-\u00eatre l\u2019occasion r\u00eav\u00e9e\u2009! Le parc est ouvert le dimanche de 11\u2009h \u00e0 22\u2009h. Plus d\u2019infos <a href=\"https:\/\/actu.fr\/hauts-de-france\/lille_59350\/simulateur-de-grand-8-mario-kart-grandeur-nature-follow-park-un-mini-disneyland-ouvre-a-lille_61622193.html\" rel=\"nofollow noopener\" target=\"_blank\">par ici<\/a>.<\/li>\n<li><b>Qui\u00e9tude et belles balades dans ce village, le plus haut du Nord<\/b>\n<p>Prenez de la hauteur\u2009! Dans le Nord, ce village accueille le point culminant du d\u00e9partement \u00e0 271\u00a0m d\u2019altitude. Vous y profiterez d\u2019un patrimoine riche et de belles balades. <a href=\"https:\/\/actu.fr\/hauts-de-france\/anor_59012\/profitez-de-la-quietude-et-de-belles-balades-dans-ce-village-qui-est-le-plus-haut-du-nord_59679638.html\" rel=\"nofollow noopener\" target=\"_blank\">D\u00e9tails<\/a>.<\/p>\n<\/li>\n<\/ol>\n<p class=\" wall-content\">\u00c9videmment, cette liste est loin d\u2019\u00eatre exhaustive, tant l\u2019offre de loisirs est riche sur le secteur. Mais \u00e7a vous donne des id\u00e9es\u2009!<\/p>\n<p class=\" wall-content\">Suivez-nous aussi sur <a href=\"https:\/\/www.instagram.com\/lilleactu\/?hl=fr\" rel=\"nofollow noopener\" target=\"_blank\">Instagram<\/a>, <a href=\"https:\/\/www.tiktok.com\/@lilleactu?lang=fr\" rel=\"nofollow noopener\" target=\"_blank\">TikTok<\/a>, <a href=\"https:\/\/www.facebook.com\/actufr.lille\/?locale=fr_FR\" rel=\"nofollow noopener\" target=\"_blank\">Facebook<\/a> et <a href=\"https:\/\/x.com\/Lille_actu\" rel=\"nofollow\">X<\/a>.<\/p>\n<p class=\" wall-content\">Suivez toute l\u2019actualit\u00e9 de vos villes et m\u00e9dias favoris en vous inscrivant \u00e0 <a href=\"https:\/\/moncompte.actu.fr\" title=\"D\u00e9couvez Mon Actu\" rel=\"nofollow noopener\" data-trk=\"{&quot;cta&quot;:{&quot;action&quot;:&quot;https:\\\/\\\/moncompte.actu.fr&quot;,&quot;category&quot;:&quot;mon compte&quot;,&quot;from&quot;:&quot;article footer&quot;,&quot;name&quot;:&quot;Mon actu&quot;,&quot;type&quot;:&quot;cta&quot;}}\" target=\"_blank\">Mon Actu<\/a>.<\/p>\n<ul class=\"ac-article-tag wall-content\">\n<li><a href=\"https:\/\/actu.fr\/tag\/bon-plan-a-lille\" data-trk=\"{&quot;cta&quot;:{&quot;action&quot;:&quot;Bon plan \\u00e0 Lille&quot;,&quot;category&quot;:&quot;tag&quot;,&quot;from&quot;:&quot;article footer&quot;,&quot;name&quot;:&quot;Bon plan \\u00e0 Lille&quot;,&quot;type&quot;:&quot;cta&quot;}}\" rel=\"nofollow noopener\" target=\"_blank\">#Bon plan \u00e0 Lille<\/a><\/li>\n<li><a href=\"https:\/\/actu.fr\/tag\/famille\" data-trk=\"{&quot;cta&quot;:{&quot;action&quot;:&quot;Famille&quot;,&quot;category&quot;:&quot;tag&quot;,&quot;from&quot;:&quot;article footer&quot;,&quot;name&quot;:&quot;Famille&quot;,&quot;type&quot;:&quot;cta&quot;}}\" rel=\"nofollow noopener\" target=\"_blank\">#Famille<\/a><\/li>\n<\/ul>\n<p>                    <script async src=\"\/\/www.instagram.com\/embed.js\"><\/script><script async src=\"\/\/www.tiktok.com\/embed.js\"><\/script><\/p>\n","protected":false},"excerpt":{"rendered":"Par Amandine Vachez Publi\u00e9 le 2 ao\u00fbt 2025 \u00e0 16h58 Vous avez envie de sortir cette fin de&hellip;\n","protected":false},"author":2,"featured_media":293082,"comment_status":"","ping_status":"","sticky":false,"template":"","format":"standard","meta":{"footnotes":""},"categories":[2815],"tags":[1111,11,6557,1777,674,652,1011,27,811,1307,1652,12,25],"class_list":{"0":"post-293081","1":"post","2":"type-post","3":"status-publish","4":"format-standard","5":"has-post-thumbnail","7":"category-lille","8":"tag-actu","9":"tag-actualites","10":"tag-bon-plan-a-lille","11":"tag-eu","12":"tag-europe","13":"tag-famille","14":"tag-fr","15":"tag-france","16":"tag-hauts-de-france","17":"tag-lille","18":"tag-loisirs-culture","19":"tag-news","20":"tag-republique-francaise"},"share_on_mastodon":{"url":"https:\/\/pubeurope.com\/@fr\/114963689257488388","error":""},"_links":{"self":[{"href":"https:\/\/www.europesays.com\/fr\/wp-json\/wp\/v2\/posts\/293081","targetHints":{"allow":["GET"]}}],"collection":[{"href":"https:\/\/www.europesays.com\/fr\/wp-json\/wp\/v2\/posts"}],"about":[{"href":"https:\/\/www.europesays.com\/fr\/wp-json\/wp\/v2\/types\/post"}],"author":[{"embeddable":true,"href":"https:\/\/www.europesays.com\/fr\/wp-json\/wp\/v2\/users\/2"}],"replies":[{"embeddable":true,"href":"https:\/\/www.europesays.com\/fr\/wp-json\/wp\/v2\/comments?post=293081"}],"version-history":[{"count":0,"href":"https:\/\/www.europesays.com\/fr\/wp-json\/wp\/v2\/posts\/293081\/revisions"}],"wp:featuredmedia":[{"embeddable":true,"href":"https:\/\/www.europesays.com\/fr\/wp-json\/wp\/v2\/media\/293082"}],"wp:attachment":[{"href":"https:\/\/www.europesays.com\/fr\/wp-json\/wp\/v2\/media?parent=293081"}],"wp:term":[{"taxonomy":"category","embeddable":true,"href":"https:\/\/www.europesays.com\/fr\/wp-json\/wp\/v2\/categories?post=293081"},{"taxonomy":"post_tag","embeddable":true,"href":"https:\/\/www.europesays.com\/fr\/wp-json\/wp\/v2\/tags?post=293081"}],"curies":[{"name":"wp","href":"https:\/\/api.w.org\/{rel}","templated":true}]}}