{"id":293083,"date":"2025-08-03T07:37:25","date_gmt":"2025-08-03T07:37:25","guid":{"rendered":"https:\/\/www.europesays.com\/fr\/293083\/"},"modified":"2025-08-03T07:37:25","modified_gmt":"2025-08-03T07:37:25","slug":"losc-defaite-et-discretion-pour-le-premier-match-dolivier-giroud-avec-lille-sport-5","status":"publish","type":"post","link":"https:\/\/www.europesays.com\/fr\/293083\/","title":{"rendered":"LOSC. D\u00e9faite et discr\u00e9tion pour le premier match d\u2019Olivier Giroud avec Lille . Sport"},"content":{"rendered":"<p>Recrue phare de Lille cet \u00e9t\u00e9, <a href=\"https:\/\/rennes.maville.com\/sport\/detail_-ligue-1.-j-aurai-un-role-de-grand-frere-olivier-giroud-explique-les-raisons-de-son-retour-_53511-6882031_actu.Htm\" target=\"_blank\" rel=\"noopener\">le champion du monde 2018 Olivier Giroud (38\u00a0ans)<\/a> a \u00e9t\u00e9 discret lors de sa premi\u00e8re rencontre sous ses nouvelles couleurs, ce samedi 2\u00a0ao\u00fbt 2025, en Allemagne, en match amical contre le Borussia Dortmund (d\u00e9faite 3-2).<\/p>\n<p>Titulaire face au quatri\u00e8me de la Bundesliga 2024-2025, le d\u00e9tenteur du record de buts en \u00e9quipe de France n\u2019a pratiquement pas pes\u00e9, \u00e0 l\u2019image de toute son \u00e9quipe, domin\u00e9e en premi\u00e8re p\u00e9riode. Giroud s\u2019est procur\u00e9 une occasion, mais sa t\u00eate dans la surface de r\u00e9paration n\u2019a pas trouv\u00e9 le cadre (22\u2019). L\u2019ancien attaquant d\u2019Arsenal, de Chelsea et du Milan AC, champion du monde 2018 avec les Bleus, a c\u00e9d\u00e9 sa place \u00e0 la mi-temps.<\/p>\n<p>Lucas Chevalier titulaire<\/p>\n<p>Le gardien lillois Lucas Chevalier (23\u00a0ans), courtis\u00e9 par le Paris Saint-Germain selon plusieurs m\u00e9dias et qui pourrait quitter le Nord avant la fin du mercato estival, a lui aussi jou\u00e9 la premi\u00e8re p\u00e9riode. Il a r\u00e9alis\u00e9 plusieurs arr\u00eats d\u00e9cisifs qui ont permis \u00e0 Lille de rester en vie dans cette rencontre.<\/p>\n<p><strong>Lire aussi.<\/strong>\u00a0<a href=\"https:\/\/rennes.maville.com\/sport\/detail_-lille-osc.-olivier-giroud-a-lance-sa-preparation-sous-les-couleurs-de-son-nouveau-club-_54135-6910634_actu.Htm\" target=\"_blank\" rel=\"noopener\">Lille OSC. Olivier Giroud a lanc\u00e9 sa pr\u00e9paration sous les couleurs de son nouveau club<\/a><\/p>\n<p>Lille commencera son championnat le 17\u00a0ao\u00fbt avec un d\u00e9placement \u00e0 Brest. Le club nordiste, qualifi\u00e9 pour la prochaine Ligue Europa, a encore deux matchs de pr\u00e9paration \u00e0 son programme\u00a0: Venise mercredi et West Ham le 9\u00a0ao\u00fbt.<\/p>\n<p>\u00a0<\/p>\n","protected":false},"excerpt":{"rendered":"Recrue phare de Lille cet \u00e9t\u00e9, le champion du monde 2018 Olivier Giroud (38\u00a0ans) a \u00e9t\u00e9 discret lors&hellip;\n","protected":false},"author":2,"featured_media":292044,"comment_status":"","ping_status":"","sticky":false,"template":"","format":"standard","meta":{"footnotes":""},"categories":[2815],"tags":[1111,11,3809,1465,3472,1777,674,63,1011,27,1792,811,1922,1307,12,25,479,517,1470],"class_list":{"0":"post-293083","1":"post","2":"type-post","3":"status-publish","4":"format-standard","5":"has-post-thumbnail","7":"category-lille","8":"tag-actu","9":"tag-actualites","10":"tag-ball","11":"tag-basket","12":"tag-dinan","13":"tag-eu","14":"tag-europe","15":"tag-football","16":"tag-fr","17":"tag-france","18":"tag-handball","19":"tag-hauts-de-france","20":"tag-info","21":"tag-lille","22":"tag-news","23":"tag-republique-francaise","24":"tag-rugby","25":"tag-sport","26":"tag-volley"},"share_on_mastodon":{"url":"https:\/\/pubeurope.com\/@fr\/114963693138745408","error":""},"_links":{"self":[{"href":"https:\/\/www.europesays.com\/fr\/wp-json\/wp\/v2\/posts\/293083","targetHints":{"allow":["GET"]}}],"collection":[{"href":"https:\/\/www.europesays.com\/fr\/wp-json\/wp\/v2\/posts"}],"about":[{"href":"https:\/\/www.europesays.com\/fr\/wp-json\/wp\/v2\/types\/post"}],"author":[{"embeddable":true,"href":"https:\/\/www.europesays.com\/fr\/wp-json\/wp\/v2\/users\/2"}],"replies":[{"embeddable":true,"href":"https:\/\/www.europesays.com\/fr\/wp-json\/wp\/v2\/comments?post=293083"}],"version-history":[{"count":0,"href":"https:\/\/www.europesays.com\/fr\/wp-json\/wp\/v2\/posts\/293083\/revisions"}],"wp:featuredmedia":[{"embeddable":true,"href":"https:\/\/www.europesays.com\/fr\/wp-json\/wp\/v2\/media\/292044"}],"wp:attachment":[{"href":"https:\/\/www.europesays.com\/fr\/wp-json\/wp\/v2\/media?parent=293083"}],"wp:term":[{"taxonomy":"category","embeddable":true,"href":"https:\/\/www.europesays.com\/fr\/wp-json\/wp\/v2\/categories?post=293083"},{"taxonomy":"post_tag","embeddable":true,"href":"https:\/\/www.europesays.com\/fr\/wp-json\/wp\/v2\/tags?post=293083"}],"curies":[{"name":"wp","href":"https:\/\/api.w.org\/{rel}","templated":true}]}}