{"id":293087,"date":"2025-08-03T07:40:16","date_gmt":"2025-08-03T07:40:16","guid":{"rendered":"https:\/\/www.europesays.com\/fr\/293087\/"},"modified":"2025-08-03T07:40:16","modified_gmt":"2025-08-03T07:40:16","slug":"part-dieu-la-revolution-paysagere-est-en-route","status":"publish","type":"post","link":"https:\/\/www.europesays.com\/fr\/293087\/","title":{"rendered":"Part-Dieu : la r\u00e9volution paysag\u00e8re est en route&#8230;"},"content":{"rendered":"<p>Face \u00e0 l\u2019urgence climatique, la Ville de Lyon et la M\u00e9tropole de Lyon intensifient leurs efforts pour adapter l\u2019urbanisme aux nouvelles contraintes environnementales. L\u2019un des chantiers embl\u00e9matiques de cette transformation est le quartier de la Part-Dieu, une v\u00e9ritable r\u00e9volution paysag\u00e8re est en cours avec pour objectif : lutter contre les \u00eelots de chaleur en redonnant toute sa place \u00e0 la nature.<\/p>\n<p>Depuis le d\u00e9but du mandat, la <strong><a href=\"https:\/\/www.lyon.fr\/actions-et-projets\/les-projets-urbains\/la-part-dieu\" target=\"_blank\" rel=\"noreferrer noopener\">Ville de Lyon<\/a> <\/strong>et la <strong><a href=\"https:\/\/www.grandlyon.com\/mes-services-au-quotidien\/sinformer-sur-les-projets-urbains-dans-la-metropole\/lyon-part-dieu\" target=\"_blank\" rel=\"noreferrer noopener\">M\u00e9tropole de Lyon<\/a><\/strong> ont engag\u00e9 une politique volontariste pour <strong>lutter contre les effets du d\u00e9r\u00e8glement climatique<\/strong>. Une n\u00e9cessit\u00e9 pour la capitale des Gaules, o\u00f9 <strong>les temp\u00e9ratures ont grimp\u00e9 de 2,4\u00b0C depuis 1960<\/strong>, comme le rappelle <strong>Gr\u00e9gory Doucet<\/strong>, maire de Lyon. La <strong>Part-Dieu<\/strong> est, en quelque sorte, le symbole de cette lutte\u2026<\/p>\n<p>\u00ab On a des <strong>\u00e9pisodes de tr\u00e8s forte chaleur<\/strong> en \u00e9t\u00e9 et de moindre froideur en hiver. C\u2019est une r\u00e9alit\u00e9 qui touche surtout les personnes les plus vuln\u00e9rables \u00bb, constate l\u2019\u00e9lu \u00e9cologiste.<\/p>\n<p>Ecoutez le podcast<\/p>\n<p>M\u00e9tamorphose de la Part-Dieu<\/p>\n<p>Pour y r\u00e9pondre, la municipalit\u00e9 mise sur un levier fort : <strong>ramener la nature en ville<\/strong>. En cinq ans, <strong>180 000 arbres et arbustes ont \u00e9t\u00e9 plant\u00e9s<\/strong> dans la <strong>M\u00e9tropole de Lyon<\/strong>, avec un effort particulier sur les quartiers les plus min\u00e9raux. \u00c0 la <strong>Part-Dieu<\/strong>, deuxi\u00e8me quartier d\u2019affaires de France apr\u00e8s La D\u00e9fense, cette strat\u00e9gie se traduit par une \u00ab\u00a0<strong>r\u00e9volution paysag\u00e8re<\/strong>\u00ab\u00a0.<\/p>\n<p>Ecoutez aussi : <a href=\"https:\/\/www.lyondemain.fr\/fleuve-et-riviere-biodiversite-vnf-metropole\/\" target=\"_blank\" rel=\"noreferrer noopener\">Lyon : rendre fleuve et rivi\u00e8re aux citoyens et \u00e0 la biodiversit\u00e9\u2026<\/a><\/p>\n<p>7 ha repris sur le bitume<\/p>\n<p>Le maire insiste : \u00ab Nous avons repris sept hectares sur le bitume pour les rendre \u00e0 la <strong>nature<\/strong>. Ce sont d\u00e9sormais des <strong>sols perm\u00e9ables<\/strong>, capables d\u2019absorber l\u2019eau de pluie, et plant\u00e9s d\u2019<strong>arbustes<\/strong> et d\u2019<strong>arbres<\/strong> qui cr\u00e9eront de l\u2019ombre. \u00bb<\/p>\n<p>Les <strong>premiers am\u00e9nagements<\/strong> concernent plusieurs zones strat\u00e9giques. La <strong>place B\u00e9raudier<\/strong>, repens\u00e9e comme un \u00eelot de fra\u00eecheur. La <strong>rue des Cuirassiers<\/strong> avec 60 nouveaux arbres. Le <strong>quartier Danton<\/strong>, la <strong>rue de la Rize<\/strong>, la <strong>place Renaudel<\/strong>, ou encore la <strong>place des Martyrs de la R\u00e9sistance<\/strong>, ancien parking devenu <strong>espace v\u00e9g\u00e9talis\u00e9<\/strong>.<\/p>\n<p>La phase 1 du <strong>bois de la Part-Dieu<\/strong>, en bordure de la biblioth\u00e8que, est \u00e9galement en cours. Mais la transformation ne fait que commencer. <strong>Florent Sainte Fare Garnot<\/strong>, directeur de la <strong><a href=\"https:\/\/www.lyon-partdieu.com\/projet\/spl-lyon-part-dieu\/\" target=\"_blank\" rel=\"noreferrer noopener\">SPL Lyon Part-Dieu<\/a><\/strong>, pr\u00e9voit une suite d\u00e8s le prochain mandat. Avec la finalisation du <strong>bois de la Part-Dieu<\/strong> phase 2 sur la parcelle de France T\u00e9l\u00e9visions, le <strong>doublement de la place G\u00e9rard Collomb<\/strong>, et la <strong>cr\u00e9ation d\u2019une promenade paysag\u00e8re rue Garibaldi<\/strong>\u2026<\/p>\n<p>Ecoutez aussi : <a href=\"https:\/\/www.lyondemain.fr\/unoc-3-les-decisions-ne-sont-pas-a-la-hauteur-de-lurgence\/\" target=\"_blank\" rel=\"noreferrer noopener\">UNOC 3 : \u00ab\u00a0Les d\u00e9cisions ne sont pas \u00e0 la hauteur de l\u2019urgence\u2026\u00a0\u00bb<\/a><\/p>\n<p><img loading=\"lazy\" decoding=\"async\" width=\"1200\" height=\"675\" src=\"https:\/\/www.europesays.com\/fr\/wp-content\/uploads\/2025\/08\/revolution-paysagere-Florent-Saint-Fare-Garnot.png\" alt=\"Florent Saint Fare Garnot\" class=\"wp-image-250824\"  \/>Florent Saint Fare Garnot<\/p>\n<p>Le Bois de la Part-Dieu<\/p>\n<p>\u00ab Ce que les \u00e9lus ont pr\u00e9sent\u00e9 n\u2019est que le premier paquet de cette r\u00e9volution. D\u2019ici 2030, nous visons quatre \u00e0 cinq hectares suppl\u00e9mentaires\u2026 Trois fois plus d\u2019arbres et deux fois plus de <strong>surface perm\u00e9able<\/strong> dans le quartier. \u00bb<\/p>\n<p>Un changement profond, pens\u00e9 pour durer, et offrir \u00e0 la Part-Dieu un v\u00e9ritable c\u0153ur apais\u00e9, \u00e0 rebours de son image de quartier min\u00e9ral et tr\u00e9pidant\u2026<\/p>\n<p>Ecoutez aussi :  <a href=\"https:\/\/www.lyondemain.fr\/lyon-place-jardin-vaclav-havel-gerland\/\" target=\"_blank\" rel=\"noreferrer noopener\">Lyon invente le concept de place jardin \u00e0 Gerland<\/a><\/p>\n<p><img loading=\"lazy\" decoding=\"async\" width=\"1200\" height=\"675\" src=\"https:\/\/www.europesays.com\/fr\/wp-content\/uploads\/2025\/08\/revolution-paysagere-Part-Dieu.png\" alt=\"r\u00e9volution paysag\u00e8re\" class=\"wp-image-250819\"  \/><br \/>\nJ\u2019aime \u00e7a\u00a0:<\/p>\n<p>J\u2019aime chargement\u2026<\/p>\n<p><a class=\"sd-link-color\"\/><\/p>\n<p>\n\tArticles similaires\n<\/p>\n<p>\t\t\t\t<img decoding=\"async\" src=\"https:\/\/www.europesays.com\/fr\/wp-content\/uploads\/2025\/08\/1754206816_933_7866158698e17e8ed633c05e8f8e7fe5d9e057ad78661c4dc34e413abb6b9f19\" alt=\"G\u00e9rald Bouchon\"\/><\/p>\n<p>Pionnier des radios libres, passionn\u00e9 de radio, journaliste et dirigeant de m\u00e9dias \u00e9co-responsables..<\/p>\n","protected":false},"excerpt":{"rendered":"Face \u00e0 l\u2019urgence climatique, la Ville de Lyon et la M\u00e9tropole de Lyon intensifient leurs efforts pour adapter&hellip;\n","protected":false},"author":2,"featured_media":293088,"comment_status":"","ping_status":"","sticky":false,"template":"","format":"standard","meta":{"footnotes":""},"categories":[1889],"tags":[1111,11,3570,2430,42751,5921,1129,43298,1777,674,1011,27,5226,2428,10510,20327,12,6125,25284,10790,5140,25,42760,10792,3291],"class_list":{"0":"post-293087","1":"post","2":"type-post","3":"status-publish","4":"format-standard","5":"has-post-thumbnail","7":"category-lyon","8":"tag-actu","9":"tag-actualites","10":"tag-arbres","11":"tag-auvergne-rhone-alpes","12":"tag-bois-de-la-part-dieu","13":"tag-bruno-bernard","14":"tag-climat","15":"tag-cuirassiers","16":"tag-eu","17":"tag-europe","18":"tag-fr","19":"tag-france","20":"tag-gregory-doucet","21":"tag-lyon","22":"tag-metropole-de-lyon","23":"tag-nature-en-ville","24":"tag-news","25":"tag-part-dieu","26":"tag-place-beraudier","27":"tag-plantation-darbres","28":"tag-rechauffement-climatique","29":"tag-republique-francaise","30":"tag-spl-lyon-part-dieu","31":"tag-vegetalisation","32":"tag-ville-de-lyon"},"share_on_mastodon":{"url":"https:\/\/pubeurope.com\/@fr\/114963705088354183","error":""},"_links":{"self":[{"href":"https:\/\/www.europesays.com\/fr\/wp-json\/wp\/v2\/posts\/293087","targetHints":{"allow":["GET"]}}],"collection":[{"href":"https:\/\/www.europesays.com\/fr\/wp-json\/wp\/v2\/posts"}],"about":[{"href":"https:\/\/www.europesays.com\/fr\/wp-json\/wp\/v2\/types\/post"}],"author":[{"embeddable":true,"href":"https:\/\/www.europesays.com\/fr\/wp-json\/wp\/v2\/users\/2"}],"replies":[{"embeddable":true,"href":"https:\/\/www.europesays.com\/fr\/wp-json\/wp\/v2\/comments?post=293087"}],"version-history":[{"count":0,"href":"https:\/\/www.europesays.com\/fr\/wp-json\/wp\/v2\/posts\/293087\/revisions"}],"wp:featuredmedia":[{"embeddable":true,"href":"https:\/\/www.europesays.com\/fr\/wp-json\/wp\/v2\/media\/293088"}],"wp:attachment":[{"href":"https:\/\/www.europesays.com\/fr\/wp-json\/wp\/v2\/media?parent=293087"}],"wp:term":[{"taxonomy":"category","embeddable":true,"href":"https:\/\/www.europesays.com\/fr\/wp-json\/wp\/v2\/categories?post=293087"},{"taxonomy":"post_tag","embeddable":true,"href":"https:\/\/www.europesays.com\/fr\/wp-json\/wp\/v2\/tags?post=293087"}],"curies":[{"name":"wp","href":"https:\/\/api.w.org\/{rel}","templated":true}]}}