{"id":293093,"date":"2025-08-03T07:45:12","date_gmt":"2025-08-03T07:45:12","guid":{"rendered":"https:\/\/www.europesays.com\/fr\/293093\/"},"modified":"2025-08-03T07:45:12","modified_gmt":"2025-08-03T07:45:12","slug":"mercato-le-transfert-impossible-au-paris-fc","status":"publish","type":"post","link":"https:\/\/www.europesays.com\/fr\/293093\/","title":{"rendered":"Mercato : Le transfert impossible au Paris FC !"},"content":{"rendered":"<p>                    Alexis Poch<br \/>\n                        &#8211;<\/p>\n<p>Journaliste<\/p>\n<p>Titulaire d&rsquo;un Master en journalisme sportif, je suis tomb\u00e9 amoureux du tennis d\u00e8s l&rsquo;enfance et j&rsquo;ai toujours aim\u00e9 lire les belles histoires de ce sport. Aujourd&rsquo;hui, je souhaite les raconter, profiter de ma passion \u00e0 fond et \u00eatre au plus proche des as du circuit.<\/p>\n<p class=\"heading\">Auteur d&rsquo;une grande saison en Ligue 2, le Paris FC a r\u00e9ussi son op\u00e9ration remont\u00e9e en Ligue 1 et a de grandes ambitions sur le mercato. Le club met l&rsquo;accent sur des profils exp\u00e9riment\u00e9s de l&rsquo;\u00e9lite du championnat de France mais a v\u00e9cu un coup dur avec le dossier Benjamin Andr\u00e9. Les dirigeants veulent maintenant se tourner vers Laurent Abergel, capitaine du FC Lorient.<\/p>\n<p>Proche de s&rsquo;engager avec le <a href=\"https:\/\/le10sport.com\/football\/mercato\/25meur-le-transfert-de-folie-au-paris-fc-752854\" rel=\"nofollow noopener\" target=\"_blank\"><strong>Paris FC<\/strong><\/a><strong>, Benjamin Andr\u00e9<\/strong> a fini par prolonger son contrat avec le <strong>LOSC<\/strong>. Le milieu de terrain de 34 ans repr\u00e9sentait une grosse op\u00e9ration mais le club parisien doit se rattraper. Les regards se tournent d\u00e9sormais vers <strong>Laurent Abergel<\/strong>, l&rsquo;ancien Marseillais. Mais il sera bien dur de convaincre le milieu de Lorient.<\/p>\n<p>                                            Le Paris FC repart \u00e0 l&rsquo;attaque apr\u00e8s Andr\u00e9<\/p>\n<p>Tr\u00e8s actif depuis le d\u00e9but du mercato, le <strong>Paris FC<\/strong> nourrit de grandes ambitions pour son retour dans l&rsquo;\u00e9lite. Le club de la capitale a pris un coup apr\u00e8s le dossier Andr\u00e9 et se tourne maintenant vers <strong>Laurent Abergel<\/strong>, comme le rapporte TeamFootball. Le joueur de 32 ans a un profil int\u00e9ressant \u00e9galement.<\/p>\n<p>                                            Une op\u00e9ration trop difficile \u00e0 conclure ?<\/p>\n<p>Capitaine du <strong>FC Lorient, Laurent Abergel<\/strong> repr\u00e9senterait une grosse op\u00e9ration pour le <strong>Paris FC<\/strong>, qui esp\u00e8re frapper fort. Mais TeamFootball rajoute qu&rsquo;il y a peu de chances de voir <strong>Abergel <\/strong>quitter <strong>Lorient<\/strong>. Il est \u00e9videmment intouchable aux yeux de la direction et malgr\u00e9 sa valeur estim\u00e9e \u00e0 2M\u20ac maximum, il ne rejoindra pas Paris. <strong>Lorient <\/strong>n&rsquo;a aucun int\u00e9r\u00eat \u00e0 l\u00e2cher son joueur alors que le club revient dans l&rsquo;\u00e9lite \u00e9galement.<\/p>\n","protected":false},"excerpt":{"rendered":"Alexis Poch &#8211; Journaliste Titulaire d&rsquo;un Master en journalisme sportif, je suis tomb\u00e9 amoureux du tennis d\u00e8s l&rsquo;enfance&hellip;\n","protected":false},"author":2,"featured_media":293094,"comment_status":"","ping_status":"","sticky":false,"template":"","format":"standard","meta":{"footnotes":""},"categories":[1888],"tags":[1111,1928,11,1927,1777,674,1011,27,12,1926,626,1925,25],"class_list":{"0":"post-293093","1":"post","2":"type-post","3":"status-publish","4":"format-standard","5":"has-post-thumbnail","7":"category-paris","8":"tag-actu","9":"tag-actu-paris","10":"tag-actualites","11":"tag-actualites-paris","12":"tag-eu","13":"tag-europe","14":"tag-fr","15":"tag-france","16":"tag-news","17":"tag-news-paris","18":"tag-paris","19":"tag-paris-news","20":"tag-republique-francaise"},"share_on_mastodon":{"url":"https:\/\/pubeurope.com\/@fr\/114963724731896693","error":""},"_links":{"self":[{"href":"https:\/\/www.europesays.com\/fr\/wp-json\/wp\/v2\/posts\/293093","targetHints":{"allow":["GET"]}}],"collection":[{"href":"https:\/\/www.europesays.com\/fr\/wp-json\/wp\/v2\/posts"}],"about":[{"href":"https:\/\/www.europesays.com\/fr\/wp-json\/wp\/v2\/types\/post"}],"author":[{"embeddable":true,"href":"https:\/\/www.europesays.com\/fr\/wp-json\/wp\/v2\/users\/2"}],"replies":[{"embeddable":true,"href":"https:\/\/www.europesays.com\/fr\/wp-json\/wp\/v2\/comments?post=293093"}],"version-history":[{"count":0,"href":"https:\/\/www.europesays.com\/fr\/wp-json\/wp\/v2\/posts\/293093\/revisions"}],"wp:featuredmedia":[{"embeddable":true,"href":"https:\/\/www.europesays.com\/fr\/wp-json\/wp\/v2\/media\/293094"}],"wp:attachment":[{"href":"https:\/\/www.europesays.com\/fr\/wp-json\/wp\/v2\/media?parent=293093"}],"wp:term":[{"taxonomy":"category","embeddable":true,"href":"https:\/\/www.europesays.com\/fr\/wp-json\/wp\/v2\/categories?post=293093"},{"taxonomy":"post_tag","embeddable":true,"href":"https:\/\/www.europesays.com\/fr\/wp-json\/wp\/v2\/tags?post=293093"}],"curies":[{"name":"wp","href":"https:\/\/api.w.org\/{rel}","templated":true}]}}