{"id":293104,"date":"2025-08-03T07:51:10","date_gmt":"2025-08-03T07:51:10","guid":{"rendered":"https:\/\/www.europesays.com\/fr\/293104\/"},"modified":"2025-08-03T07:51:10","modified_gmt":"2025-08-03T07:51:10","slug":"de-nouvelles-violences-lors-de-manifestations-antimigrants-a-londres-et-manchester","status":"publish","type":"post","link":"https:\/\/www.europesays.com\/fr\/293104\/","title":{"rendered":"De nouvelles violences lors de manifestations antimigrants \u00e0 Londres et Manchester"},"content":{"rendered":"<p>La tension est vive au <a href=\"https:\/\/www.20minutes.fr\/monde\/royaume-uni\/\" target=\"_blank\" class=\"color-ultramarine c-link\" rel=\"nofollow noopener\">Royaume-Uni<\/a>. De nouveaux heurts ont \u00e9clat\u00e9 samedi lors de manifestations anti-<a href=\"https:\/\/www.20minutes.fr\/dossier\/immigration\" target=\"_blank\" class=\"color-ultramarine c-link\" rel=\"nofollow noopener\">immigration<\/a> et la police a proc\u00e9d\u00e9 \u00e0 des arrestations.<\/p>\n<p>Des manifestants qui appelaient \u00e0 une \u00ab\u00a0remigration\u00a0\u00bb massive, mais aussi des groupes de militants antiracistes, ont afflu\u00e9 dans le centre de <a href=\"https:\/\/www.20minutes.fr\/dossier\/manchester\" target=\"_blank\" class=\"color-ultramarine c-link\" rel=\"nofollow noopener\">Manchester<\/a>, dans le nord-ouest de l\u2019Angleterre, lors d\u2019une marche organis\u00e9e par la formation d\u2019extr\u00eame droite \u00ab\u00a0Britain First\u00a0\u00bb (La Grande-Bretagne d\u2019abord). Les deux groupes se sont affront\u00e9s bri\u00e8vement au d\u00e9but de la manifestation avant que la police ne les s\u00e9pare.<\/p>\n<p>Deux groupes radicalement oppos\u00e9s<\/p>\n<p>\u00ab\u00a0C\u2019est une marche pour la re-migration\u00a0\u00bb, a expos\u00e9 Brendan O\u2019Reilly, un manifestant de 66 ans. \u00ab\u00a0Renvoyez-les d\u2019o\u00f9 ils viennent, ne les laissez pas entrer, emp\u00eachez-les simplement d\u2019arriver, nous avons des h\u00f4tels pleins de migrants et nous avons nos propres sans-abri qui sont dehors dans la rue, mendiant de la nourriture et sans h\u00e9bergement\u00a0\u00bb, a-t-il ajout\u00e9.<\/p>\n<\/p>\n<p>Judy, une contre-manifestante de 60 ans, infirmi\u00e8re \u00e0 la retraite, a de son c\u00f4t\u00e9 dit \u00eatre l\u00e0 parce qu\u2019elle \u00ab\u00a0refuse de voir des gens pleins de haine dans les rues de Manchester\u00a0\u00bb. \u00ab\u00a0Veulent-ils que tout le monde s\u2019en aille ou est-ce seulement les gens de couleur\u00a0? Je suspecte que ce sont juste les gens de couleurs qu\u2019ils veulent voir re-migrer\u00a0\u00bb, a-t-elle ajout\u00e9.<\/p>\n<p>Des heurts \u00e0 Londres<\/p>\n<p>A <a href=\"https:\/\/www.20minutes.fr\/dossier\/londres\" target=\"_blank\" class=\"color-ultramarine c-link\" rel=\"nofollow noopener\">Londres<\/a>, manifestants et contre-manifestants ont converg\u00e9 vers un h\u00f4tel h\u00e9bergeant des demandeurs d\u2019asile en centre-ville, comme lors de manifestations pr\u00e9c\u00e9dentes qui avaient parfois donn\u00e9 lieu \u00e0 des violences. Des heurts similaires ont \u00e9clat\u00e9 devant l\u2019h\u00f4tel du quartier du Barbican, avant que la police n\u2019intervienne.<\/p>\n<p><a href=\"https:\/\/www.20minutes.fr\/monde\/royaume-uni\/\" target=\"_blank\" class=\"c-link c-btn c-btn--primary\" rel=\"nofollow noopener\">Notre dossier sur le Royaume-Uni<\/a><\/p>\n<p>La police de Londres a \u00e9crit sur X que ses agents avaient d\u00e9gag\u00e9 un carrefour o\u00f9 les contre-manifestants s\u2019\u00e9taient group\u00e9s. \u00ab\u00a0Il y a eu neuf interpellations pour l\u2019instant, dont sept pour atteinte \u00e0 l\u2019ordre public\u00a0\u00bb, a ajout\u00e9 la police.<\/p>\n","protected":false},"excerpt":{"rendered":"La tension est vive au Royaume-Uni. De nouveaux heurts ont \u00e9clat\u00e9 samedi lors de manifestations anti-immigration et la&hellip;\n","protected":false},"author":2,"featured_media":293105,"comment_status":"","ping_status":"","sticky":false,"template":"","format":"standard","meta":{"footnotes":""},"categories":[1588],"tags":[47,11,1777,674,1061,4534,3491,1272,74,12,10162,473,1853,1851,1850,1852,133,809,30552],"class_list":{"0":"post-293104","1":"post","2":"type-post","3":"status-publish","4":"format-standard","5":"has-post-thumbnail","7":"category-royaume-uni","8":"tag-actualite","9":"tag-actualites","10":"tag-eu","11":"tag-europe","12":"tag-immigration","13":"tag-londres","14":"tag-manchester","15":"tag-manifestations","16":"tag-monde","17":"tag-news","18":"tag-racisme","19":"tag-royaume-uni","20":"tag-royaume-uni-de-grande-bretagne-et-dirlande-du-nord","21":"tag-uk","22":"tag-united-kingdom","23":"tag-united-kingdom-of-great-britain-and-northern-ireland","24":"tag-video","25":"tag-violence","26":"tag-xenophobie"},"share_on_mastodon":{"url":"https:\/\/pubeurope.com\/@fr\/114963749463881858","error":""},"_links":{"self":[{"href":"https:\/\/www.europesays.com\/fr\/wp-json\/wp\/v2\/posts\/293104","targetHints":{"allow":["GET"]}}],"collection":[{"href":"https:\/\/www.europesays.com\/fr\/wp-json\/wp\/v2\/posts"}],"about":[{"href":"https:\/\/www.europesays.com\/fr\/wp-json\/wp\/v2\/types\/post"}],"author":[{"embeddable":true,"href":"https:\/\/www.europesays.com\/fr\/wp-json\/wp\/v2\/users\/2"}],"replies":[{"embeddable":true,"href":"https:\/\/www.europesays.com\/fr\/wp-json\/wp\/v2\/comments?post=293104"}],"version-history":[{"count":0,"href":"https:\/\/www.europesays.com\/fr\/wp-json\/wp\/v2\/posts\/293104\/revisions"}],"wp:featuredmedia":[{"embeddable":true,"href":"https:\/\/www.europesays.com\/fr\/wp-json\/wp\/v2\/media\/293105"}],"wp:attachment":[{"href":"https:\/\/www.europesays.com\/fr\/wp-json\/wp\/v2\/media?parent=293104"}],"wp:term":[{"taxonomy":"category","embeddable":true,"href":"https:\/\/www.europesays.com\/fr\/wp-json\/wp\/v2\/categories?post=293104"},{"taxonomy":"post_tag","embeddable":true,"href":"https:\/\/www.europesays.com\/fr\/wp-json\/wp\/v2\/tags?post=293104"}],"curies":[{"name":"wp","href":"https:\/\/api.w.org\/{rel}","templated":true}]}}