{"id":293106,"date":"2025-08-03T07:52:21","date_gmt":"2025-08-03T07:52:21","guid":{"rendered":"https:\/\/www.europesays.com\/fr\/293106\/"},"modified":"2025-08-03T07:52:21","modified_gmt":"2025-08-03T07:52:21","slug":"le-futur-chancelier-friedrich-merz-relancera-t-il-le-couple-franco-allemand","status":"publish","type":"post","link":"https:\/\/www.europesays.com\/fr\/293106\/","title":{"rendered":"Le futur chancelier Friedrich Merz relancera-t-il le couple franco-allemand?"},"content":{"rendered":"<p>Lors de son discours sur la politique \u00e9trang\u00e8re <a href=\"https:\/\/koerber-stiftung.de\/mediathek\/friedrich-merz-zu-aussen-und-europapolitischen-prioritaeten-fuer-deutschland\/\" target=\"_blank\" rel=\"nofollow noopener\">au si\u00e8ge de la Fondation K\u00f6rber \u00e0 Berlin<\/a>, le 23 janvier 2025, Friedrich Merz, qui \u00e9tait alors candidat de l&rsquo;Union chr\u00e9tienne-d\u00e9mocrate (CDU) \u00e0 la chancellerie, a appel\u00e9 de ses v\u0153ux \u00abun renouvellement et un approfondissement\u00bb des relations de l&rsquo;Allemagne avec la France, afin que les deux pays portent \u00e0 nouveau des positions similaires au Conseil europ\u00e9en. Ce discours tr\u00e8s \u00abfrancophile\u00bb intervient alors que les relations franco-allemandes ne sont pas au beau fixe.<\/p>\n<p>Avec le d\u00e9fi de la pr\u00e9sidence de Donald Trump et les inqui\u00e9tudes quant \u00e0 sa politique \u00e9trang\u00e8re (sur la guerre en Ukraine et le Moyen-Orient) ou commerciale (face \u00e0 l&rsquo;Europe ou \u00e0 la Chine), les regards se tournent <a href=\"https:\/\/www.slate.fr\/monde\/tribune-offensive-pologne-defense-union-europeenne-influence-presidence-tournante-conseil-ue-strategie-avenir-guerre-ukraine-russie-aide-militaire-armement-otan-trump\" target=\"_blank\" rel=\"nofollow noopener\">davantage vers l&rsquo;est de l&rsquo;Europe<\/a> et la pr\u00e9sidence polonaise du Conseil de l&rsquo;Union europ\u00e9enne (UE). Dans ce contexte, apr\u00e8s <a href=\"https:\/\/www.lemonde.fr\/international\/article\/2025\/02\/24\/legislatives-en-allemagne-les-conservateurs-de-la-cdu-csu-remportent-des-elections-marquees-par-le-score-historique-de-l-extreme-droite_6561290_3210.html\" target=\"_blank\" rel=\"nofollow noopener\">la victoire des conservateurs de l&rsquo;union CDU\/CSU<\/a> lors des \u00e9lections l\u00e9gislatives anticip\u00e9es du dimanche 23 f\u00e9vrier en Allemagne, la tr\u00e8s probable arriv\u00e9e \u00e0 la chancellerie de Friedrich Merz\u00a0\u2013r\u00e9put\u00e9 davantage francophile que le chancelier sortant Olaf Scholz\u2013 <a href=\"https:\/\/www.ifri.org\/fr\/editoriaux\/lallemagne-en-campagne-pour-les-elections-anticipees-du-23-fevrier-enjeux-dun-scrutin\" target=\"_blank\" rel=\"nofollow noopener\">pourrait rassurer \u00e0 Paris<\/a>.<\/p>\n<p>        <img decoding=\"async\" alt=\"Abonnez-vous gratuitement \u00e0 la newsletter de Slate !\" loading=\"lazy\" class=\"ms-4 ms-md-0\" width=\"82\" height=\"82\" src=\"https:\/\/www.slate.fr\/assets\/newsletter-dd7c4ea7fb4ce45aacc56875521d4bde7ec4ba23f0a0ae088566df808b3a80c3.svg\"\/><br \/>\n        Abonnez-vous gratuitement \u00e0 la newsletter de Slate !Les articles sont s\u00e9lectionn\u00e9s pour vous, en fonction de vos centres d\u2019int\u00e9r\u00eat, tous les jours dans votre bo\u00eete mail.<\/p>\n<p>Un retour aux fondamentaux?<\/p>\n<p>Comme catholique rh\u00e9nan, <a href=\"https:\/\/www.francetvinfo.fr\/monde\/europe\/elections-en-allemagne\/legislatives-allemandes-cinq-choses-a-savoir-sur-friedrich-merz-le-chef-des-conservateurs-arrive-en-tete-des-elections_7060628.html\" target=\"_blank\" rel=\"nofollow noopener\">Friedrich Merz<\/a> est un h\u00e9ritier de la politique franco-allemande de la CDU, incarn\u00e9e par les anciens chanceliers Konrad Adenauer et Helmut Kohl, en passant par l&rsquo;ancien ministre et pr\u00e9sident du Bundestag <a href=\"https:\/\/www.slate.fr\/story\/152939\/wolfgang-schauble-politique-allemande\" target=\"_blank\" rel=\"nofollow noopener\">Wolfgang Sch\u00e4uble<\/a>. Le pr\u00e9sident de l&rsquo;Union chr\u00e9tienne-d\u00e9mocrate a d&rsquo;ailleurs souvent reproch\u00e9 \u00e0 Olaf Scholz et au gouvernement de la coalition \u00abfeu tricolore\u00bb (Parti social-d\u00e9mocrate, Parti lib\u00e9ral-d\u00e9mocrate et Les Verts) de ne pas faire grand cas de la relation franco-allemande. Friedrich Merz est tr\u00e8s critique \u00e0 propos des relations du chancelier sortant avec le pr\u00e9sident <a href=\"https:\/\/www.slate.fr\/dossier\/33015\/emmanuel-macron\" class=\"tag-link\" rel=\"nofollow noopener\" target=\"_blank\">Emmanuel Macron<\/a>, leur reprochant un \u00abmanque d&rsquo;alchimie\u00bb, tout en promettant de faire mieux, notamment en raison, selon lui, du fort potentiel \u00e9conomique, g\u00e9opolitique et culturel.<\/p>\n<p>La critique est probablement acerbe, car le pr\u00e9sident de la R\u00e9publique fran\u00e7aise et le chancelier allemand ont jou\u00e9 le jeu de la <a href=\"https:\/\/www.slate.fr\/dossier\/1969\/relations-internationales\" class=\"tag-link\" rel=\"nofollow noopener\" target=\"_blank\">relation<\/a> franco-allemande. Ils se sont consult\u00e9s tr\u00e8s r\u00e9guli\u00e8rement avant de prendre des d\u00e9cisions lors des crises majeures (r\u00e9cemment encore sur la Syrie). Mais quelques fausses notes ont alert\u00e9 le public, comme l&rsquo;annonce non concert\u00e9e du projet de bouclier antimissile europ\u00e9en (<a href=\"https:\/\/www.ifri.org\/fr\/notes\/entre-ambitions-industrielles-et-contribution-lotan-les-defis-de-la-european-sky-shield\" target=\"_blank\" rel=\"nofollow noopener\">European Sky Shield Initiative<\/a>), lanc\u00e9 par l&rsquo;Allemagne en octobre 2022 et <a href=\"https:\/\/www.lesechos.fr\/industrie-services\/air-defense\/defense-aerienne-macron-demande-a-lallemagne-de-jouer-europeen-1954087\" target=\"_blank\" rel=\"nofollow noopener\">critiqu\u00e9 par Emmanuel Macron<\/a>, ou l&rsquo;annonce d&rsquo;un plan de soutien de 200 milliards d&rsquo;euros pour prot\u00e9ger l&rsquo;\u00e9conomie allemande <a href=\"https:\/\/www.lepoint.fr\/monde\/allemagne-olaf-scholz-defend-son-plan-energetique-a-200-milliards-04-10-2022-2492434_24.php\" target=\"_blank\" rel=\"nofollow noopener\">face \u00e0 la crise \u00e9nerg\u00e9tique en octobre 2022<\/a>.<\/p>\n<p>La France et l&rsquo;Allemagne n&rsquo;ont par ailleurs pas su anticiper <a href=\"https:\/\/www.slate.fr\/monde\/union-europeenne-retour-donald-trump-maison-blanche-etats-unis-europe-ue-relations-diplomatie-economie-ukraine-russie-otan-proche-orient-geopolitique\" target=\"_blank\" rel=\"nofollow noopener\">le retour de Donald Trump \u00e0 la Maison-Blanche<\/a> et abordent le d\u00e9but de son mandat dans une situation de faiblesse. Si l&rsquo;arriv\u00e9e \u00e0 la chancellerie d&rsquo;une personnalit\u00e9 plus tourn\u00e9e vers la France comme Friedrich Merz serait un signal favorable pour les relations franco-allemandes, il faudra qu&rsquo;il fasse ses preuves rapidement. En son temps, le pourtant tr\u00e8s francophile Wolfgang Sch\u00e4uble avait eu des relations tendues avec la <a href=\"https:\/\/www.slate.fr\/dossier\/287\/france\" class=\"tag-link\" rel=\"nofollow noopener\" target=\"_blank\">France<\/a>.<\/p>\n<p>Le changement dans la continuit\u00e9?<\/p>\n<p>Si le discours et les r\u00e9flexes franco-allemands sont plus ancr\u00e9s chez Friedrich Merz que chez Olaf Scholz, il faut n\u00e9anmoins les relativiser. Tout d&rsquo;abord car pour le chef de la <a href=\"https:\/\/www.slate.fr\/dossier\/2527\/cdu\" class=\"tag-link\" rel=\"nofollow noopener\" target=\"_blank\">CDU<\/a>, la relation avec la France n&rsquo;est qu&rsquo;une pi\u00e8ce\u00a0\u2013certes non n\u00e9gligeable\u2013 dans le grand puzzle de la Westbindung de l&rsquo;Allemagne (ou <a href=\"https:\/\/fr.wikipedia.org\/wiki\/Westbindung\" target=\"_blank\" rel=\"nofollow noopener\">Westintegration<\/a>, la politique men\u00e9e par le chancelier ouest-allemand Konrad Adenauer entre 1949 et 1963). Cet \u00abancrage \u00e0 l&rsquo;Ouest\u00bb, ADN g\u00e9opolitique de la CDU depuis la cr\u00e9ation de la RFA en mai 1949, passe simultan\u00e9ment par le renforcement du lien transatlantique, de l&rsquo;int\u00e9gration europ\u00e9enne et de la <a href=\"https:\/\/www.slate.fr\/dossier\/9911\/couple-franco-allemand\" target=\"_blank\" rel=\"nofollow noopener\">relation franco-allemande<\/a>.<\/p>\n<p>Probable chancelier et successeur d&rsquo;<a href=\"https:\/\/www.slate.fr\/story\/220251\/merkel-scholz-poutine-politique-russie-allemagne-diplomatie-realpolitik\" target=\"_blank\" rel=\"nofollow noopener\">Olaf Scholz<\/a>, Friedrich Merz ne remettrait pas en cause les fondements de cette relation sp\u00e9ciale de l&rsquo;Allemagne avec les \u00c9tats-Unis, m\u00eame dirig\u00e9s par Donald Trump. Par ailleurs, comme il l&rsquo;affirmait lui-m\u00eame \u00e0 la Fondation K\u00f6rber, le 23 janvier: \u00abL&rsquo;Atlantique Sud fait \u00e9galement partie de nos relations transatlantiques. L&rsquo;accord de libre-\u00e9change entre l&rsquo;Union europ\u00e9enne et le Mercosur doit vraiment voir le jour.\u00bb Sur <a href=\"https:\/\/www.slate.fr\/economie\/mercosur-absence-accord-problemes-libre-echange-union-europeenne-amerique-sud-colere-agriculteurs-marche-commun-viande-voitures-exagerations\" target=\"_blank\" rel=\"nofollow noopener\">ce dossier<\/a>, d\u00e9saccord structurel de la politique commerciale europ\u00e9enne entre la France et l&rsquo;Allemagne, Friedrich Merz s&rsquo;inscrira dans la continuit\u00e9 d&rsquo;Olaf Scholz, d&rsquo;autant plus s&rsquo;il doit gouverner <a href=\"https:\/\/www.bfmtv.com\/international\/europe\/allemagne\/allemagne-le-conservateur-friedrich-merz-dit-vouloir-former-une-coalition-avec-les-sociaux-democrates_AD-202502240469.html\" target=\"_blank\" rel=\"nofollow noopener\">en coalition avec le Parti social-d\u00e9mocrate<\/a> (SPD).<\/p>\n<p>Friedrich Merz l&rsquo;Europ\u00e9en?<\/p>\n<p>S&rsquo;il est souvent rappel\u00e9 que Friedrich Merz <a href=\"https:\/\/www.politico.eu\/article\/proamericain-anti-merkel-et-pilote-de-jet-qui-est-friedrich-merz-le-futur-chancelier-allemand\/\" target=\"_blank\" rel=\"nofollow noopener\">n&rsquo;a jamais exerc\u00e9 de fonctions ex\u00e9cutives en Allemagne<\/a>, on oublie souvent que sa premi\u00e8re fonction \u00e9lective fut celle de d\u00e9put\u00e9 europ\u00e9en (1989-1994). De cette \u00e9poque, il a gard\u00e9 un v\u00e9ritable engagement europ\u00e9en. <a href=\"https:\/\/www.zeit.de\/politik\/ausland\/2025-02\/deutsch-franzoesische-beziehungen-bundestagswahl-paris-5vor8\" target=\"_blank\" rel=\"nofollow noopener\">Du point de vue de Matthias Krupa<\/a>, journaliste correspondant \u00e0 Paris pour l&rsquo;hebdomadaire allemand Die Zeit, \u00abrares sont les chanceliers qui ont aussi peu marqu\u00e9 la politique europ\u00e9enne qu&rsquo;Olaf Scholz. \u00c0 Paris, on esp\u00e8re un nouveau d\u00e9part et un successeur plus ambitieux.\u00bb<\/p>\n<p>Pour la politique europ\u00e9enne, le contexte est donc plut\u00f4t favorable \u00e0 Friedrich Merz. D&rsquo;abord, car son arriv\u00e9e au pouvoir entra\u00eenerait un basculement de l&rsquo;<a href=\"https:\/\/www.slate.fr\/dossier\/571\/allemagne\" class=\"tag-link\" rel=\"nofollow noopener\" target=\"_blank\">Allemagne<\/a> dans le camp des dirigeants du Conseil europ\u00e9en affili\u00e9s au Parti populaire europ\u00e9en (PPE), de centre droit. L&rsquo;Allemagne serait ainsi politiquement align\u00e9e sur la couleur de la pr\u00e9sidente de la Commission europ\u00e9enne Ursula von der Leyen, <a href=\"https:\/\/www.europarl.europa.eu\/about-parliament\/fr\/organisation-and-rules\/organisation\/political-groups\" target=\"_blank\" rel=\"nofollow noopener\">du groupe majoritaire au Parlement europ\u00e9en<\/a>, ainsi que sur son voisin, le Premier ministre polonais Donald Tusk, <a href=\"https:\/\/www.slate.fr\/monde\/tribune-offensive-pologne-defense-union-europeenne-influence-presidence-tournante-conseil-ue-strategie-avenir-guerre-ukraine-russie-aide-militaire-armement-otan-trump\" target=\"_blank\" rel=\"nofollow noopener\">dont le pays pr\u00e9side pour six mois le Conseil de l&rsquo;UE<\/a> depuis le d\u00e9but de l&rsquo;ann\u00e9e 2025.<\/p>\n<blockquote><p>\u00abEnsemble, nos pays peuvent accomplir de grandes choses pour l&rsquo;Europe.\u00bb<\/p><\/blockquote>\n<p>Friedrich Merz, apr\u00e8s un d\u00eener avec Emmanuel Macron, le 26 f\u00e9vrier \u00e0 Paris<\/p>\n<p>Par ailleurs, <a href=\"https:\/\/www.bundesregierung.de\/breg-fr\/recherche\/conseil-des-ministres-meseberg-2289016\" target=\"_blank\" rel=\"nofollow noopener\">lors du Conseil des ministres franco-allemand de Meseberg<\/a> (ouest de l&rsquo;Allemagne), le 28 mai 2024, la France et l&rsquo;Allemagne ont produit une initiative commune pour la comp\u00e9titivit\u00e9 de l&rsquo;Union europ\u00e9enne et qui a largement \u00e9t\u00e9 int\u00e9gr\u00e9e depuis dans le programme de travail de la nouvelle Commission europ\u00e9enne. Pour garantir la comp\u00e9titivit\u00e9, la prosp\u00e9rit\u00e9 et le r\u00f4le mondial de l&rsquo;Europe en tant qu&rsquo;acteur g\u00e9opolitique \u00e0 long terme, des efforts devront \u00eatre d\u00e9ploy\u00e9s pour combler les \u00e9carts de croissance, de productivit\u00e9, d&rsquo;investissement et d&rsquo;innovation entre l&rsquo;<a href=\"https:\/\/www.slate.fr\/dossier\/1845\/union-europeenne\" class=\"tag-link\" rel=\"nofollow noopener\" target=\"_blank\">UE<\/a>, ses partenaires internationaux et ses principaux concurrents.<\/p>\n<p>Dans leurs rapports respectifs remis en 2024 <a href=\"https:\/\/commission.europa.eu\/topics\/eu-competitiveness\/draghi-report_en\" target=\"_blank\" rel=\"nofollow noopener\">sur l&rsquo;avenir de la comp\u00e9titivit\u00e9 europ\u00e9enne<\/a> et <a href=\"https:\/\/www.consilium.europa.eu\/fr\/press\/press-releases\/2024\/05\/24\/council-adopts-conclusions-on-the-future-of-the-single-market\/\" target=\"_blank\" rel=\"nofollow noopener\">sur l&rsquo;avenir du march\u00e9 unique<\/a>, les deux anciens Premiers ministres italiens Mario Draghi (\u00e9galement ancien pr\u00e9sident de la Banque centrale europ\u00e9enne) et Enrico Letta ont alert\u00e9 sur les d\u00e9fis de l&rsquo;Europe face \u00e0 la concurrence des \u00c9tats-Unis et de la Chine. Face au risque de d\u00e9crochage de l&rsquo;UE, trois d\u00e9fis sont \u00e0 relever autour des transitions \u00e9nerg\u00e9tique, num\u00e9rique (notamment le quantique et l&rsquo;<a href=\"https:\/\/www.slate.fr\/dossier\/4559\/intelligence-artificielle\" class=\"tag-link\" rel=\"nofollow noopener\" target=\"_blank\">intelligence artificielle<\/a>) et de s\u00e9curit\u00e9. Toutefois, cela n\u00e9cessiterait probablement un assouplissement de la r\u00e8gle constitutionnelle du frein \u00e0 l&rsquo;endettement, afin de favoriser les investissements dans les infrastructures, ce qu&rsquo;\u00e9voque tr\u00e8s timidement la CDU.<\/p>\n<p>Enfin, sur les deux sujets centraux qui ont \u00e9t\u00e9 les symboles des difficult\u00e9s entre la France et l&rsquo;Allemagne ces derni\u00e8res ann\u00e9es, Friedrich Merz semble pr\u00eat \u00e0 des concessions qui le rapprocheraient de certaines vues fran\u00e7aises. <a href=\"https:\/\/www.slate.fr\/politique\/tribune-defense-union-europeenne-france-centre-jeu-fonds-industriel-budget-europeen-thales-airbus\" target=\"_blank\" rel=\"nofollow noopener\">Dans le domaine de la d\u00e9fense<\/a>, il s&rsquo;est dit \u00abouvert\u00bb \u00e0 un endettement commun de l&rsquo;Union europ\u00e9enne, alors que le gouvernement d&rsquo;Olaf Scholz \u00e9tait jusqu&rsquo;\u00e0 pr\u00e9sent <a href=\"https:\/\/www.deutschland.de\/fr\/news\/scholz-refuse-les-dettes-de-lue-pour-larmement\" target=\"_blank\" rel=\"nofollow noopener\">oppos\u00e9 \u00e0 une nouvelle dette commune<\/a>.<\/p>\n<p>L&rsquo;Allemagne et la France pourraient enfin se rapprocher \u00e0 nouveau sur les questions <a href=\"https:\/\/www.slate.fr\/dossier\/2847\/energie\" class=\"tag-link\" rel=\"nofollow noopener\" target=\"_blank\">\u00e9nerg\u00e9tiques<\/a>. Le programme de la CDU appelle explicitement \u00e0 la recherche sur la technologie nucl\u00e9aire de la prochaine g\u00e9n\u00e9ration, <a href=\"https:\/\/www.politico.eu\/article\/germany-election-jens-spahn-nuclear-energy-comeback\/\" target=\"_blank\" rel=\"nofollow noopener\">y compris les petits r\u00e9acteurs modulaires<\/a> (PRM ou SRM en anglais). Friedrich Merz a pour objectif de stimuler la croissance allemande, \u00e0 2% par an selon son programme. Pour cela, il a besoin d&rsquo;une \u00e9nergie moins ch\u00e8re et doit se montrer pragmatique.<\/p>\n<p>Trois jours apr\u00e8s le succ\u00e8s \u00e9lectoral de Friedrich Merz outre-Rhin, Emmanuel Macron <a href=\"https:\/\/www.lemonde.fr\/international\/article\/2025\/02\/27\/premiere-rencontre-a-paris-entre-friedrich-merz-et-emmanuel-macron_6566983_3210.html\" target=\"_blank\" rel=\"nofollow noopener\">l&rsquo;a re\u00e7u \u00e0 Paris ce mercredi 26 f\u00e9vrier<\/a>, lors d&rsquo;un d\u00eener de travail qui en appellera certainement d&rsquo;autres. \u00c0 l&rsquo;issue de leur \u00e9change, le conservateur allemand a publi\u00e9 le message suivant sur le r\u00e9seau X (anciennement Twitter), dans les deux langues: \u00abMerci beaucoup, cher Emmanuel Macron, pour ton amiti\u00e9 et la confiance que tu accordes aux relations franco-allemandes. Ensemble, nos pays peuvent accomplir de grandes choses pour l&rsquo;Europe.\u00bb<\/p>\n<blockquote class=\"twitter-tweet\">\n<p lang=\"de\" dir=\"ltr\">Vielen Dank, lieber <a href=\"https:\/\/twitter.com\/EmmanuelMacron?ref_src=twsrc%5Etfw\" rel=\"nofollow noopener\" target=\"_blank\">@EmmanuelMacron<\/a>, f\u00fcr Deine Freundschaft und Dein Vertrauen in die deutsch-franz\u00f6sischen Beziehungen. Zusammen k\u00f6nnen unsere L\u00e4nder Gro\u00dfes f\u00fcr Europa erreichen.<\/p>\n<p>Merci beaucoup, cher <a href=\"https:\/\/twitter.com\/EmmanuelMacron?ref_src=twsrc%5Etfw\" rel=\"nofollow noopener\" target=\"_blank\">@EmmanuelMacron<\/a>, pour ton amiti\u00e9 et la confiance que tu accordes aux relations\u2026 <a href=\"https:\/\/t.co\/eXv0tWqQ3h\" rel=\"nofollow\">pic.twitter.com\/eXv0tWqQ3h<\/a><\/p>\n<p>\u2014 Friedrich Merz (@_FriedrichMerz) <a href=\"https:\/\/twitter.com\/_FriedrichMerz\/status\/1894882937155305594?ref_src=twsrc%5Etfw\" rel=\"nofollow noopener\" target=\"_blank\">February 26, 2025<\/a>\n<\/p><\/blockquote>\n<p>Avant cette rencontre, le pr\u00e9sident fran\u00e7ais et le probable futur chancelier allemand s&rsquo;\u00e9taient d\u00e9j\u00e0 rencontr\u00e9s en face \u00e0 face en d\u00e9cembre 2023 \u00e0 l&rsquo;\u00c9lys\u00e9e et semblent donc s&rsquo;appr\u00e9cier. Mais cette \u00abalchimie\u00bb suffira-t-elle \u00e0 relever les d\u00e9fis vitaux pour l&rsquo;Europe?<\/p>\n<p><img decoding=\"async\" src=\"\/uploads\/store\/story_269891\/editor\/original_269891_1740565666.jpg\" width=\"730\" height=\"244\" loading=\"lazy\"\/><\/p>\n<p class=\"article_ref\">Cet article a d&rsquo;abord \u00e9t\u00e9 <a href=\"https:\/\/dokdoc.eu\/fr\/2025\/02\/18\/la-france-attend-elle-friedrich-merz\/\" target=\"_blank\" rel=\"nofollow noopener\">publi\u00e9 par Dokdoc<\/a>, partenaire de Telos.<\/p>\n<p>          <script async src=\"https:\/\/platform.twitter.com\/widgets.js\" charset=\"utf-8\"><\/script><\/p>\n","protected":false},"excerpt":{"rendered":"Lors de son discours sur la politique \u00e9trang\u00e8re au si\u00e8ge de la Fondation K\u00f6rber \u00e0 Berlin, le 23&hellip;\n","protected":false},"author":2,"featured_media":293107,"comment_status":"","ping_status":"","sticky":false,"template":"","format":"standard","meta":{"footnotes":""},"categories":[1587],"tags":[11,672,1804,1805,1803,1777,674,1801,12,1802],"class_list":{"0":"post-293106","1":"post","2":"type-post","3":"status-publish","4":"format-standard","5":"has-post-thumbnail","7":"category-allemagne","8":"tag-actualites","9":"tag-allemagne","10":"tag-bundesrepublik-deutschland","11":"tag-de","12":"tag-deutschland","13":"tag-eu","14":"tag-europe","15":"tag-germany","16":"tag-news","17":"tag-republique-federale-dallemagne"},"share_on_mastodon":{"url":"https:\/\/pubeurope.com\/@fr\/114963752102400931","error":""},"_links":{"self":[{"href":"https:\/\/www.europesays.com\/fr\/wp-json\/wp\/v2\/posts\/293106","targetHints":{"allow":["GET"]}}],"collection":[{"href":"https:\/\/www.europesays.com\/fr\/wp-json\/wp\/v2\/posts"}],"about":[{"href":"https:\/\/www.europesays.com\/fr\/wp-json\/wp\/v2\/types\/post"}],"author":[{"embeddable":true,"href":"https:\/\/www.europesays.com\/fr\/wp-json\/wp\/v2\/users\/2"}],"replies":[{"embeddable":true,"href":"https:\/\/www.europesays.com\/fr\/wp-json\/wp\/v2\/comments?post=293106"}],"version-history":[{"count":0,"href":"https:\/\/www.europesays.com\/fr\/wp-json\/wp\/v2\/posts\/293106\/revisions"}],"wp:featuredmedia":[{"embeddable":true,"href":"https:\/\/www.europesays.com\/fr\/wp-json\/wp\/v2\/media\/293107"}],"wp:attachment":[{"href":"https:\/\/www.europesays.com\/fr\/wp-json\/wp\/v2\/media?parent=293106"}],"wp:term":[{"taxonomy":"category","embeddable":true,"href":"https:\/\/www.europesays.com\/fr\/wp-json\/wp\/v2\/categories?post=293106"},{"taxonomy":"post_tag","embeddable":true,"href":"https:\/\/www.europesays.com\/fr\/wp-json\/wp\/v2\/tags?post=293106"}],"curies":[{"name":"wp","href":"https:\/\/api.w.org\/{rel}","templated":true}]}}