{"id":293110,"date":"2025-08-03T07:54:11","date_gmt":"2025-08-03T07:54:11","guid":{"rendered":"https:\/\/www.europesays.com\/fr\/293110\/"},"modified":"2025-08-03T07:54:11","modified_gmt":"2025-08-03T07:54:11","slug":"le-bras-de-fer-entre-les-etats-unis-et-leurope","status":"publish","type":"post","link":"https:\/\/www.europesays.com\/fr\/293110\/","title":{"rendered":"le bras de fer entre les \u00c9tats-Unis et l\u2019Europe"},"content":{"rendered":"<p>            lire plus tard<\/p>\n<p id=\"dialog__title\" class=\"dialog__title\">Pour sauvegarder cet article, connectez-vous ou cr\u00e9ez un compte franceinfo<\/p>\n<p class=\"dialog__description\">Sans paiement. Sans abonnement.<\/p>\n<p>        Fermer la fen\u00eatre d\u2019activation des notifications France Info<\/p>\n<p>            cr\u00e9er votre compte<\/p>\n<p>            se connecter<\/p>\n<p>        Fermer la fen\u00eatre de pr\u00e9sentation<\/p>\n<p>    Publi\u00e9 le 03\/08\/2025 08:14<\/p>\n<p>      Mis \u00e0 jour le 03\/08\/2025 08:26<\/p>\n<p>        Temps de lecture : 2min &#8211; vid\u00e9o : 2min<\/p>\n<p>    <img decoding=\"async\" class=\"francetv-player-wrapper__image\" alt=\"Intelligence artificielle : le bras de fer entre les \u00c9tats-Unis et l\u2019Europe\"  width=\"432\" height=\"243\" src=\"https:\/\/www.europesays.com\/fr\/wp-content\/uploads\/2025\/08\/ia-688ef92ab3878582559093.png\" fetchpriority=\"high\"\/><\/p>\n<p>              Intelligence artificielle : le bras de fer entre les \u00c9tats-Unis et l\u2019Europe<br \/>\n                    (franceinfo)<\/p>\n<p>      2min<\/p>\n<p class=\"c-chapo \">\n  Les premi\u00e8res d\u00e9cid\u00e9es par l\u2019Union europ\u00e9enne concernant l\u2019intelligence artificielle sont entr\u00e9es en vigueur samedi 2 ao\u00fbt. Il y aura plus de contr\u00f4les, mais \u00e9galement pas mal de r\u00e9ticence de la part des g\u00e9ants de la tech et des d\u00e9fenseurs des droits d\u2019auteur.\n<\/p>\n<p><strong>Ce texte correspond \u00e0 une partie de la retranscription du reportage ci-dessus. Cliquez sur la vid\u00e9o pour la regarder en int\u00e9gralit\u00e9.<\/strong><\/p>\n<p><a rel=\"noopener noreferrer nofollow\" href=\"https:\/\/www.franceinfo.fr\/culture\/musique\/deezer-souhaite-supprimer-les-contenus-parasites-generes-par-l-intelligence-artificielle_7034036.html\" target=\"_blank\">L&rsquo;intelligence artificielle<\/a>, \u00e0 pr\u00e9sent surveill\u00e9e par l&rsquo;Union europ\u00e9enne. Certaines obligations de l&rsquo;IA Act entrent en vigueur samedi 2 ao\u00fbt. Dans le viseur de la premi\u00e8re \u00e9tape : les mod\u00e8les de g\u00e9n\u00e9ration d&rsquo;images ou de textes comme ChatGPT. Leurs concepteurs doivent tenir \u00e0 disposition des autorit\u00e9s une documentation technique sur leur programme et les donn\u00e9es utilis\u00e9es pour les entra\u00eener. \u00ab\u00a0Ces r\u00e8gles signifient que les informations sur la mani\u00e8re dont les mod\u00e8les d&rsquo;IA sont form\u00e9s seront plus claires, que la protection des droits d&rsquo;auteur sera mieux assur\u00e9e et que le d\u00e9veloppement de l&rsquo;IA se fera de fa\u00e7on plus responsable\u00a0\u00bb, a expliqu\u00e9 la Commission europ\u00e9enne dans un communiqu\u00e9.<\/p>\n<p>Et d\u00e8s l&rsquo;ann\u00e9e prochaine, la Commission pourra imposer des p\u00e9nalit\u00e9s financi\u00e8res aux prestataires r\u00e9calcitrants : jusqu&rsquo;\u00e0 7 % de leur chiffre d&rsquo;affaires mondial. D&rsquo;autres obligations seront rajout\u00e9es dans les deux prochaines ann\u00e9es pour un texte jug\u00e9 trop flou sur son application pour les d\u00e9fenseurs des droits d&rsquo;auteur, comme les g\u00e9ants de la tech. \u00ab\u00a0Il inqui\u00e8te un peu tout le monde parce que sa complexit\u00e9 fait qu&rsquo;on peut suspecter ces r\u00e8gles d&rsquo;\u00eatre pas ou mal appliqu\u00e9es ou de ne pas r\u00e9pondre aux besoins qui sont les n\u00f4tres\u00a0\u00bb, a expliqu\u00e9 un observateur.<\/p>\n<p>Face aux incertitudes, le groupe META compte d\u00e9fier la l\u00e9gislation. L&rsquo;entreprise a refus\u00e9 de signer dans la semaine un code de bonne pratique de l&rsquo;IA, un refus appuy\u00e9 par un soutien de taille : Donald Trump, bien d\u00e9cid\u00e9 \u00e0 ne pas \u00e9couter l&rsquo;Europe sur le sujet. \u00ab\u00a0Mon administration utilisera tous les outils \u00e0 notre disposition pour s&rsquo;assurer que les \u00c9tats-Unis puissent construire et maintenir l&rsquo;infrastructure d&rsquo;IA la plus grande, la plus puissante et la plus avanc\u00e9e de la plan\u00e8te\u00a0\u00bb, a d\u00e9clar\u00e9 le pr\u00e9sident am\u00e9ricain le 23 juillet dernier.<\/p>\n<p>Un moyen de pression pour les n\u00e9gociations commerciales avec Bruxelles. Si la Commission r\u00e9p\u00e8te que la r\u00e9glementation est non n\u00e9gociable, les discussions ne sont pas encore termin\u00e9es. L&rsquo;Union europ\u00e9enne doit encore pr\u00e9senter en fin d&rsquo;ann\u00e9e des mesures de simplification de la l\u00e9gislation num\u00e9rique.<\/p>\n<p class=\"related-tags__title\" role=\"heading\" aria-level=\"2\">les mots-cl\u00e9s associ\u00e9s \u00e0 cet article\n    <\/p>\n","protected":false},"excerpt":{"rendered":"lire plus tard Pour sauvegarder cet article, connectez-vous ou cr\u00e9ez un compte franceinfo Sans paiement. Sans abonnement. Fermer&hellip;\n","protected":false},"author":2,"featured_media":293111,"comment_status":"","ping_status":"","sticky":false,"template":"","format":"standard","meta":{"footnotes":""},"categories":[1586],"tags":[11,1777,674,1779,1011,27,12,25,1778,364],"class_list":{"0":"post-293110","1":"post","2":"type-post","3":"status-publish","4":"format-standard","5":"has-post-thumbnail","7":"category-europe","8":"tag-actualites","9":"tag-eu","10":"tag-europe","11":"tag-european-union","12":"tag-fr","13":"tag-france","14":"tag-news","15":"tag-republique-francaise","16":"tag-ue","17":"tag-union-europeenne"},"share_on_mastodon":{"url":"https:\/\/pubeurope.com\/@fr\/114963760058739612","error":""},"_links":{"self":[{"href":"https:\/\/www.europesays.com\/fr\/wp-json\/wp\/v2\/posts\/293110","targetHints":{"allow":["GET"]}}],"collection":[{"href":"https:\/\/www.europesays.com\/fr\/wp-json\/wp\/v2\/posts"}],"about":[{"href":"https:\/\/www.europesays.com\/fr\/wp-json\/wp\/v2\/types\/post"}],"author":[{"embeddable":true,"href":"https:\/\/www.europesays.com\/fr\/wp-json\/wp\/v2\/users\/2"}],"replies":[{"embeddable":true,"href":"https:\/\/www.europesays.com\/fr\/wp-json\/wp\/v2\/comments?post=293110"}],"version-history":[{"count":0,"href":"https:\/\/www.europesays.com\/fr\/wp-json\/wp\/v2\/posts\/293110\/revisions"}],"wp:featuredmedia":[{"embeddable":true,"href":"https:\/\/www.europesays.com\/fr\/wp-json\/wp\/v2\/media\/293111"}],"wp:attachment":[{"href":"https:\/\/www.europesays.com\/fr\/wp-json\/wp\/v2\/media?parent=293110"}],"wp:term":[{"taxonomy":"category","embeddable":true,"href":"https:\/\/www.europesays.com\/fr\/wp-json\/wp\/v2\/categories?post=293110"},{"taxonomy":"post_tag","embeddable":true,"href":"https:\/\/www.europesays.com\/fr\/wp-json\/wp\/v2\/tags?post=293110"}],"curies":[{"name":"wp","href":"https:\/\/api.w.org\/{rel}","templated":true}]}}