{"id":293117,"date":"2025-08-03T08:00:10","date_gmt":"2025-08-03T08:00:10","guid":{"rendered":"https:\/\/www.europesays.com\/fr\/293117\/"},"modified":"2025-08-03T08:00:10","modified_gmt":"2025-08-03T08:00:10","slug":"sans-antoine-dupont-le-stade-toulousain-change-tout","status":"publish","type":"post","link":"https:\/\/www.europesays.com\/fr\/293117\/","title":{"rendered":"Sans Antoine Dupont, le Stade Toulousain change tout !"},"content":{"rendered":"<p>                    Alexis Poch<br \/>\n                        &#8211;<\/p>\n<p>Journaliste<\/p>\n<p>Titulaire d&rsquo;un Master en journalisme sportif, je suis tomb\u00e9 amoureux du tennis d\u00e8s l&rsquo;enfance et j&rsquo;ai toujours aim\u00e9 lire les belles histoires de ce sport. Aujourd&rsquo;hui, je souhaite les raconter, profiter de ma passion \u00e0 fond et \u00eatre au plus proche des as du circuit.<\/p>\n<p class=\"heading\">Pensionnaire du Stade toulousain, Antoine Dupont conna\u00eet actuellement une p\u00e9riode de convalescence. Le capitaine des Bleus a \u00e9t\u00e9 bless\u00e9 lors du dernier Tournoi des 6 Nations et ne reviendra pas avant la fin de l&rsquo;ann\u00e9e 2025 sur les terrains. Son club a d\u00fb affronter la fin de saison sans lui et pour pr\u00e9parer le prochain exercice, les habitudes vont bien changer ! Les hommes d&rsquo;Ugo Mola iront en stage en Bretagne.<\/p>\n<p>Champion de France pour la 24\u00e8me fois de son histoire et la 3\u00e8me cons\u00e9cutive, le <strong>Stade toulousain<\/strong> a v\u00e9cu une fin de saison difficile. Les hommes d&rsquo;<strong>Ugo Mola<\/strong> ont parfois \u00e9t\u00e9 g\u00ean\u00e9s dans leur progression par l&rsquo;<strong>Union Bordeaux-B\u00e8gles<\/strong>. Les absences ont failli co\u00fbter cher et sans <a href=\"https:\/\/le10sport.com\/rugby\/antoine-dupont-le-rendezvous-totalement-improbable-752793\" rel=\"nofollow noopener\" target=\"_blank\"><strong>Antoine Dupont<\/strong><\/a> notamment, le club a d\u00fb se r\u00e9inventer. D&rsquo;ailleurs <strong>Toulouse <\/strong>a d\u00e9cid\u00e9 de changer ses habitudes avant de commencer la prochaine saison de<strong> Top 14.<\/strong><\/p>\n<p>                                            Le Stade toulousain se d\u00e9place en Bretagne<\/p>\n<p>D&rsquo;apr\u00e8s les informations rapport\u00e9s par le Midi Olympique, le <strong>Stade toulousain<\/strong> sera en stade du 18 au 23 ao\u00fbt prochain \u00e0 Ploufragran, dans les C\u00f4tes-d&rsquo;Armor. Une destination bien diff\u00e9rente de ce que le club a bien l&rsquo;habitude de conna\u00eetre puisque pendant l&rsquo;\u00e9t\u00e9, les joueurs partent plut\u00f4t dans les Pyr\u00e9n\u00e9es. Ce d\u00e9placement \u00e0 environ 700km \u00e0 vol d&rsquo;oiseau de <strong>Toulouse <\/strong>sera l&rsquo;occasion d&rsquo;organiser un match amical de gala face au <strong>FC Vannes.<\/strong><\/p>\n<p>                                            Le Stade toulousain va faire un match amical<\/p>\n<p>Le 21 ao\u00fbt prochain, le <strong>Stade toulousain<\/strong> disputera donc un match amical contre le club breton, auteur d&rsquo;une saison convaincante en <strong>Top 14<\/strong>. Le match aura lieu au <strong>Roudourou<\/strong>, \u00e0 <strong>Guingamp<\/strong>, dans un stade de 18400 places. Une occasion de plus pour Toulouse d&rsquo;\u00e9tendre sa popularit\u00e9 \u00e0 l&rsquo;\u00e9chelle nationale. \u00ab A travers notre venue en Bretagne et ce match amical face au RC Vannes, nous souhaitons apporter notre soutien \u00e0 la promotion du rugby dans cette r\u00e9gion. Au regard de la belle saison r\u00e9alis\u00e9e par Vannes en Top 14, le rugby breton m\u00e9rite d&rsquo;\u00eatre mis en lumi\u00e8re \u00bb d\u00e9clare le pr\u00e9sident du club <strong>Didier Lacroix<\/strong>.<\/p>\n","protected":false},"excerpt":{"rendered":"Alexis Poch &#8211; Journaliste Titulaire d&rsquo;un Master en journalisme sportif, je suis tomb\u00e9 amoureux du tennis d\u00e8s l&rsquo;enfance&hellip;\n","protected":false},"author":2,"featured_media":293118,"comment_status":"","ping_status":"","sticky":false,"template":"","format":"standard","meta":{"footnotes":""},"categories":[1416],"tags":[1011,27,479,1468,60],"class_list":{"0":"post-293117","1":"post","2":"type-post","3":"status-publish","4":"format-standard","5":"has-post-thumbnail","7":"category-rugby","8":"tag-fr","9":"tag-france","10":"tag-rugby","11":"tag-rugby-football","12":"tag-sports"},"share_on_mastodon":{"url":"https:\/\/pubeurope.com\/@fr\/114963783616525771","error":""},"_links":{"self":[{"href":"https:\/\/www.europesays.com\/fr\/wp-json\/wp\/v2\/posts\/293117","targetHints":{"allow":["GET"]}}],"collection":[{"href":"https:\/\/www.europesays.com\/fr\/wp-json\/wp\/v2\/posts"}],"about":[{"href":"https:\/\/www.europesays.com\/fr\/wp-json\/wp\/v2\/types\/post"}],"author":[{"embeddable":true,"href":"https:\/\/www.europesays.com\/fr\/wp-json\/wp\/v2\/users\/2"}],"replies":[{"embeddable":true,"href":"https:\/\/www.europesays.com\/fr\/wp-json\/wp\/v2\/comments?post=293117"}],"version-history":[{"count":0,"href":"https:\/\/www.europesays.com\/fr\/wp-json\/wp\/v2\/posts\/293117\/revisions"}],"wp:featuredmedia":[{"embeddable":true,"href":"https:\/\/www.europesays.com\/fr\/wp-json\/wp\/v2\/media\/293118"}],"wp:attachment":[{"href":"https:\/\/www.europesays.com\/fr\/wp-json\/wp\/v2\/media?parent=293117"}],"wp:term":[{"taxonomy":"category","embeddable":true,"href":"https:\/\/www.europesays.com\/fr\/wp-json\/wp\/v2\/categories?post=293117"},{"taxonomy":"post_tag","embeddable":true,"href":"https:\/\/www.europesays.com\/fr\/wp-json\/wp\/v2\/tags?post=293117"}],"curies":[{"name":"wp","href":"https:\/\/api.w.org\/{rel}","templated":true}]}}