{"id":293119,"date":"2025-08-03T08:01:10","date_gmt":"2025-08-03T08:01:10","guid":{"rendered":"https:\/\/www.europesays.com\/fr\/293119\/"},"modified":"2025-08-03T08:01:10","modified_gmt":"2025-08-03T08:01:10","slug":"atp-toronto-zverev-apres-labandon-de-cerundolo-je-nai-pas-un-seul-mauvais-mot-a-dire-sur-lui-cest-un-gars-incroyable","status":"publish","type":"post","link":"https:\/\/www.europesays.com\/fr\/293119\/","title":{"rendered":"ATP &#8211; Toronto > Zverev apr\u00e8s l&rsquo;abandon de Cerundolo : \u00ab Je n&rsquo;ai pas un seul mauvais mot \u00e0 dire sur lui. C&rsquo;est un gars incroyable \u00bb"},"content":{"rendered":"<p>Francisco Cerundolo souhai\u00adtait battre Alexander Zverev pour la quatri\u00e8me fois en autant de matchs, mais c\u2019est son corps qui l\u2019a stopp\u00e9.<\/p>\n<p>Manifestement bless\u00e9 aux abdo\u00admi\u00adnaux, l\u2019Argentin a \u00e9t\u00e9 contraint \u00e0 l\u2019abandon au d\u00e9but du deuxi\u00e8me set. Aux bords des larmes, le 24\u00e8me joueur mondial a \u00e9t\u00e9 par la suite f\u00e9li\u00adcit\u00e9 par son adver\u00adsaire, qui n\u2019a pas manqu\u00e9 de belles paroles \u00e0 son\u00a0sujet.<\/p>\n<p><strong>\u00ab\u202fC\u2019est un joueur incroyable mais c\u2019est aussi une personne incroyable. J\u2019ai une rela\u00adtion tr\u00e8s bonne et tr\u00e8s proche avec lui. J\u2019ai vu qu\u2019il \u00e9tait agac\u00e9 \u00e0 5\u20134 dans le premier set, et je sais tr\u00e8s bien \u00e0 quel point une bles\u00adsure aux abdo\u00admi\u00adnaux est g\u00eanante. Tu ne peux pas vrai\u00adment servir ni acc\u00e9\u00adl\u00e9rer sur ton coup droit. Il avait les larmes aux yeux alors je suis all\u00e9 lui parler, il m\u2019a dit qu\u2019il conti\u00adnuait unique\u00adment pour les fans. Je lui ai dit de prendre soin de lui, car ce genre de bles\u00adsure peut vite passer de quelques jours \u00e0 quelques mois, et je n\u2019ai pas envie de le voir en dehors du circuit. J\u2019ai beau\u00adcoup de respect envers lui. C\u2019est un gars incroyable et je n\u2019ai aucun mauvais mot \u00e0 dire sur\u00a0lui.\u202f\u00bb<\/strong><\/p>\n<blockquote class=\"twitter-tweet\">\n<p lang=\"en\" dir=\"ltr\">Nothing but respect \ud83e\udd1d<a href=\"https:\/\/twitter.com\/AlexZverev?ref_src=twsrc%5Etfw\" data-wpel-link=\"external\" target=\"_blank\" rel=\"nofollow external noopener\">@AlexZverev<\/a> <a href=\"https:\/\/twitter.com\/hashtag\/NBO25?src=hash&amp;ref_src=twsrc%5Etfw\" data-wpel-link=\"external\" target=\"_blank\" rel=\"nofollow external noopener\">#NBO25<\/a> <a href=\"https:\/\/t.co\/oDsNC5PsGk\" data-wpel-link=\"external\" target=\"_blank\" rel=\"nofollow external noopener\">pic.twitter.com\/oDsNC5PsGk<\/a><\/p>\n<p>\u2014 Tennis TV (@TennisTV) <a href=\"https:\/\/twitter.com\/TennisTV\/status\/1951842681283354869?ref_src=twsrc%5Etfw\" data-wpel-link=\"external\" target=\"_blank\" rel=\"nofollow external noopener\">August 3,\u00a02025<\/a><\/p><\/blockquote>\n<p>Esp\u00e9rons pour l\u2019Argentin que cela ne soit rien de trop\u00a0grave.<\/p>\n<p class=\"post-published-date\" style=\"color: silver; font-size: 75%; text-align: left;\">Publi\u00e9 le dimanche 3 ao\u00fbt 2025 \u00e0 08:46<\/p>\n<p><script async src=\"https:\/\/platform.twitter.com\/widgets.js\" charset=\"utf-8\"><\/script><\/p>\n","protected":false},"excerpt":{"rendered":"Francisco Cerundolo souhai\u00adtait battre Alexander Zverev pour la quatri\u00e8me fois en autant de matchs, mais c\u2019est son corps&hellip;\n","protected":false},"author":2,"featured_media":293120,"comment_status":"","ping_status":"","sticky":false,"template":"","format":"standard","meta":{"footnotes":""},"categories":[1415],"tags":[43299,1011,27,60,1467,4542],"class_list":{"0":"post-293119","1":"post","2":"type-post","3":"status-publish","4":"format-standard","5":"has-post-thumbnail","7":"category-tennis","8":"tag-cerundolo","9":"tag-fr","10":"tag-france","11":"tag-sports","12":"tag-tennis","13":"tag-zverev"},"share_on_mastodon":{"url":"https:\/\/pubeurope.com\/@fr\/114963787478197618","error":""},"_links":{"self":[{"href":"https:\/\/www.europesays.com\/fr\/wp-json\/wp\/v2\/posts\/293119","targetHints":{"allow":["GET"]}}],"collection":[{"href":"https:\/\/www.europesays.com\/fr\/wp-json\/wp\/v2\/posts"}],"about":[{"href":"https:\/\/www.europesays.com\/fr\/wp-json\/wp\/v2\/types\/post"}],"author":[{"embeddable":true,"href":"https:\/\/www.europesays.com\/fr\/wp-json\/wp\/v2\/users\/2"}],"replies":[{"embeddable":true,"href":"https:\/\/www.europesays.com\/fr\/wp-json\/wp\/v2\/comments?post=293119"}],"version-history":[{"count":0,"href":"https:\/\/www.europesays.com\/fr\/wp-json\/wp\/v2\/posts\/293119\/revisions"}],"wp:featuredmedia":[{"embeddable":true,"href":"https:\/\/www.europesays.com\/fr\/wp-json\/wp\/v2\/media\/293120"}],"wp:attachment":[{"href":"https:\/\/www.europesays.com\/fr\/wp-json\/wp\/v2\/media?parent=293119"}],"wp:term":[{"taxonomy":"category","embeddable":true,"href":"https:\/\/www.europesays.com\/fr\/wp-json\/wp\/v2\/categories?post=293119"},{"taxonomy":"post_tag","embeddable":true,"href":"https:\/\/www.europesays.com\/fr\/wp-json\/wp\/v2\/tags?post=293119"}],"curies":[{"name":"wp","href":"https:\/\/api.w.org\/{rel}","templated":true}]}}