{"id":293123,"date":"2025-08-03T08:04:10","date_gmt":"2025-08-03T08:04:10","guid":{"rendered":"https:\/\/www.europesays.com\/fr\/293123\/"},"modified":"2025-08-03T08:04:10","modified_gmt":"2025-08-03T08:04:10","slug":"rafael-camara-sacre-champion-de-f3-apres-sa-victoire-dans-la-course-principale-en-hongrie-lequipe","status":"publish","type":"post","link":"https:\/\/www.europesays.com\/fr\/293123\/","title":{"rendered":"Rafael C\u00e2mara sacr\u00e9 champion de F3 apr\u00e8s sa victoire dans la course principale en Hongrie &#8211; L&#039;\u00c9quipe"},"content":{"rendered":"<ol>\n<li><a href=\"https:\/\/news.google.com\/rss\/articles\/CBMi2gFBVV95cUxOSmV4UDlTWTJaYXhmZXdkazJrZGdXNzI3RkI0R1VGalhfOHAtb3VkR25NZkZHZV95LXdwb3hhbVc5bWdQT1ROamFCOHQ4VkNueXFCdXExaFVYVjNnbUw3M1dWMHlVSi0yZU5heHdhNDRySWJwSUdjM3J2UFRpc3lQZkhlaWZnVzFRZF9ncTY5VEluR3RrQWdhdl9LWTdtNmZocUgxODg2YVU2eXJvcXFhUi1VWnJKd2JlVkxkeTQ0OGtlUzlTd1BCYkVRVGwxOFh2LWxqYmR2RGJ5Zw?oc=5\" target=\"_blank\" rel=\"nofollow noopener\">Rafael C\u00e2mara sacr\u00e9 champion de F3 apr\u00e8s sa victoire dans la course principale en Hongrie<\/a>&nbsp;&nbsp;L&rsquo;\u00c9quipe<\/li>\n<li><a href=\"https:\/\/news.google.com\/rss\/articles\/CBMikwFBVV95cUxNblRFS1lQZzRwRVNLQUREQ1IzblZvRzY5TjFidU5QazA2Qmc5Q0xmd0x6R041ZnVrUGVhZWpLTldmQTl3OG0zVGhZNTFBbnE2UVJ5TlAyR1BhV2t3ZVU4ZW9hS003bGUxdzY2S2dwZDJlSGZkSXBOYXR5SVlmNTdfcGt4eWU1V25PYlRNYjcwTFdibUE?oc=5\" target=\"_blank\" rel=\"nofollow noopener\">F3 &#8211; Hongrie &#8211; Course principale : C\u00e2mara domine et remporte le titre<\/a>&nbsp;&nbsp;AutoHebdo<\/li>\n<li><a href=\"https:\/\/news.google.com\/rss\/articles\/CBMiqAFBVV95cUxOVUsxeVREbmVTRVRkNjNwWVA1OTZWWXktbGd0ai01dVNmemQ5b1Axa2duNzZKMDkxaUpuZ2ZWcnJQYWhJM0NPVnZ3a1RLd3JUY054T2loN0NkTXI2X0JDOThybFB3MmFCUGhTNGR0SlN5WmtmaGJOQ2czeE1XbDFpLTJGMlQ0TnI3akozM21EWnprdnh4TFV3YW92VU8xRXI1UEVXSG5abDk?oc=5\" target=\"_blank\" rel=\"nofollow noopener\">F3 &#8211; Hongrie &#8211; Sprint : Inthraphuvasak g\u00e8re son avance, incidents pour Giusti et Na\u00ebl<\/a>&nbsp;&nbsp;AutoHebdo<\/li>\n<li><a href=\"https:\/\/news.google.com\/rss\/articles\/CBMijwFBVV95cUxQZVZHMFEtMTdpTWstbFpkX0hWTUM4VkJvcVo4S3AzNkNZN0hpZU1lZ2RWd0xwYXR6dVQtNC1URkt5S2FXX1JpMEhxZUhLUjZxQld1N0Z5Y2N4dDFpRmxCY0h4N3JSLTBfcWlFczl6R3VvUlJMaXJqZjlxVXJMM0V3VjNxMXQwelpQRVpnVndFVQ?oc=5\" target=\"_blank\" rel=\"nofollow noopener\">F3 &#8211; Hongrie &#8211; Qualifications : C\u00e2mara frappe fort, Na\u00ebl 5e d&rsquo;une s\u00e9ance tr\u00e8s serr\u00e9e<\/a>&nbsp;&nbsp;AutoHebdo<\/li>\n<li><a href=\"https:\/\/news.google.com\/rss\/articles\/CBMiyAFBVV95cUxNLXJzbURTdG1MQ0VCS3Y3Ql9ZYlBSOVFkZzJrREEwbHhqRnhJYWJxZkZoeHlRLUR5ZF9zc2pPVTdKeUFleVEydkZCNW9mMGN0VXFBaFBDZVJLTDB5Z2JudVc1Mmk0SEp1RFBUQmhuZmpucnBOQnlRYlJ0dWE5akxVN0ZTSUJNbHlvdGhkVXFNN25MYWVGWDFrZkctSmZBckhocE1idFRRbmJGWUNhRXAzU2l4QlBmd2JXRGNrNFBhWWtmYVk0ZnpLSg?oc=5\" target=\"_blank\" rel=\"nofollow noopener\">F3 &#8211; Hongrie &#8211; Essais : C\u00e2mara se positionne, Tsolov provoque un drapeau rouge<\/a>&nbsp;&nbsp;AutoHebdo<\/li>\n<\/ol>\n","protected":false},"excerpt":{"rendered":"Rafael C\u00e2mara sacr\u00e9 champion de F3 apr\u00e8s sa victoire dans la course principale en Hongrie&nbsp;&nbsp;L&rsquo;\u00c9quipe F3 &#8211; Hongrie&hellip;\n","protected":false},"author":2,"featured_media":293124,"comment_status":"","ping_status":"","sticky":false,"template":"","format":"standard","meta":{"footnotes":""},"categories":[1412],"tags":[1451,1452,1453,1454,1455,1011,27,60],"class_list":{"0":"post-293123","1":"post","2":"type-post","3":"status-publish","4":"format-standard","5":"has-post-thumbnail","7":"category-f1","8":"tag-f1","9":"tag-formula-1","10":"tag-formula1","11":"tag-formule-1","12":"tag-formule1","13":"tag-fr","14":"tag-france","15":"tag-sports"},"share_on_mastodon":{"url":"https:\/\/pubeurope.com\/@fr\/114963799320866218","error":""},"_links":{"self":[{"href":"https:\/\/www.europesays.com\/fr\/wp-json\/wp\/v2\/posts\/293123","targetHints":{"allow":["GET"]}}],"collection":[{"href":"https:\/\/www.europesays.com\/fr\/wp-json\/wp\/v2\/posts"}],"about":[{"href":"https:\/\/www.europesays.com\/fr\/wp-json\/wp\/v2\/types\/post"}],"author":[{"embeddable":true,"href":"https:\/\/www.europesays.com\/fr\/wp-json\/wp\/v2\/users\/2"}],"replies":[{"embeddable":true,"href":"https:\/\/www.europesays.com\/fr\/wp-json\/wp\/v2\/comments?post=293123"}],"version-history":[{"count":0,"href":"https:\/\/www.europesays.com\/fr\/wp-json\/wp\/v2\/posts\/293123\/revisions"}],"wp:featuredmedia":[{"embeddable":true,"href":"https:\/\/www.europesays.com\/fr\/wp-json\/wp\/v2\/media\/293124"}],"wp:attachment":[{"href":"https:\/\/www.europesays.com\/fr\/wp-json\/wp\/v2\/media?parent=293123"}],"wp:term":[{"taxonomy":"category","embeddable":true,"href":"https:\/\/www.europesays.com\/fr\/wp-json\/wp\/v2\/categories?post=293123"},{"taxonomy":"post_tag","embeddable":true,"href":"https:\/\/www.europesays.com\/fr\/wp-json\/wp\/v2\/tags?post=293123"}],"curies":[{"name":"wp","href":"https:\/\/api.w.org\/{rel}","templated":true}]}}