{"id":293132,"date":"2025-08-03T08:09:12","date_gmt":"2025-08-03T08:09:12","guid":{"rendered":"https:\/\/www.europesays.com\/fr\/293132\/"},"modified":"2025-08-03T08:09:12","modified_gmt":"2025-08-03T08:09:12","slug":"la-resistance-et-son-resultat-grandiose","status":"publish","type":"post","link":"https:\/\/www.europesays.com\/fr\/293132\/","title":{"rendered":"La r\u00e9sistance et son \u00abr\u00e9sultat grandiose\u00bb"},"content":{"rendered":"<p class=\"article-bodystyled__StyledText-sc-19uhgql-0 bGeyRM body-paragraph\">Habit\u00e9e par une soif de r\u00e9ponses, Naomi Fontaine est retourn\u00e9e dans sa communaut\u00e9. Elle a remont\u00e9 le fleuve jusqu\u2019\u00e0 Uashat, pr\u00e8s de Sept-\u00celes.<\/p>\n<p class=\"article-bodystyled__StyledText-sc-19uhgql-0 bGeyRM body-paragraph\">L\u00e0-bas, elle a interview\u00e9 une dizaine d\u2019a\u00een\u00e9s qui lui ont racont\u00e9 leur enfance, leur premier amour, leur travail ou encore leurs \u00e9tudes.<\/p>\n<p class=\"article-bodystyled__StyledText-sc-19uhgql-0 bGeyRM body-paragraph\">\u00abJe voulais essayer de voir \u00e0 travers leur r\u00e9cit de vie ce qui a fait en sorte que la culture innue a surv\u00e9cu \u00e0 l\u2019int\u00e9rieur des communaut\u00e9s et, aujourd\u2019hui, on pourrait m\u00eame dire \u00e0 l\u2019ext\u00e9rieur des communaut\u00e9s\u00bb, souligne Naomi Fontaine, en entrevue au Soleil.<\/p>\n<p class=\"article-bodystyled__StyledText-sc-19uhgql-0 bGeyRM body-paragraph\">M\u00eame si les gens de cette g\u00e9n\u00e9ration ont souvent \u00e9t\u00e9 contraints au silence, ils ont accept\u00e9 de partager g\u00e9n\u00e9reusement leurs souvenirs et leurs apprentissages avec elle.<\/p>\n<p class=\"article-bodystyled__StyledText-sc-19uhgql-0 bGeyRM body-paragraph\">\u00abIls voulaient parler. Ils voulaient \u00eatre entendus. \u00c7a leur faisait plaisir de savoir que, ce qu\u2019ils allaient me transmettre, allait exister en dehors d\u2019eux, en dehors de la communaut\u00e9. Pour les g\u00e9n\u00e9rations futures\u00bb, raconte la femme de 38 ans.<\/p>\n<p class=\"article-bodystyled__StyledText-sc-19uhgql-0 bGeyRM body-paragraph\">Avec son nouveau roman, Eka Ashate &#8211; Ne flanche pas, l\u2019\u00e9crivaine invite le public \u00e0 plonger au c\u0153ur de ces r\u00e9cits de vie. \u00c0 travers les chapitres, on d\u00e9couvre des anecdotes parfois joyeuses, parfois tristes, mais qui t\u00e9moignent toujours de la r\u00e9sistance dont les a\u00een\u00e9s ont su faire preuve au quotidien. Plut\u00f4t que d\u2019abandonner devant les difficult\u00e9s, ils ont conserv\u00e9 une foi in\u00e9branlable en leur culture.<\/p>\n<p><img decoding=\"async\" data-chromatic=\"ignore\" alt=\"&lt;em&gt;Eka Ashate - Ne flanche pas&lt;\/em&gt;, Naomi Fontaine, 194 pages.\" class=\"c-image\" loading=\"lazy\" src=\"https:\/\/www.europesays.com\/fr\/wp-content\/uploads\/2025\/08\/DGF43PZG2BCB7HEOW3VXQ67VPE.jpeg\"  width=\"1200\" height=\"1813\"\/><\/p>\n<p class=\"image-metadata__MetadataParagraph-sc-1gfk7p2-0 cAaLKg image-metadata\">Eka Ashate &#8211; Ne flanche pas, Naomi Fontaine, 194 pages. (M\u00e9moire d&rsquo;encrier)<\/p>\n<p class=\"article-bodystyled__StyledText-sc-19uhgql-0 bGeyRM body-paragraph\">Selon Naomi Fontaine, \u00able v\u00e9ritable combat\u00bb n\u2019est donc pas \u00abcontre les institutions\u00bb, mais bien \u00abcontre soi-m\u00eame\u00bb.<\/p>\n<p class=\"article-bodystyled__StyledText-sc-19uhgql-0 bGeyRM body-paragraph\">\u00abLa r\u00e9sistance n\u2019est pas toujours celle qui est visible. Faite de manifestations et de grands cris. Peut-\u00eatre que notre forme de r\u00e9sistance, \u00e0 nous les Innus, c\u2019est le combat silencieux, \u00e0 l\u2019int\u00e9rieur de soi. Quand l\u2019humain doit se battre contre lui-m\u00eame. Contre ses croyances nocives, contre ses erreurs de parcours, contre les liens qui l\u2019emprisonnent. Contre l\u2019alcool. [\u2026] Parce que r\u00e9sister, c\u2019est avancer quand tout nous pousse \u00e0 flancher\u00bb, \u00e9crit-elle d\u2019ailleurs dans son plus r\u00e9cent livre.<\/p>\n<p class=\"article-bodystyled__StyledText-sc-19uhgql-0 bGeyRM body-paragraph\">Pour Naomi Fontaine, la cl\u00e9 de la r\u00e9sistance se trouve ainsi dans l\u2019accumulation de petits gestes r\u00e9alis\u00e9s au fil des d\u00e9cennies: \u00abQuand on choisit d\u2019amener son enfant dans la for\u00eat, quand on lui montre comment faire de la banique, quand on lui parle dans sa langue\u00bb. <\/p>\n<p class=\"article-bodystyled__StyledText-sc-19uhgql-0 bGeyRM body-paragraph\">\u00abC\u2019est ce qui fait en sorte qu\u2019aujourd\u2019hui je peux dire que je suis une femme innue. Et j\u2019en suis fi\u00e8re. Je suis consciente de ma culture. Je connais mon histoire. Je connais ma langue. Je connais mon territoire. Le r\u00e9sultat [de ces petits gestes] est grandiose\u00bb, affirme l\u2019\u00e9crivaine, au bout du fil.<\/p>\n<p>Une qu\u00eate personnelle<\/p>\n<p class=\"article-bodystyled__StyledText-sc-19uhgql-0 bGeyRM body-paragraph\">Pour Naomi Fontaine, la phrase qui inspire le titre du livre, \u00abEka Ashate &#8211; Ne flanche pas\u00bb, est devenue une id\u00e9e de r\u00e9sistance qu\u2019elle int\u00e8gre au quotidien dans sa propre vie.<\/p>\n<p class=\"article-bodystyled__StyledText-sc-19uhgql-0 bGeyRM body-paragraph\">Dans son roman, l\u2019\u00e9crivaine t\u00e9moigne d\u2019ailleurs de ses propres combats ainsi que ceux qui ont jalonn\u00e9 le parcours de sa maman monoparentale. L\u2019ouvrage prend ainsi des formes d\u2019hommage.<\/p>\n<p class=\"article-bodystyled__StyledText-sc-19uhgql-0 bGeyRM body-paragraph\">\u00abJe voulais lui dire merci pour sa force, son courage et son d\u00e9vouement envers nous, ses enfants. [\u2026] Quand je r\u00e9fl\u00e9chis \u00e0 son histoire, je sens qu\u2019elle avait toutes les bonnes raisons de baisser les bras\u2026 Mais elle n\u2019a jamais baiss\u00e9 les bras. C\u2019est quelque chose qui me fascine chez ma m\u00e8re\u00bb, partage l\u2019autrice, \u00e0 qui l\u2019on doit aussi Shuni (2019) et Kuessipan (2011).<\/p>\n<p class=\"article-bodystyled__StyledText-sc-19uhgql-0 bGeyRM body-paragraph\">Cette \u00abforce physique et mentale\u00bb, qu\u2019elle retrouve dans l\u2019histoire de sa m\u00e8re comme dans celle de ses anc\u00eatres, elle esp\u00e8re l\u2019avoir h\u00e9rit\u00e9 \u00e0 travers ses g\u00e8nes.<\/p>\n<blockquote class=\"pullquote\" cite=\"Naomi Fontaine\">\n<p class=\"secondary-font__SecondaryFontStyles-sc-jft5zj-0 kJOXaj\">\u00abJe pense que, parfois, on oublie qu\u2019on a [cette force]. On oublie qu\u2019on vient d\u2019un grand peuple.\u00bb<\/p>\n<p>\u2014 \u00a0Naomi Fontaine<\/p><\/blockquote>\n<p class=\"article-bodystyled__StyledText-sc-19uhgql-0 bGeyRM body-paragraph\">Malgr\u00e9 tous les combats que la nation innue devra encore mener, Naomi Fontaine envisage l\u2019avenir avec beaucoup d\u2019enthousiasme.<\/p>\n<p class=\"article-bodystyled__StyledText-sc-19uhgql-0 bGeyRM body-paragraph\">\u00abOn est de plus en plus conscient de l\u2019apport de notre culture dans la soci\u00e9t\u00e9 moderne. [\u2026] On r\u00e9alise toute l\u2019utilit\u00e9 et l\u2019importance de notre culture, ce qu\u2019elle nous donne, \u00e0 nous les Premi\u00e8res Nations, mais aussi au Qu\u00e9bec et au monde. \u00c7a nous am\u00e8ne \u00e0 pratiquer notre culture, \u00e0 la transmettre aux enfants\u00bb, observe l\u2019\u00e9crivaine.<\/p>\n<p class=\"article-bodystyled__StyledText-sc-19uhgql-0 bGeyRM body-paragraph\">R\u00e9cemment, Naomi Fontaine a d\u2019ailleurs r\u00e9alis\u00e9 une tourn\u00e9e dans les communaut\u00e9s, sur la C\u00f4te-Nord, afin de donner des ateliers d\u2019\u00e9criture aux jeunes. Une exp\u00e9rience que la dipl\u00f4m\u00e9e en enseignement du fran\u00e7ais a \u00abador\u00e9e\u00bb.<\/p>\n<p class=\"article-bodystyled__StyledText-sc-19uhgql-0 bGeyRM body-paragraph\">\u00abJe trouve tellement que les jeunes avaient une belle conscience, une belle ouverture. Ils avaient envie de partager leur quotidien, leur vision du monde, leurs difficult\u00e9s aussi et leurs fa\u00e7ons de s\u2019en sortir. [\u2026] \u00c7a m\u2019a beaucoup encourag\u00e9e\u00bb, raconte Naomi Fontaine, qui cultive beaucoup d\u2019espoir.<\/p>\n<p class=\"article-bodystyled__StyledText-sc-19uhgql-0 bGeyRM body-paragraph\">Eka Ashate &#8211; Ne flanche pas para\u00eetra en librairie d\u00e8s le 6 ao\u00fbt.<\/p>\n","protected":false},"excerpt":{"rendered":"Habit\u00e9e par une soif de r\u00e9ponses, Naomi Fontaine est retourn\u00e9e dans sa communaut\u00e9. Elle a remont\u00e9 le fleuve&hellip;\n","protected":false},"author":2,"featured_media":293133,"comment_status":"","ping_status":"","sticky":false,"template":"","format":"standard","meta":{"footnotes":""},"categories":[1357],"tags":[1379,43300,58,43303,59,1011,27,2003,1380,43302,43301],"class_list":{"0":"post-293132","1":"post","2":"type-post","3":"status-publish","4":"format-standard","5":"has-post-thumbnail","7":"category-livres","8":"tag-books","9":"tag-culture-innue","10":"tag-divertissement","11":"tag-eka-ashate-ne-flanche-pas","12":"tag-entertainment","13":"tag-fr","14":"tag-france","15":"tag-livre","16":"tag-livres","17":"tag-memoire-dencrier","18":"tag-naomi-fontaine"},"share_on_mastodon":{"url":"https:\/\/pubeurope.com\/@fr\/114963819268611096","error":""},"_links":{"self":[{"href":"https:\/\/www.europesays.com\/fr\/wp-json\/wp\/v2\/posts\/293132","targetHints":{"allow":["GET"]}}],"collection":[{"href":"https:\/\/www.europesays.com\/fr\/wp-json\/wp\/v2\/posts"}],"about":[{"href":"https:\/\/www.europesays.com\/fr\/wp-json\/wp\/v2\/types\/post"}],"author":[{"embeddable":true,"href":"https:\/\/www.europesays.com\/fr\/wp-json\/wp\/v2\/users\/2"}],"replies":[{"embeddable":true,"href":"https:\/\/www.europesays.com\/fr\/wp-json\/wp\/v2\/comments?post=293132"}],"version-history":[{"count":0,"href":"https:\/\/www.europesays.com\/fr\/wp-json\/wp\/v2\/posts\/293132\/revisions"}],"wp:featuredmedia":[{"embeddable":true,"href":"https:\/\/www.europesays.com\/fr\/wp-json\/wp\/v2\/media\/293133"}],"wp:attachment":[{"href":"https:\/\/www.europesays.com\/fr\/wp-json\/wp\/v2\/media?parent=293132"}],"wp:term":[{"taxonomy":"category","embeddable":true,"href":"https:\/\/www.europesays.com\/fr\/wp-json\/wp\/v2\/categories?post=293132"},{"taxonomy":"post_tag","embeddable":true,"href":"https:\/\/www.europesays.com\/fr\/wp-json\/wp\/v2\/tags?post=293132"}],"curies":[{"name":"wp","href":"https:\/\/api.w.org\/{rel}","templated":true}]}}