{"id":293172,"date":"2025-08-03T08:40:10","date_gmt":"2025-08-03T08:40:10","guid":{"rendered":"https:\/\/www.europesays.com\/fr\/293172\/"},"modified":"2025-08-03T08:40:10","modified_gmt":"2025-08-03T08:40:10","slug":"nice-a-la-premiere-place-de-ce-classement-inattendu-et-cest-une-bonne-nouvelle","status":"publish","type":"post","link":"https:\/\/www.europesays.com\/fr\/293172\/","title":{"rendered":"Nice \u00e0 la premi\u00e8re place de ce classement inattendu et c&rsquo;est une bonne nouvelle"},"content":{"rendered":"<p>            Par<br \/>\n        <strong><br \/>\n            <a href=\"https:\/\/actu.fr\/auteur\/ugo-maillard\" title=\"Consulter tous les articles de Ugo Maillard\" rel=\"nofollow noopener\" target=\"_blank\">Ugo Maillard<\/a><br \/>\n        <\/strong><\/p>\n<p>        Publi\u00e9 le<\/p>\n<p>            3 ao\u00fbt 2025 \u00e0 8h16        <\/p>\n<p>Quelles sont \u00ab\u2009les villes de France o\u00f9 les employ\u00e9s sont les plus heureux en 2025\u2009\u00bb\u2009? C\u2019est dans l\u2019optique de r\u00e9pondre \u00e0 cette question que le g\u00e9ant am\u00e9ricain Adobe, connue pour ses logiciels, a r\u00e9alis\u00e9 un sondage.<\/p>\n<p class=\" wall-content\">Transmise \u00e0 la r\u00e9daction d\u2019<a href=\"https:\/\/actu.fr\/nice\/\" rel=\"nofollow noopener\" target=\"_blank\">actu Nice<\/a> en cette fin de mois de juillet, l\u2019\u00e9tude fait la part belle \u00e0 la capitale de la C\u00f4te d\u2019Azur. Selon les r\u00e9sultats obtenus, Nice est la ville o\u00f9 les employ\u00e9s sont les <strong>plus \u00e9panouis dans leur travail<\/strong> avec 63\u2009% des personnes interrog\u00e9es.<\/p>\n<p>Les Ni\u00e7ois heureux au travail<\/p>\n<p class=\" wall-content\">La qualit\u00e9 de vie \u00e0 Nice et son attractivit\u00e9 professionnelle portent leur fruit. Selon le classement, <strong>63\u2009% des Ni\u00e7ois se d\u00e9clarent satisfaits de leur situation actuelle<\/strong>, le plus haut score du classement des villes en France.<\/p>\n<p class=\" wall-content\">Autre donn\u00e9e m\u00e9liorative pour la pr\u00e9fecture des <a href=\"https:\/\/actu.fr\/provence-alpes-cote-d-azur\/alpes-maritimes_06\" rel=\"nofollow noopener\" target=\"_blank\">Alpes-Maritimes<\/a>, 59\u2009% des travailleurs disent vivre leur r\u00eave professionnel, une performance solide qui se refl\u00e8te dans un niveau d\u2019\u00e9panouissement record\u2009: 63\u2009% se d\u00e9clarent satisfaits de leur situation actuelle, le plus haut score du classement.<\/p>\n<p class=\" wall-content\">\u00c0 noter que 60\u2009% des Ni\u00e7ois ne souhaitent pas quitter leur r\u00e9gion pour des raisons professionnelles. Les envies d\u2019ailleurs \u00e9tant plus rares, seuls 40\u2009% envisageraient une mobilit\u00e9, dont \u00e0 peine 20\u2009% vers une autre r\u00e9gion ou l\u2019\u00e9tranger. \u00c0 titre de comparaison, 76\u2009% des personnes interrog\u00e9es \u00e0 <a href=\"https:\/\/actu.fr\/marseille\/\" rel=\"nofollow noopener\" target=\"_blank\">Marseille<\/a> ont d\u00e9clar\u00e9 qu\u2019elles seraient pr\u00eates \u00e0 d\u00e9m\u00e9nager.<\/p>\n<p>M\u00e9thodologie<\/p>\n<p>Nous avons men\u00e9 une enqu\u00eate en France aupr\u00e8s de 2 000 travailleurs \u00e2g\u00e9s de 18 ans et plus, hommes et femmes, dans 24 secteurs d&rsquo;activit\u00e9, afin de mieux comprendre le niveau d\u2019\u00e9panouissement professionnel, ainsi que les raisons et les freins \u00e0 un changement de carri\u00e8re. Ce sondage repr\u00e9sentatif a \u00e9t\u00e9 fait entre le 20 juin 2025 et le 02 juillet 2025.<\/p>\n<p>Le top\u00a05<\/p>\n<p class=\" wall-content\">\u00c9tabli sur les quinze plus grandes villes fran\u00e7aises, le podium des villes o\u00f9 les employ\u00e9s sont les plus heureux est compl\u00e9t\u00e9 par Reims (55\u2009%) et Rennes (54\u2009%).<\/p>\n<ol class=\" wall-content\">\n<li>Nice<\/li>\n<li>Reims<\/li>\n<li>Rennes<\/li>\n<li>Montpellier<\/li>\n<li>Strasbourg<\/li>\n<\/ol>\n<p class=\" wall-content\">Suivez toute l\u2019actualit\u00e9 de vos villes et m\u00e9dias favoris en vous inscrivant \u00e0 <a href=\"https:\/\/moncompte.actu.fr\" title=\"D\u00e9couvez Mon Actu\" rel=\"nofollow noopener\" data-trk=\"{&quot;cta&quot;:{&quot;action&quot;:&quot;https:\\\/\\\/moncompte.actu.fr&quot;,&quot;category&quot;:&quot;mon compte&quot;,&quot;from&quot;:&quot;article footer&quot;,&quot;name&quot;:&quot;Mon actu&quot;,&quot;type&quot;:&quot;cta&quot;}}\" target=\"_blank\">Mon Actu<\/a>.<\/p>\n","protected":false},"excerpt":{"rendered":"Par Ugo Maillard Publi\u00e9 le 3 ao\u00fbt 2025 \u00e0 8h16 Quelles sont \u00ab\u2009les villes de France o\u00f9 les&hellip;\n","protected":false},"author":2,"featured_media":293173,"comment_status":"","ping_status":"","sticky":false,"template":"","format":"standard","meta":{"footnotes":""},"categories":[2819],"tags":[1111,11,341,1777,674,1011,27,12,2401,882,25,104],"class_list":{"0":"post-293172","1":"post","2":"type-post","3":"status-publish","4":"format-standard","5":"has-post-thumbnail","7":"category-nice","8":"tag-actu","9":"tag-actualites","10":"tag-emploi","11":"tag-eu","12":"tag-europe","13":"tag-fr","14":"tag-france","15":"tag-news","16":"tag-nice","17":"tag-provence-alpes-cote-dazur","18":"tag-republique-francaise","19":"tag-societe"},"share_on_mastodon":{"url":"https:\/\/pubeurope.com\/@fr\/114963940942940822","error":""},"_links":{"self":[{"href":"https:\/\/www.europesays.com\/fr\/wp-json\/wp\/v2\/posts\/293172","targetHints":{"allow":["GET"]}}],"collection":[{"href":"https:\/\/www.europesays.com\/fr\/wp-json\/wp\/v2\/posts"}],"about":[{"href":"https:\/\/www.europesays.com\/fr\/wp-json\/wp\/v2\/types\/post"}],"author":[{"embeddable":true,"href":"https:\/\/www.europesays.com\/fr\/wp-json\/wp\/v2\/users\/2"}],"replies":[{"embeddable":true,"href":"https:\/\/www.europesays.com\/fr\/wp-json\/wp\/v2\/comments?post=293172"}],"version-history":[{"count":0,"href":"https:\/\/www.europesays.com\/fr\/wp-json\/wp\/v2\/posts\/293172\/revisions"}],"wp:featuredmedia":[{"embeddable":true,"href":"https:\/\/www.europesays.com\/fr\/wp-json\/wp\/v2\/media\/293173"}],"wp:attachment":[{"href":"https:\/\/www.europesays.com\/fr\/wp-json\/wp\/v2\/media?parent=293172"}],"wp:term":[{"taxonomy":"category","embeddable":true,"href":"https:\/\/www.europesays.com\/fr\/wp-json\/wp\/v2\/categories?post=293172"},{"taxonomy":"post_tag","embeddable":true,"href":"https:\/\/www.europesays.com\/fr\/wp-json\/wp\/v2\/tags?post=293172"}],"curies":[{"name":"wp","href":"https:\/\/api.w.org\/{rel}","templated":true}]}}