{"id":293208,"date":"2025-08-03T09:00:11","date_gmt":"2025-08-03T09:00:11","guid":{"rendered":"https:\/\/www.europesays.com\/fr\/293208\/"},"modified":"2025-08-03T09:00:11","modified_gmt":"2025-08-03T09:00:11","slug":"en-russie-un-volcan-entre-en-eruption-pour-la-premiere-fois-depuis-plus-de-450-ans","status":"publish","type":"post","link":"https:\/\/www.europesays.com\/fr\/293208\/","title":{"rendered":"En Russie, un\u00a0volcan\u00a0entre en \u00e9ruption pour la premi\u00e8re fois depuis plus de 450\u00a0ans"},"content":{"rendered":"<p>Le\u00a0volcan\u00a0Kracheninnikov, situ\u00e9 sur la p\u00e9ninsule russe du Kamtchatka, est entr\u00e9 en \u00e9ruption pour la premi\u00e8re fois depuis plus de 450\u00a0ans, quelques jours apr\u00e8s <a href=\"https:\/\/www.la-croix.com\/planete\/direct-seisme-dans-le-pacifique-plusieurs-pays-en-alerte-tsunami-des-blesses-en-russie-20250730\" data-tracking=\"inpage_click\" data-tracking-action=\"suivre un lien dans l&#039;article\" data-tracking-category=\"engagement\" rel=\"nofollow noopener\" target=\"_blank\">le puissant s\u00e9isme<\/a> qui a frapp\u00e9 cette r\u00e9gion de l\u2019Extr\u00eame orient russe, ont indiqu\u00e9 les autorit\u00e9s russes. Le\u00a0volcan, qui culmine \u00e0 plus de plus de 1\u00a0800 m\u00e8tres d\u2019altitude, d\u00e9gage une colonne de cendres atteignant 6\u00a0000 m\u00e8tres, a indiqu\u00e9 sur Telegram l\u2019antenne locale du minist\u00e8re russe des Situations d\u2019urgence.<\/p>\n<p>La derni\u00e8re \u00e9ruption remonte au XVIe\u00a0si\u00e8cle<\/p>\n<p>\u00ab\u00a0Le panache s\u2019est propag\u00e9 en direction de l\u2019est en direction de l\u2019oc\u00e9an Pacifique\u00a0\u00bb, a pr\u00e9cis\u00e9 la m\u00eame source, pr\u00e9cisant qu\u2019aucune zone d\u2019habitation ni aucun groupe touristique ne se trouvait sur son chemin. La p\u00e9ninsule du Kamtchatka, qui compte une trentaine de volcans actifs, est l\u2019une des zones sismiques les plus actives de la plan\u00e8te, au point de rencontre entre les plaques tectoniques du Pacifique et nord-am\u00e9ricaine.<\/p>\n<p>Ce territoire pratiquement inhabit\u00e9 accueille cependant des touristes venant explorer ses paysages montagneux spectaculaires et ses parcs naturels regorgeant d\u2019ours et saumons. Selon le programme mondial de volcanisme de la Smithsonian Institution, la derni\u00e8re \u00e9ruption recens\u00e9e du Kracheninnikov remonte \u00e0 1550.<\/p>\n<p>Des dizaines de s\u00e9ismes encore enregistr\u00e9s dans la r\u00e9gion<\/p>\n<p>\u00ab\u00a0On observe actuellement une fissure sur le flanc et la formation d\u2019un d\u00f4me de lave, qui s\u2019accompagne d\u2019une puissante activit\u00e9 gazi\u00e8re\u00a0\u00bb, a indiqu\u00e9 Guirina, responsable de l\u2019\u00e9quipe de r\u00e9action aux \u00e9ruptions volcaniques du Kamtchatka (KVERT), \u00e0 l\u2019agence de presse russe Ria Novosti.<\/p>\n<p>Il s\u2019agit de la derni\u00e8re manifestation en date de l\u2019intense activit\u00e9 g\u00e9ologique dans cette r\u00e9gion depuis le s\u00e9isme de magnitude 8,8 survenu mercredi 30\u00a0juillet au large du Kamtchatka, qui a provoqu\u00e9 des <a href=\"https:\/\/www.la-croix.com\/planete\/tsunamis-quelles-sont-les-cotes-francaises-les-plus-menacees-20250730\" data-tracking=\"inpage_click\" data-tracking-action=\"suivre un lien dans l&#039;article\" data-tracking-category=\"engagement\" rel=\"nofollow noopener\" target=\"_blank\">alertes au tsunami dans tout le Pacifique<\/a>.<\/p>\n<p>Le jour m\u00eame, le plus haut\u00a0volcan\u00a0de la p\u00e9ninsule, le Klioutchevsko\u00ef (4\u00a0750 m\u00e8tres) \u00e9tait entr\u00e9 en \u00e9ruption. La r\u00e9gion a encore enregistr\u00e9 samedi plus de 65 s\u00e9ismes dont 10 ont \u00e9t\u00e9 ressentis dans sa principale localit\u00e9, Petropavlosk-Kamtchatski, selon les services russes de g\u00e9ophysique.<\/p>\n","protected":false},"excerpt":{"rendered":"Le\u00a0volcan\u00a0Kracheninnikov, situ\u00e9 sur la p\u00e9ninsule russe du Kamtchatka, est entr\u00e9 en \u00e9ruption pour la premi\u00e8re fois depuis plus&hellip;\n","protected":false},"author":2,"featured_media":293209,"comment_status":"","ping_status":"","sticky":false,"template":"","format":"standard","meta":{"footnotes":""},"categories":[1591],"tags":[11,1887,12,1885,1886,132],"class_list":{"0":"post-293208","1":"post","2":"type-post","3":"status-publish","4":"format-standard","5":"has-post-thumbnail","7":"category-russie","8":"tag-actualites","9":"tag-federation-de-russie","10":"tag-news","11":"tag-russia","12":"tag-russian-federation","13":"tag-russie"},"share_on_mastodon":{"url":"https:\/\/pubeurope.com\/@fr\/114964019535008211","error":""},"_links":{"self":[{"href":"https:\/\/www.europesays.com\/fr\/wp-json\/wp\/v2\/posts\/293208","targetHints":{"allow":["GET"]}}],"collection":[{"href":"https:\/\/www.europesays.com\/fr\/wp-json\/wp\/v2\/posts"}],"about":[{"href":"https:\/\/www.europesays.com\/fr\/wp-json\/wp\/v2\/types\/post"}],"author":[{"embeddable":true,"href":"https:\/\/www.europesays.com\/fr\/wp-json\/wp\/v2\/users\/2"}],"replies":[{"embeddable":true,"href":"https:\/\/www.europesays.com\/fr\/wp-json\/wp\/v2\/comments?post=293208"}],"version-history":[{"count":0,"href":"https:\/\/www.europesays.com\/fr\/wp-json\/wp\/v2\/posts\/293208\/revisions"}],"wp:featuredmedia":[{"embeddable":true,"href":"https:\/\/www.europesays.com\/fr\/wp-json\/wp\/v2\/media\/293209"}],"wp:attachment":[{"href":"https:\/\/www.europesays.com\/fr\/wp-json\/wp\/v2\/media?parent=293208"}],"wp:term":[{"taxonomy":"category","embeddable":true,"href":"https:\/\/www.europesays.com\/fr\/wp-json\/wp\/v2\/categories?post=293208"},{"taxonomy":"post_tag","embeddable":true,"href":"https:\/\/www.europesays.com\/fr\/wp-json\/wp\/v2\/tags?post=293208"}],"curies":[{"name":"wp","href":"https:\/\/api.w.org\/{rel}","templated":true}]}}