{"id":293212,"date":"2025-08-03T09:02:21","date_gmt":"2025-08-03T09:02:21","guid":{"rendered":"https:\/\/www.europesays.com\/fr\/293212\/"},"modified":"2025-08-03T09:02:21","modified_gmt":"2025-08-03T09:02:21","slug":"donald-trump-limoge-en-serie-les-hauts-fonctionnaires-il-dirige-les-usa-comme-son-empire","status":"publish","type":"post","link":"https:\/\/www.europesays.com\/fr\/293212\/","title":{"rendered":"Donald Trump limoge en s\u00e9rie les hauts fonctionnaires\u00a0: \u00ab\u00a0Il dirige les USA comme son empire\u00a0\u00bb"},"content":{"rendered":"<p>En 1987, un <a href=\"https:\/\/rennes.maville.com\/actu\/actudet_-video.-les-1-000-vies-de-donald-trump-le-parcours-surprenant-du-candidat-republicain-_54135-6535014_actu.Htm\" target=\"_blank\" rel=\"noopener\">milliardaire new-yorkais<\/a> r\u00e9v\u00e9lait la cl\u00e9 de son succ\u00e8s dans son livre\u00a0The Art of the Deal (traduit en fran\u00e7ais sous le titre L\u2019art de la n\u00e9gociation). Sa m\u00e9thode\u00a0? Pratiquer la truthful hyperbole, litt\u00e9ralement \u00ab\u00a0l\u2019hyperbole v\u00e9ridique\u00a0\u00bb. Comprenez\u00a0: transformer un fait r\u00e9el pour l\u2019accommoder \u00e0 son avantage. Devenu pr\u00e9sident des \u00c9tats-Unis, Donald Trump applique la m\u00eame m\u00e9thode \u00e0 la politique\u2026 Jusqu\u2019\u00e0 cong\u00e9dier celles et ceux qui contestent sa version de la r\u00e9alit\u00e9.<\/p>\n<p>Dernier exemple en date, ce vendredi 1er\u00a0ao\u00fbt 2025\u00a0: Erika McEntarfer, cheffe de la principale agence de statistiques \u00e9conomiques des \u00c9tats-Unis, a \u00e9t\u00e9 brutalement renvoy\u00e9e. Quelques heures plus t\u00f4t, les <a href=\"https:\/\/rennes.maville.com\/actu\/actudet_-droits-de-douane-chomage-aux-etats-unis...-un-vendredi-noir-pour-les-bourses-mondiales-_54135-6921504_actu.Htm\" target=\"_blank\" rel=\"noopener\">chiffres du ch\u00f4mage<\/a> \u00e9taient tomb\u00e9s, mauvais. Pris de court par cette nouvelle, qui met \u00e0 mal son discours triomphaliste sur l\u2019\u00e9conomie, Donald Trump a r\u00e9agi comme il le fait souvent\u00a0: en accusant le Bureau du travail de <a href=\"https:\/\/rennes.maville.com\/actu\/actudet_-donald-trump-conteste-les-chiffres-de-l-emploi-et-limoge-une-responsable-_54135-6921809_actu.Htm?utm_source=fluxpublicactu&amp;utm_medium=fluxrss&amp;utm_campaign=banquedecontenu\" target=\"_blank\" rel=\"noopener\">trafiquer les donn\u00e9es<\/a> <strong>\u00ab\u00a0pour donner une mauvaise image des r\u00e9publicains et de MOI-M\u00caME\u00a0\u00bb,<\/strong> a-t-il justifi\u00e9 sur sa plateforme Truth Social, sans avancer de preuves de cette pr\u00e9tendue manipulation, avant de sanctionner la messag\u00e8re.<\/p>\n<p>Aucune voix dissidente<\/p>\n<p>L\u2019ex-secr\u00e9taire au Tr\u00e9sor Larry Summers accuse Donald Trump d\u2019avoir limog\u00e9\u00a0Erika McEntarfer parce qu\u2019<strong>\u00ab\u00a0il n\u2019aime pas les chiffres qu\u2019elle produit\u00a0\u00bb.<\/strong> Le s\u00e9nateur d\u00e9mocrate de gauche <a href=\"https:\/\/rennes.maville.com\/actu\/actudet_-bernie-sanders-a-rassemble-des-milliers-de-personnes-samedi-a-los-angeles-contre-donald-trump-_54135-6763194_actu.Htm\" target=\"_blank\" rel=\"noopener\">Bernie Sanders<\/a>, lui, d\u00e9nonce un pr\u00e9sident qui ne veut d\u00e9sormais que des <strong>\u00ab\u00a0laquais qui diront ce qu\u2019[il] veut entendre\u00a0\u00bb.<\/strong><\/p>\n<p><strong>\u00ab\u00a0Il veut exercer un pouvoir absolu et diriger les \u00c9tats-Unis comme il a dirig\u00e9 l\u2019empire Trump. Il ne faut donc aucune voix dissidente qui puisse s\u2019opposer \u00e0 sa v\u00e9rit\u00e9, non fond\u00e9e sur les faits et les chiffres\u00a0\u00bb,<\/strong> explique Anne Deysine, professeure des universit\u00e9s et autrice du livre Les juges contre l\u2019Am\u00e9rique (Presses universitaires de Nanterre, 2024).<\/p>\n<p>Et les pr\u00e9c\u00e9dents ne manquent pas. Fin janvier, quelques heures apr\u00e8s avoir \u00e9t\u00e9 investi \u00e0 la Maison-Blanche, Donald Trump avait annonc\u00e9 sur son r\u00e9seau Truth Social vouloir limoger <strong>\u00ab\u00a0plus de 1\u00a0000\u00a0fonctionnaires non align\u00e9s avec notre vision\u00a0: Make America Great Again\u00a0\u00bb.<\/strong><\/p>\n<p> <a href=\"https:\/\/www.ouest-france.fr\/monde\/etats-unis\/donald-trump\/video-100-premiers-jours-de-trump-ce-que-ses-mots-disent-de-lui-ed57f97b-ef17-411f-831d-cff1af1aa717\" target=\"_blank\" rel=\"noopener\">VID\u00c9O. 100\u00a0premiers jours de Trump\u00a0: ce que ses mots disent de lui<\/a> <\/p>\n<p>Aucun secteur n\u2019est \u00e9pargn\u00e9\u00a0: les responsables du minist\u00e8re de la Justice, qui avaient \u00e9t\u00e9 impliqu\u00e9s dans des proc\u00e9dures judiciaires \u00e0 son encontre, ceux charg\u00e9s de la promotion de la diversit\u00e9 et, <strong>\u00ab\u00a0plus globalement, tous ceux qu\u2019il soup\u00e7onne d\u2019\u00eatre proches des d\u00e9mocrates\u00a0\u00bb,<\/strong> r\u00e9sume Anne Deysine.<\/p>\n<p>Comme un leader autoritaire<\/p>\n<p>M\u00eame le patron de la R\u00e9serve f\u00e9d\u00e9rale, la Fed, subit ces derniers jours des pressions constantes\u00a0: <strong>\u00ab\u00a0Il s\u2019acharne sur <a href=\"https:\/\/rennes.maville.com\/actu\/actudet_-donald-trump-se-rend-a-la-banque-centrale-americaine-dont-il-a-traite-le-president-de-nigaud-_54135-6912470_actu.Htm\" target=\"_blank\" rel=\"noopener\">Jerome Powell<\/a> car celui-ci refuse, \u00e0 juste titre, de baisser les taux malgr\u00e9 les risques d\u2019inflation\u00a0\u00bb,<\/strong> rappelle Anne Deysine. Une autre gouverneure de la Fed, Adriana Kugler, a, elle, <a href=\"https:\/\/rennes.maville.com\/actu\/actudet_-etats-unis-une-gouverneure-de-la-fed-demissionne-_54135-6921794_actu.Htm\" target=\"_blank\" rel=\"noopener\">annonc\u00e9 sa d\u00e9mission<\/a> vendredi.<strong> \u00ab\u00a0Tr\u00e8s heureux\u00a0\u00bb,<\/strong> le pr\u00e9sident am\u00e9ricain a conseill\u00e9 sur son r\u00e9seau Truth Social \u00e0 Jerome Powell, de \u00ab <strong>d\u00e9missionner\u00a0\u00bb<\/strong> lui aussi.<\/p>\n<p><strong>Lire aussi\u00a0: <\/strong> <a href=\"https:\/\/rennes.maville.com\/actu\/actudet_-croissance-election-des-midterms...-pourquoi-donald-trump-veut-mettre-au-pas-la-puissante-fed-_54135-6919724_actu.Htm\" target=\"_blank\" rel=\"noopener\">Croissance, \u00e9lection des midterms\u2026 Pourquoi Donald Trump veut mettre au pas la puissante Fed<\/a><\/p>\n<p>Sa strat\u00e9gie est d\u2019autant plus efficace que les contre-pouvoirs vacillent.<strong>\u00a0<\/strong> <strong>\u00ab\u00a0Le Congr\u00e8s a renonc\u00e9 \u00e0 toutes ses pr\u00e9rogatives, laissant le pr\u00e9sident agir \u00e0 sa guise\u00a0\u00bb,<\/strong> observe Anne Deysine. Quant \u00e0 la Cour supr\u00eame, elle a valid\u00e9 plusieurs licenciements express et ouvert la voie \u00e0 des licenciements massifs d\u00e9but juillet, m\u00eame lorsque la loi les interdit sans faute lourde.<\/p>\n<p>Anne Deysine r\u00e9sume\u00a0: <strong>\u00ab\u00a0Trump se comporte de plus en plus comme les leaders autoritaires qu\u2019il admire, de Poutine au pr\u00e9sident chinois.\u00a0\u00bb<\/strong><\/p>\n<p>\u00a0<\/p>\n","protected":false},"excerpt":{"rendered":"En 1987, un milliardaire new-yorkais r\u00e9v\u00e9lait la cl\u00e9 de son succ\u00e8s dans son livre\u00a0The Art of the Deal&hellip;\n","protected":false},"author":2,"featured_media":293213,"comment_status":"","ping_status":"","sticky":false,"template":"","format":"standard","meta":{"footnotes":""},"categories":[1589],"tags":[11,43305,15016,1555,73,1866,1273,8667,9958,43304,12,521,467,1864,1865,1863,308],"class_list":{"0":"post-293212","1":"post","2":"type-post","3":"status-publish","4":"format-standard","5":"has-post-thumbnail","7":"category-etats-unis","8":"tag-actualites","9":"tag-dirige","10":"tag-donald","11":"tag-empire","12":"tag-etats-unis","13":"tag-etats-unis-damerique","14":"tag-fonctionnaires","15":"tag-hauts","16":"tag-hyeres","17":"tag-limoge","18":"tag-news","19":"tag-serie","20":"tag-trump","21":"tag-united-states","22":"tag-united-states-of-america","23":"tag-us","24":"tag-usa"},"share_on_mastodon":{"url":"https:\/\/pubeurope.com\/@fr\/114964027486083362","error":""},"_links":{"self":[{"href":"https:\/\/www.europesays.com\/fr\/wp-json\/wp\/v2\/posts\/293212","targetHints":{"allow":["GET"]}}],"collection":[{"href":"https:\/\/www.europesays.com\/fr\/wp-json\/wp\/v2\/posts"}],"about":[{"href":"https:\/\/www.europesays.com\/fr\/wp-json\/wp\/v2\/types\/post"}],"author":[{"embeddable":true,"href":"https:\/\/www.europesays.com\/fr\/wp-json\/wp\/v2\/users\/2"}],"replies":[{"embeddable":true,"href":"https:\/\/www.europesays.com\/fr\/wp-json\/wp\/v2\/comments?post=293212"}],"version-history":[{"count":0,"href":"https:\/\/www.europesays.com\/fr\/wp-json\/wp\/v2\/posts\/293212\/revisions"}],"wp:featuredmedia":[{"embeddable":true,"href":"https:\/\/www.europesays.com\/fr\/wp-json\/wp\/v2\/media\/293213"}],"wp:attachment":[{"href":"https:\/\/www.europesays.com\/fr\/wp-json\/wp\/v2\/media?parent=293212"}],"wp:term":[{"taxonomy":"category","embeddable":true,"href":"https:\/\/www.europesays.com\/fr\/wp-json\/wp\/v2\/categories?post=293212"},{"taxonomy":"post_tag","embeddable":true,"href":"https:\/\/www.europesays.com\/fr\/wp-json\/wp\/v2\/tags?post=293212"}],"curies":[{"name":"wp","href":"https:\/\/api.w.org\/{rel}","templated":true}]}}