{"id":293214,"date":"2025-08-03T09:03:10","date_gmt":"2025-08-03T09:03:10","guid":{"rendered":"https:\/\/www.europesays.com\/fr\/293214\/"},"modified":"2025-08-03T09:03:10","modified_gmt":"2025-08-03T09:03:10","slug":"le-feu-a-pris-et-paris-savoure-sa-victoire-diplomatique-lexpress","status":"publish","type":"post","link":"https:\/\/www.europesays.com\/fr\/293214\/","title":{"rendered":"le feu a pris et Paris savoure sa victoire diplomatique \u2013 L&rsquo;Express"},"content":{"rendered":"<p class=\"paragraph article-body-paragraph article__item   article-body-paragraph--first \">Paris est soulag\u00e9. Dix jours apr\u00e8s la d\u00e9claration du pr\u00e9sident fran\u00e7ais <a href=\"https:\/\/www.lexpress.fr\/monde\/proche-moyen-orient\/la-france-a-brise-un-tabou-lavis-tranche-dun-ex-diplomate-sur-la-reconnaissance-dun-etat-palestinien-QTI24X3XWZGV5IEUXUQD4ZUGHI\/\" target=\"_self\" rel=\"noopener\" title=\"https:\/\/www.lexpress.fr\/monde\/proche-moyen-orient\/la-france-a-brise-un-tabou-lavis-tranche-dun-ex-diplomate-sur-la-reconnaissance-dun-etat-palestinien-QTI24X3XWZGV5IEUXUQD4ZUGHI\/\">Emmanuel Macron<\/a> de vouloir reconna\u00eetre en septembre l&rsquo;Etat de Palestine, le Royaume-Uni, le <a href=\"https:\/\/www.lexpress.fr\/monde\/proche-moyen-orient\/le-canada-annonce-intention-de-reconnaitre-letat-de-palestine-SSJE7CW7UZHKXOYZAK5OPLHEUY\/\" target=\"_self\" rel=\"noopener\" title=\"https:\/\/www.lexpress.fr\/monde\/proche-moyen-orient\/le-canada-annonce-intention-de-reconnaitre-letat-de-palestine-SSJE7CW7UZHKXOYZAK5OPLHEUY\/\">Canada<\/a> et le Portugal ont pris tour \u00e0 tour un engagement similaire. \u00ab\u00a0La mobilisation diplomatique pour la reconnaissance de l\u2019\u00c9tat palestinien prend de l\u2019ampleur\u00a0\u00bb, soulignait cette semaine le quotidien allemand <a href=\"https:\/\/www.sueddeutsche.de\/politik\/palaestina-anerkennung-macron-vorstoss-grossbritannien-kanada-li.3292098\" rel=\"noopener\" target=\"_blank\">S\u00fcddeutsche Zeitung<\/a>.<\/p>\n<p class=\"paragraph article-body-paragraph article__item   \">Jeudi 24 juillet dernier, le pr\u00e9sident fran\u00e7ais avait annonc\u00e9 sur ses r\u00e9seaux sociaux que la France <a href=\"https:\/\/www.lexpress.fr\/monde\/proche-moyen-orient\/etat-de-palestine-ce-que-peut-changer-ou-pas-la-reconnaissance-par-la-france-FRGUQVIJS5AR3FQCMQKTLYFCCA\/\" target=\"_self\" rel=\"noopener\" title=\"https:\/\/www.lexpress.fr\/monde\/proche-moyen-orient\/etat-de-palestine-ce-que-peut-changer-ou-pas-la-reconnaissance-par-la-france-FRGUQVIJS5AR3FQCMQKTLYFCCA\/\">reconna\u00eetrait officiellement un \u00c9tat de Palestine<\/a> lors de l\u2019Assembl\u00e9e g\u00e9n\u00e9rale des Nations Unies en septembre prochain, \u00e0 New York. La promesse, \u00e9galement r\u00e9dig\u00e9e dans une lettre adress\u00e9e au chef de l\u2019Autorit\u00e9 palestinienne, Mahmoud Abbas, a \u00e9t\u00e9 d\u00e9crite par le pr\u00e9sident fran\u00e7ais comme \u00ab\u00a0un devoir moral\u00a0\u00bb, \u00e0 l\u2019heure o\u00f9 le gouvernement isra\u00e9lien de Benyamin Netanyahou orchestre une famine dans la <a href=\"https:\/\/www.lexpress.fr\/monde\/proche-moyen-orient\/lemissaire-americain-steve-witkoff-se-rend-dans-la-bande-de-gaza-UIPUPCNWCNGHNIAA4GHFHMHGMQ\/\" target=\"_self\" rel=\"noopener\" title=\"https:\/\/www.lexpress.fr\/monde\/proche-moyen-orient\/lemissaire-americain-steve-witkoff-se-rend-dans-la-bande-de-gaza-UIPUPCNWCNGHNIAA4GHFHMHGMQ\/\">bande de Gaza<\/a> et acc\u00e9l\u00e8re l\u2019annexion de la Cisjordanie. \u00ab\u00a0L\u2019urgence est aujourd\u2019hui que cesse la guerre \u00e0 Gaza et que la population civile soit secourue\u00a0\u00bb, a martel\u00e9 le pr\u00e9sident fran\u00e7ais sur X.<\/p>\n<p>Trois pays membres du G7<\/p>\n<p class=\"paragraph article-body-paragraph article__item   \">Pour relancer la solution dite \u00ab\u00a0\u00e0 deux \u00c9tats\u00a0\u00bb, le pr\u00e9sident fran\u00e7ais avait alors plaid\u00e9 pour une reconnaissance group\u00e9e, encourageant d\u2019autres pays occidentaux \u00e0 s\u2019associer \u00e0 cette d\u00e9marche. Elle n&rsquo;est pas le premier pays \u00e0 proc\u00e9der \u00e0 une telle reconnaissance : selon un d\u00e9compte de l\u2019Agence France Presse, au moins 142 Etats ont d\u00e9j\u00e0 reconnu un Etat palestinien, particuli\u00e8rement en Afrique, en Europe de l\u2019Est et en Am\u00e9rique latine. Au sein de l&rsquo;Union europ\u00e9enne, seuls 11 pays sur 27 reconnaissent la Palestine. Jusqu\u2019\u00e0 aujourd\u2019hui, aucun pays membre du G7 n\u2019a franchi le pas. Par sa d\u00e9claration, la France entend \u00ab\u00a0apporter une contribution d\u00e9cisive \u00e0 la paix au Proche-Orient\u00a0\u00bb et \u00ab\u00a0mobiliser tous ceux de ses partenaires internationaux qui souhaitent y prendre part\u00a0\u00bb, selon les mots d&rsquo;Emmanuel Macron dans sa lettre.<\/p>\n<p><strong class=\"article-body-link-list__item text-gray-800 article-body-link-list__item--one-item\">LIRE AUSSI : <a class=\"article-body-link-list__item-link\" href=\"https:\/\/www.lexpress.fr\/monde\/proche-moyen-orient\/la-france-a-brise-un-tabou-lavis-tranche-dun-ex-diplomate-sur-la-reconnaissance-dun-etat-palestinien-QTI24X3XWZGV5IEUXUQD4ZUGHI\/\" target=\"_blank\" rel=\"noreferrer noopener\">\u00ab\u00a0La France a bris\u00e9 un tabou\u00a0\u00bb : l&rsquo;avis tranch\u00e9 d&rsquo;un ex-diplomate sur la reconnaissance d&rsquo;un Etat palestinien<\/a><\/strong><\/p>\n<p class=\"paragraph article-body-paragraph article__item   \">Si la France a d\u00fb essuyer un certain nombre de commentaires critiques ou sceptiques dans les premi\u00e8res heures qui ont suivi &#8211; sans surprise, Isra\u00ebl et les Etats-Unis ont fermement rejet\u00e9 le projet du pr\u00e9sident fran\u00e7ais -, elle n\u2019a pas tard\u00e9 \u00e0 \u00eatre suivie par d&rsquo;autres pays. Cinq jours plus tard, mardi 30 juillet, le Premier ministre britannique Keir Starmer a d\u00e9clar\u00e9 vouloir reconna\u00eetre \u00e0 son tour l&rsquo;Etat palestinien, \u00e0 moins qu&rsquo;Isra\u00ebl ne prenne une s\u00e9rie d\u2019engagements, dont celui d\u2019un cessez-le-feu dans la bande de Gaza. Une reconnaissance en demi-teinte, mais tout de m\u00eame. Plus d\u2019un tiers des d\u00e9put\u00e9s britanniques avaient d&rsquo;ailleurs exhort\u00e9 le Premier ministre britannique \u00e0 embo\u00eeter le pas d\u2019Emmanuel Macron dans une lettre rendue publique vendredi. Keir Starmer s\u2019\u00e9tait alors entretenu avec Benyamin Netanyahou avant l\u2019annonce, lui disant que \u00ab\u00a0la situation \u00e0 Gaza \u00e9tait intol\u00e9rable\u00a0\u00bb, selon Downing Street.<\/p>\n<p class=\"paragraph article-body-paragraph article__item   \">Moins de 24 heures apr\u00e8s, c\u2019est au tour du Canada d&rsquo;annoncer son \u00ab\u00a0intention de reconna\u00eetre l\u2019Etat de la Palestine lors de la 80e session de l\u2019Assembl\u00e9e g\u00e9n\u00e9rale des Nations unies\u00a0\u00bb, a d\u00e9clar\u00e9 le Premier ministre canadien Mark Carney lors d\u2019une conf\u00e9rence de presse \u00e0 Ottawa, soulignant que \u00ab\u00a0le niveau de souffrance humaine \u00e0 Gaza est intol\u00e9rable et se d\u00e9t\u00e9riore rapidement\u00a0\u00bb. \u00ab\u00a0Pendant des d\u00e9cennies, on a esp\u00e9r\u00e9 que (la solution \u00e0 deux \u00c9tats) serait r\u00e9alis\u00e9e dans le cadre d\u2019un processus de paix fond\u00e9 sur un accord n\u00e9goci\u00e9 entre le gouvernement isra\u00e9lien et l\u2019Autorit\u00e9 palestinienne\u00a0\u00bb, a-t-il d\u00e9clar\u00e9. <\/p>\n<p><strong class=\"article-body-link-list__item text-gray-800 article-body-link-list__item--one-item\">LIRE AUSSI : <a class=\"article-body-link-list__item-link\" href=\"https:\/\/www.lexpress.fr\/monde\/proche-moyen-orient\/elle-est-en-plein-declin-de-gaza-a-la-cisjordanie-la-lente-agonie-de-lautorite-palestinienne-3PBDEAAC6RDKNHNQEM4HYTEEFU\/?auth=7e187ef586\" target=\"_blank\" rel=\"noreferrer noopener\">De Gaza \u00e0 la Cisjordanie, l\u2019impuissance de l\u2019Autorit\u00e9 palestinienne de plus en plus d\u00e9cri\u00e9e<\/a><\/strong><\/p>\n<p class=\"paragraph article-body-paragraph article__item   \">Quelques heures plus tard \u00e0 peine, le Portugal s&rsquo;est \u00e9galement prononc\u00e9 sur cette m\u00eame question. \u00ab\u00a0Le gouvernement a men\u00e9 un processus tr\u00e8s prudent et r\u00e9fl\u00e9chi, toujours en concertation avec ses partenaires europ\u00e9ens et d\u2019autres partenaires\u00a0\u00bb, a r\u00e9agi le pr\u00e9sident portugais Marcelo Rebelo de Sousa aussit\u00f4t apr\u00e8s l\u2019annonce de l\u2019ex\u00e9cutif.<\/p>\n<p>\u00ab\u00a0Renforcer la dynamique\u00a0\u00bb<\/p>\n<p class=\"paragraph article-body-paragraph article__item   \">Encore hier, vendredi 1er ao\u00fbt, le pr\u00e9sident finlandais Alexander Stubb annon\u00e7ait \u00eatre pr\u00eat \u00e0 reconna\u00eetre l\u2019Etat de Palestine si une proposition en ce sens lui \u00e9tait faite. \u00ab\u00a0La d\u00e9cision de la France, du Royaume-Uni et du Canada renforce la dynamique en faveur de la reconnaissance de la Palestine, dans le cadre des efforts visant \u00e0 redonner un nouvel \u00e9lan au processus de paix\u00a0\u00bb, a-t-il \u00e9crit jeudi sur X, plaidant lui aussi pour la solution \u00e0 deux Etats, isra\u00e9lien et palestinien.<\/p>\n<p class=\"paragraph article-body-paragraph article__item   \">Quasiment au m\u00eame moment lors d&rsquo;une conf\u00e9rence \u00e0 l&rsquo;ONU le 29 juillet, 17 pays arabes, dont l&rsquo;Arabie saoudite, le Qatar et l&rsquo;Egypte, appelaient le Hamas \u00e0 remettre ses armes \u00e0 l&rsquo;Autorit\u00e9 palestinienne et \u00e0 \u00ab\u00a0ne plus avoir de r\u00f4le \u00e0 Gaza\u00a0\u00bb, apr\u00e8s avoir sign\u00e9 un document condamnant les attaques du 7-Octobre. Un geste historique, permettant au Royaume-Uni, au Canada et au Portugal de contredire les voix affirmant qu&rsquo;une reconnaissance de la Palestine serait un cadeau fait au Hamas.<\/p>\n<p class=\"paragraph article-body-paragraph article__item    article__text__endpicto\">La France craignait de se retrouver isol\u00e9e sur la sc\u00e8ne internationale, et la voil\u00e0 rejointe, en \u00e0 peine plus d&rsquo;une semaine, par trois pays membres du G7. Et la liste pourrait s&rsquo;allonger encore par la suite : les regards se tourneraient vers l&rsquo;Australie&#8230;<\/p>\n","protected":false},"excerpt":{"rendered":"Paris est soulag\u00e9. Dix jours apr\u00e8s la d\u00e9claration du pr\u00e9sident fran\u00e7ais Emmanuel Macron de vouloir reconna\u00eetre en septembre&hellip;\n","protected":false},"author":2,"featured_media":293215,"comment_status":"","ping_status":"","sticky":false,"template":"","format":"standard","meta":{"footnotes":""},"categories":[1588],"tags":[11,1777,674,74,12,31,473,1853,1851,1850,1852],"class_list":{"0":"post-293214","1":"post","2":"type-post","3":"status-publish","4":"format-standard","5":"has-post-thumbnail","7":"category-royaume-uni","8":"tag-actualites","9":"tag-eu","10":"tag-europe","11":"tag-monde","12":"tag-news","13":"tag-proche-et-moyen-orient","14":"tag-royaume-uni","15":"tag-royaume-uni-de-grande-bretagne-et-dirlande-du-nord","16":"tag-uk","17":"tag-united-kingdom","18":"tag-united-kingdom-of-great-britain-and-northern-ireland"},"share_on_mastodon":{"url":"https:\/\/pubeurope.com\/@fr\/114964031321453732","error":""},"_links":{"self":[{"href":"https:\/\/www.europesays.com\/fr\/wp-json\/wp\/v2\/posts\/293214","targetHints":{"allow":["GET"]}}],"collection":[{"href":"https:\/\/www.europesays.com\/fr\/wp-json\/wp\/v2\/posts"}],"about":[{"href":"https:\/\/www.europesays.com\/fr\/wp-json\/wp\/v2\/types\/post"}],"author":[{"embeddable":true,"href":"https:\/\/www.europesays.com\/fr\/wp-json\/wp\/v2\/users\/2"}],"replies":[{"embeddable":true,"href":"https:\/\/www.europesays.com\/fr\/wp-json\/wp\/v2\/comments?post=293214"}],"version-history":[{"count":0,"href":"https:\/\/www.europesays.com\/fr\/wp-json\/wp\/v2\/posts\/293214\/revisions"}],"wp:featuredmedia":[{"embeddable":true,"href":"https:\/\/www.europesays.com\/fr\/wp-json\/wp\/v2\/media\/293215"}],"wp:attachment":[{"href":"https:\/\/www.europesays.com\/fr\/wp-json\/wp\/v2\/media?parent=293214"}],"wp:term":[{"taxonomy":"category","embeddable":true,"href":"https:\/\/www.europesays.com\/fr\/wp-json\/wp\/v2\/categories?post=293214"},{"taxonomy":"post_tag","embeddable":true,"href":"https:\/\/www.europesays.com\/fr\/wp-json\/wp\/v2\/tags?post=293214"}],"curies":[{"name":"wp","href":"https:\/\/api.w.org\/{rel}","templated":true}]}}