{"id":293216,"date":"2025-08-03T09:04:12","date_gmt":"2025-08-03T09:04:12","guid":{"rendered":"https:\/\/www.europesays.com\/fr\/293216\/"},"modified":"2025-08-03T09:04:12","modified_gmt":"2025-08-03T09:04:12","slug":"allemagne-le-reseau-ferroviaire-vise-par-un-troisieme-incendie-criminel-presume-en-une-semaine","status":"publish","type":"post","link":"https:\/\/www.europesays.com\/fr\/293216\/","title":{"rendered":"Allemagne\u00a0: le r\u00e9seau ferroviaire vis\u00e9 par un troisi\u00e8me incendie criminel pr\u00e9sum\u00e9 en une semaine"},"content":{"rendered":"<p class=\"paragraph text_align_left lp-f-body-02\">Le <a href=\"https:\/\/www.leparisien.fr\/international\/allemagne\/\" target=\"_blank\" rel=\"noreferrer nofollow noopener\">r\u00e9seau ferroviaire allemand<\/a> pris pour cible ? Un <a href=\"https:\/\/www.leparisien.fr\/faits-divers\/allemagne-enquetes-sur-des-suspicions-dincendies-criminels-sur-fond-de-revendication-ecologique-01-08-2025-E5H6QINMSVBAFOBS6RIQNUR5XM.php\" target=\"_blank\" rel=\"noreferrer nofollow noopener\">troisi\u00e8me incendie criminel pr\u00e9sum\u00e9 cette semaine<\/a> a touch\u00e9 une ligne ferroviaire outre-Rhin, cette fois dans l\u2019est du pays, a indiqu\u00e9 ce samedi <a href=\"https:\/\/www.leparisien.fr\/faits-divers\/plusieurs-morts-et-de-nombreux-blesses-en-allemagne-apres-le-deraillement-dun-train-27-07-2025-PGCYDAVH55B7FFBRFKM7V7FHB4.php\" target=\"_blank\" rel=\"noreferrer nofollow noopener\">l\u2019exploitant du r\u00e9seau Deutsche Bahn<\/a>, apr\u00e8s deux cas dans l\u2019ouest qui ont entra\u00een\u00e9 des perturbations.<\/p>\n<p class=\"paragraph text_align_left lp-f-body-02\">\u00ab Vendredi soir, un nouvel incendie de c\u00e2bles s\u2019est d\u00e9clar\u00e9 sur une voie ferr\u00e9e \u00bb destin\u00e9e au transport de marchandises, notamment de charbon, \u00e0 Hohenm\u00f6lsen, dans la r\u00e9gion de Saxe-Anhalt, a indiqu\u00e9 l\u2019op\u00e9rateur dans un communiqu\u00e9. \u00ab Selon les premiers \u00e9l\u00e9ments des enqu\u00eateurs, cet incendie de c\u00e2bles est \u00e9galement un incendie criminel \u00bb, a affirm\u00e9 la Deutsche Bahn.<\/p>\n<p>Deux autres endroits aussi vis\u00e9s<\/p>\n<p class=\"paragraph text_align_left lp-f-body-02\">Dans le m\u00eame temps, l\u2019entreprise a indiqu\u00e9 avoir r\u00e9par\u00e9 les c\u00e2bles endommag\u00e9s par deux autres incendies criminels pr\u00e9sum\u00e9s sur la ligne entre D\u00fcsseldorf et Duisbourg, permettant un r\u00e9tablissement du trafic perturb\u00e9 depuis deux jours. \u00ab Cinq c\u00e2bles d\u2019environ 20 m chacun \u00bb ont d\u00fb \u00eatre remplac\u00e9s, a-t-elle pr\u00e9cis\u00e9.<\/p>\n<p class=\"paragraph text_align_left lp-f-body-02\">Le premier des deux incendies, survenu ce jeudi sur un poste d\u2019aiguillage pr\u00e8s de D\u00fcsseldorf, a engendr\u00e9 d\u2019importantes perturbations du trafic ferroviaire sur des lignes tr\u00e8s fr\u00e9quent\u00e9es du bassin industriel de la Ruhr, reliant par exemple le nord de l\u2019Europe \u00e0 la Suisse.<\/p>\n<p class=\"paragraph text_align_left lp-f-body-02\">Le second incendie criminel pr\u00e9sum\u00e9 a eu lieu ce vendredi \u00e0 environ un kilom\u00e8tre du premier. \u00ab Plusieurs centaines de trains par jour (\u2026) ont \u00e9t\u00e9 affect\u00e9es \u00bb, d\u00e9vi\u00e9s ou supprim\u00e9s, et \u00ab des dizaines de milliers de voyageurs \u00bb ont subi les cons\u00e9quences de ces incendies, a soulign\u00e9 Deutsche Bahn.<\/p>\n<p class=\"paragraph text_align_left lp-f-body-02\">Le premier incendie \u00ab ressemble \u00e0 du sabotage \u00bb, a d\u00e9clar\u00e9 un porte-parole de la police. Il a \u00e9t\u00e9 revendiqu\u00e9 par un groupe baptis\u00e9 \u00ab Kommando Angry Birds \u00bb dans une lettre publi\u00e9e sur la plate-forme en ligne d\u2019extr\u00eame gauche Indymedia, dont la police a dit v\u00e9rifier l\u2019authenticit\u00e9. Ces derni\u00e8res ann\u00e9es, le r\u00e9seau ferroviaire allemand a connu d\u2019autres sabotages pr\u00e9sum\u00e9s, comme en octobre 2022 ou septembre 2023.<\/p>\n","protected":false},"excerpt":{"rendered":"Le r\u00e9seau ferroviaire allemand pris pour cible ? Un troisi\u00e8me incendie criminel pr\u00e9sum\u00e9 cette semaine a touch\u00e9 une&hellip;\n","protected":false},"author":2,"featured_media":293217,"comment_status":"","ping_status":"","sticky":false,"template":"","format":"standard","meta":{"footnotes":""},"categories":[1587],"tags":[11,672,1804,1805,1803,1777,674,118,1801,14,12,1802],"class_list":{"0":"post-293216","1":"post","2":"type-post","3":"status-publish","4":"format-standard","5":"has-post-thumbnail","7":"category-allemagne","8":"tag-actualites","9":"tag-allemagne","10":"tag-bundesrepublik-deutschland","11":"tag-de","12":"tag-deutschland","13":"tag-eu","14":"tag-europe","15":"tag-faits-divers","16":"tag-germany","17":"tag-international","18":"tag-news","19":"tag-republique-federale-dallemagne"},"share_on_mastodon":{"url":"https:\/\/pubeurope.com\/@fr\/114964035277325805","error":""},"_links":{"self":[{"href":"https:\/\/www.europesays.com\/fr\/wp-json\/wp\/v2\/posts\/293216","targetHints":{"allow":["GET"]}}],"collection":[{"href":"https:\/\/www.europesays.com\/fr\/wp-json\/wp\/v2\/posts"}],"about":[{"href":"https:\/\/www.europesays.com\/fr\/wp-json\/wp\/v2\/types\/post"}],"author":[{"embeddable":true,"href":"https:\/\/www.europesays.com\/fr\/wp-json\/wp\/v2\/users\/2"}],"replies":[{"embeddable":true,"href":"https:\/\/www.europesays.com\/fr\/wp-json\/wp\/v2\/comments?post=293216"}],"version-history":[{"count":0,"href":"https:\/\/www.europesays.com\/fr\/wp-json\/wp\/v2\/posts\/293216\/revisions"}],"wp:featuredmedia":[{"embeddable":true,"href":"https:\/\/www.europesays.com\/fr\/wp-json\/wp\/v2\/media\/293217"}],"wp:attachment":[{"href":"https:\/\/www.europesays.com\/fr\/wp-json\/wp\/v2\/media?parent=293216"}],"wp:term":[{"taxonomy":"category","embeddable":true,"href":"https:\/\/www.europesays.com\/fr\/wp-json\/wp\/v2\/categories?post=293216"},{"taxonomy":"post_tag","embeddable":true,"href":"https:\/\/www.europesays.com\/fr\/wp-json\/wp\/v2\/tags?post=293216"}],"curies":[{"name":"wp","href":"https:\/\/api.w.org\/{rel}","templated":true}]}}