{"id":293218,"date":"2025-08-03T09:05:10","date_gmt":"2025-08-03T09:05:10","guid":{"rendered":"https:\/\/www.europesays.com\/fr\/293218\/"},"modified":"2025-08-03T09:05:10","modified_gmt":"2025-08-03T09:05:10","slug":"supercoupe-deurope-ligue-1-le-calendrier-du-psg-en-aout","status":"publish","type":"post","link":"https:\/\/www.europesays.com\/fr\/293218\/","title":{"rendered":"Supercoupe d&rsquo;Europe, Ligue 1&#8230; Le calendrier du PSG en ao\u00fbt"},"content":{"rendered":"<p><img width=\"700\" height=\"350\" src=\"https:\/\/www.europesays.com\/fr\/wp-content\/uploads\/2025\/08\/PSG-Joie.jpg\" class=\"attachment-jannah-image-post size-jannah-image-post wp-post-image\" alt=\"Psg joie\" is_main_img=\"1\" decoding=\"async\" fetchpriority=\"high\"  \/><br \/>\n Image :<br \/>\nPSG.fr<\/p>\n<p>Attendus au Campus PSG mercredi prochain, les Parisiens<br \/>\ndevront rapidement se mettre en mode comp\u00e9tition dans ce mois<br \/>\nd\u2019ao\u00fbt.<\/p>\n<p>Apr\u00e8s une saison 2024-2025 historique, le <strong>PSG<\/strong><br \/>\nva bient\u00f4t entamer sa pr\u00e9paration pour l\u2019exercice 2025-2026. Dans<br \/>\ntrois jours, les joueurs de <strong>Luis Enrique<\/strong><br \/>\nretrouveront le <strong>Campus PSG<\/strong> pour la reprise de<br \/>\nl\u2019entra\u00eenement, apr\u00e8s trois semaines de vacances. Et les champions<br \/>\nd\u2019Europe devront rapidement activer le mode comp\u00e9tition.<\/p>\n<p>En effet, d\u00e8s le mercredi 13 ao\u00fbt (21h), \u00e0<br \/>\n<strong>Udine<\/strong> (<strong>Italie<\/strong>), les Rouge &amp; Bleu<br \/>\nd\u00e9fieront <strong><a href=\"https:\/\/canal-supporters.com\/le-programme-des-joueurs-du-psg-pour-etre-prets-pour-tottenham\/\" title=\"\" target=\"_blank\" rel=\"noopener\">Tottenham<\/a><\/strong> dans le cadre de la<br \/>\n<strong>Supercoupe de l\u2019UEFA<\/strong> avec pour ambition de glaner<br \/>\nun nouveau troph\u00e9e dans l\u2019histoire du club. Quelques jours plus<br \/>\ntard, les champions de France feront leur entr\u00e9e en lice en<br \/>\n<strong><a href=\"https:\/\/ligue1.com\/fr\/competitions\/ligue1mcdonalds?tab=results&amp;gameweek=1\" target=\"_blank\" rel=\"noopener\" title=\"\">Ligue 1<\/a><\/strong>. En<br \/>\nconclusion de la 1\u00e8re journ\u00e9e de championnat, le<br \/>\n<strong>PSG<\/strong> se d\u00e9placera sur la pelouse du <strong>FC<br \/>\nNantes<\/strong> (dimanche \u00e0 20h45). Cinq jours apr\u00e8s, le vendredi<br \/>\n22 ao\u00fbt (20h45), les Parisiens retrouveront le <strong><a href=\"https:\/\/canal-supporters.com\/psg-la-ligue-des-champions-enfin-exposee-au-parc-des-princes\/\" title=\"\" target=\"_blank\" rel=\"noopener\">Parc des Princes<\/a><\/strong> avec la r\u00e9ception de<br \/>\n<strong>l\u2019Angers SCO<\/strong>. Enfin, juste avant la premi\u00e8re tr\u00eave<br \/>\ninternationale de la saison, le club de la capitale se d\u00e9placera au<br \/>\n<strong>Stadium<\/strong> pour y d\u00e9fier le <strong>Toulouse<br \/>\nFC<\/strong> (samedi 30 ao\u00fbt \u00e0 21h05).<\/p>\n<p>Le calendrier du PSG en ao\u00fbt<\/p>\n<ul class=\"wp-block-list\">\n<li>Mercredi 13 ao\u00fbt (21h sur Canal Plus) : <strong>Paris Saint-Germain \/ Tottenham<\/strong> (Supercoupe de l\u2019UEFA \/ Bluenergy Stadium)<\/li>\n<li>Dimanche 17 ao\u00fbt (20h45 sur Ligue 1+) : <strong>FC Nantes \/ Paris Saint-Germain<\/strong> (1\u00e8re journ\u00e9e de Ligue 1 \/ Stade de la Beaujoire)<\/li>\n<li>Vendredi 22 ao\u00fbt (20h45 sur Ligue 1+) : <strong>Paris Saint-Germain \/ Angers SCO<\/strong> (2e journ\u00e9e de Ligue 1 \/ Parc des Princes)<\/li>\n<li>Samedi 30 ao\u00fbt (21h05 sur Ligue 1+) : <strong>Toulouse FC \/ Paris Saint-Germain<\/strong> (3e journ\u00e9e de Ligue 1 \/ Stadium de Toulouse)<\/li>\n<\/ul>\n<p>Youtube :<br \/>\n<strong><a href=\"https:\/\/www.youtube.com\/@CanalSupportersParis\" target=\"_blank\" rel=\"noopener\" title=\"\">Canal Supporters<br \/>\nParis<\/a><\/strong><\/p>\n","protected":false},"excerpt":{"rendered":"Image : PSG.fr Attendus au Campus PSG mercredi prochain, les Parisiens devront rapidement se mettre en mode comp\u00e9tition&hellip;\n","protected":false},"author":2,"featured_media":293219,"comment_status":"","ping_status":"","sticky":false,"template":"","format":"standard","meta":{"footnotes":""},"categories":[1586],"tags":[11,17164,81,787,1777,674,1011,27,66,12800,12,91,92,93,43306,39213,25,42411,43307,40582,96],"class_list":{"0":"post-293218","1":"post","2":"type-post","3":"status-publish","4":"format-standard","5":"has-post-thumbnail","7":"category-europe","8":"tag-actualites","9":"tag-calendrier-psg","10":"tag-canal-supporters","11":"tag-cs","12":"tag-eu","13":"tag-europe","14":"tag-fr","15":"tag-france","16":"tag-ligue-1","17":"tag-nantes-psg","18":"tag-news","19":"tag-paris-saint-germain","20":"tag-paris-sg","21":"tag-psg","22":"tag-psg-angers","23":"tag-psg-tottenham","24":"tag-republique-francaise","25":"tag-supercoupe-deurope","26":"tag-supercoupe-uefa","27":"tag-toulouse-psg","28":"tag-une"},"share_on_mastodon":{"url":"https:\/\/pubeurope.com\/@fr\/114964039255335923","error":""},"_links":{"self":[{"href":"https:\/\/www.europesays.com\/fr\/wp-json\/wp\/v2\/posts\/293218","targetHints":{"allow":["GET"]}}],"collection":[{"href":"https:\/\/www.europesays.com\/fr\/wp-json\/wp\/v2\/posts"}],"about":[{"href":"https:\/\/www.europesays.com\/fr\/wp-json\/wp\/v2\/types\/post"}],"author":[{"embeddable":true,"href":"https:\/\/www.europesays.com\/fr\/wp-json\/wp\/v2\/users\/2"}],"replies":[{"embeddable":true,"href":"https:\/\/www.europesays.com\/fr\/wp-json\/wp\/v2\/comments?post=293218"}],"version-history":[{"count":0,"href":"https:\/\/www.europesays.com\/fr\/wp-json\/wp\/v2\/posts\/293218\/revisions"}],"wp:featuredmedia":[{"embeddable":true,"href":"https:\/\/www.europesays.com\/fr\/wp-json\/wp\/v2\/media\/293219"}],"wp:attachment":[{"href":"https:\/\/www.europesays.com\/fr\/wp-json\/wp\/v2\/media?parent=293218"}],"wp:term":[{"taxonomy":"category","embeddable":true,"href":"https:\/\/www.europesays.com\/fr\/wp-json\/wp\/v2\/categories?post=293218"},{"taxonomy":"post_tag","embeddable":true,"href":"https:\/\/www.europesays.com\/fr\/wp-json\/wp\/v2\/tags?post=293218"}],"curies":[{"name":"wp","href":"https:\/\/api.w.org\/{rel}","templated":true}]}}