{"id":293220,"date":"2025-08-03T09:06:17","date_gmt":"2025-08-03T09:06:17","guid":{"rendered":"https:\/\/www.europesays.com\/fr\/293220\/"},"modified":"2025-08-03T09:06:17","modified_gmt":"2025-08-03T09:06:17","slug":"temu-dans-le-viseur-de-lunion-europeenne-pour-non-respect-du-dsa","status":"publish","type":"post","link":"https:\/\/www.europesays.com\/fr\/293220\/","title":{"rendered":"Temu dans le viseur de l\u2019Union europ\u00e9enne pour non-respect du DSA"},"content":{"rendered":"<p>&#13;<br \/>\n        &#13;<br \/>\n&#13;<br \/>\n        &#13;<br \/>\n&#13;<\/p>\n<p>        <a href=\"https:\/\/solnum.b-cdn.net\/wp-content\/uploads\/2025\/07\/temu-logo.png\" data-caption=\"\" rel=\"nofollow noopener\" target=\"_blank\"><img decoding=\"async\" fetchpriority=\"high\" width=\"696\" height=\"392\" class=\"entry-thumb td-modal-image\" src=\"https:\/\/www.europesays.com\/fr\/wp-content\/uploads\/2025\/08\/temu-logo-696x392.png\"   alt=\"\" title=\"Temu-Logo\"\/><\/a><\/p>\n<p data-start=\"207\" data-end=\"347\"><strong>Le g\u00e9ant chinois de l\u2019e-commerce est accus\u00e9 par la Commission europ\u00e9enne de manquements graves au r\u00e8glement sur les services num\u00e9riques.<\/strong><\/p>\n<p data-start=\"420\" data-end=\"744\">L\u2019enqu\u00eate men\u00e9e par la Commission pointe la vente de jouets pour b\u00e9b\u00e9s et de petits appareils \u00e9lectroniques potentiellement dangereux, sans v\u00e9rification suffisante de leur conformit\u00e9 aux normes europ\u00e9ennes. Elle \u00e9voque un risque \u00e9lev\u00e9 pour les consommateurs de tomber sur des produits ill\u00e9gaux sur la plateforme.<\/p>\n<p data-start=\"796\" data-end=\"1008\">La Commission critique aussi le design addictif de l\u2019application Temu, bas\u00e9 sur des promotions \u00e9clair et des jeux incitatifs, ainsi qu\u2019un manque de transparence sur les syst\u00e8mes de recommandation.<\/p>\n<p data-start=\"1051\" data-end=\"1275\">Temu risque une amende allant jusqu\u2019\u00e0 6 % de son chiffre d\u2019affaires mondial. La plateforme, qui a explos\u00e9 en popularit\u00e9 en Europe depuis 2023, compte aujourd\u2019hui pr\u00e8s de 94 millions d\u2019utilisateurs mensuels dans l\u2019UE. Cette action s\u2019inscrit dans une strat\u00e9gie plus large de surveillance des plateformes num\u00e9riques. Des enqu\u00eates sont en cours sur AliExpress, Facebook, Instagram, TikTok, et une taxe de deux euros par colis est \u00e0 l\u2019\u00e9tude pour limiter l\u2019importation massive de produits \u00e0 bas co\u00fbt venus de Chine.<\/p>\n<p>        Lire aussi&#8230;<\/p>\n<p>                    L&rsquo;article de la semaine<\/p>\n<p>        &#13;<br \/>\n&#13;<br \/>\n        &#13;<br \/>\n                                    &#13;<\/p>\n<p>Camille Suard<\/p>\n<p>            &#13;<\/p>\n<p>                    &#13;<br \/>\n&#13;<\/p>\n","protected":false},"excerpt":{"rendered":"&#13; &#13; &#13; &#13; &#13; Le g\u00e9ant chinois de l\u2019e-commerce est accus\u00e9 par la Commission europ\u00e9enne de manquements&hellip;\n","protected":false},"author":2,"featured_media":293221,"comment_status":"","ping_status":"","sticky":false,"template":"","format":"standard","meta":{"footnotes":""},"categories":[1586],"tags":[11,1777,674,1779,1011,27,12,8088,25,1778,364],"class_list":{"0":"post-293220","1":"post","2":"type-post","3":"status-publish","4":"format-standard","5":"has-post-thumbnail","7":"category-europe","8":"tag-actualites","9":"tag-eu","10":"tag-europe","11":"tag-european-union","12":"tag-fr","13":"tag-france","14":"tag-news","15":"tag-reglementation","16":"tag-republique-francaise","17":"tag-ue","18":"tag-union-europeenne"},"share_on_mastodon":{"url":"https:\/\/pubeurope.com\/@fr\/114964043122759913","error":""},"_links":{"self":[{"href":"https:\/\/www.europesays.com\/fr\/wp-json\/wp\/v2\/posts\/293220","targetHints":{"allow":["GET"]}}],"collection":[{"href":"https:\/\/www.europesays.com\/fr\/wp-json\/wp\/v2\/posts"}],"about":[{"href":"https:\/\/www.europesays.com\/fr\/wp-json\/wp\/v2\/types\/post"}],"author":[{"embeddable":true,"href":"https:\/\/www.europesays.com\/fr\/wp-json\/wp\/v2\/users\/2"}],"replies":[{"embeddable":true,"href":"https:\/\/www.europesays.com\/fr\/wp-json\/wp\/v2\/comments?post=293220"}],"version-history":[{"count":0,"href":"https:\/\/www.europesays.com\/fr\/wp-json\/wp\/v2\/posts\/293220\/revisions"}],"wp:featuredmedia":[{"embeddable":true,"href":"https:\/\/www.europesays.com\/fr\/wp-json\/wp\/v2\/media\/293221"}],"wp:attachment":[{"href":"https:\/\/www.europesays.com\/fr\/wp-json\/wp\/v2\/media?parent=293220"}],"wp:term":[{"taxonomy":"category","embeddable":true,"href":"https:\/\/www.europesays.com\/fr\/wp-json\/wp\/v2\/categories?post=293220"},{"taxonomy":"post_tag","embeddable":true,"href":"https:\/\/www.europesays.com\/fr\/wp-json\/wp\/v2\/tags?post=293220"}],"curies":[{"name":"wp","href":"https:\/\/api.w.org\/{rel}","templated":true}]}}