{"id":293222,"date":"2025-08-03T09:07:18","date_gmt":"2025-08-03T09:07:18","guid":{"rendered":"https:\/\/www.europesays.com\/fr\/293222\/"},"modified":"2025-08-03T09:07:18","modified_gmt":"2025-08-03T09:07:18","slug":"un-trailer-marseillais-boucle-les-355-kilometres-aller-retour-du-gr20-en-moins-de-5-jours","status":"publish","type":"post","link":"https:\/\/www.europesays.com\/fr\/293222\/","title":{"rendered":"un trailer marseillais boucle les 355 kilom\u00e8tres aller-retour du GR20 en moins de 5 jours"},"content":{"rendered":"<p>Trailer amateur, Gr\u00e9gory Camerlo a \u00e9tabli un record sur le c\u00e9l\u00e8bre sentier corse. L\u2019exploit sportif vise \u00e0 r\u00e9colter des fonds pour deux associations en Corse et en Arm\u00e9nie.<\/p>\n<p class=\"fig-paragraph\">Quatre jours, 16 heures et 27 minutes. C\u2019est le temps qu\u2019il a fallu au\u00a0<a href=\"http:\/\/www.lefigaro.fr\/sports\/autres-sports\/ultra-trail-inoxydable-ludovic-pommeret-remporte-l-hardrock-100-au-bout-de-22-heures-d-effort-20250712\" data-fig-type=\"NewsFlash\" data-gtm-custom-categorie=\"navigation\" data-gtm-custom-action=\"crossclick\" data-gtm-custom-label=\"Contextuel\" data-gtm-event=\"customEventSPE\" data-fig-domain=\"LEFIGARO\" target=\"_blank\" rel=\"noopener\">trailer<\/a>\u00a0amateur marseillais Gr\u00e9gory Camerlo pour parcourir en courant 355 kilom\u00e8tres, soit la distance aller-retour du p\u00e9rilleux\u00a0<a href=\"http:\/\/www.lefigaro.fr\/sports\/autres-sports\/trail-en-corse-anne-lise-rousset-pulverise-le-record-feminin-du-gr-20-20220614\" data-fig-type=\"NewsFlash\" data-gtm-custom-categorie=\"navigation\" data-gtm-custom-action=\"crossclick\" data-gtm-custom-label=\"Contextuel\" data-gtm-event=\"customEventSPE\" data-fig-domain=\"LEFIGARO\" target=\"_blank\" rel=\"noopener\">GR20<\/a>, en Corse. La semaine derni\u00e8re, le sportif marseillais amateur a \u00e9tabli le tout premier record en la mati\u00e8re sur\u00a0<a href=\"https:\/\/www.lefigaro.fr\/sports\/athletisme\/actualites\/32-heures-mais-pas-de-record-pour-thevenard-sur-le-gr-20-1006807\" data-fig-type=\"Article\" data-gtm-custom-categorie=\"navigation\" data-gtm-custom-action=\"crossclick\" data-gtm-custom-label=\"Contextuel\" data-gtm-event=\"customEventSPE\" data-fig-domain=\"LEFIGARO\" target=\"_blank\" rel=\"noopener\">le c\u00e9l\u00e8bre itin\u00e9raire<\/a>\u00a0connu pour sa dangerosit\u00e9 et sa difficult\u00e9, un an apr\u00e8s s\u2019\u00eatre lanc\u00e9 ce d\u00e9fi. Jusqu\u2019ici, aucun record n\u2019avait \u00e9t\u00e9 officiellement enregistr\u00e9 sur une telle distance. \u00abIl y avait un record officieux qui avait \u00e9t\u00e9 r\u00e9alis\u00e9 en 1990 en six jours et demi\u00bb, explique Gr\u00e9gory Camerlo.<\/p>\n<p class=\"fig-paragraph\">L\u2019id\u00e9e d\u2019\u00e9tablir ce record a \u00e9man\u00e9 de l\u2019ancien pr\u00e9sident d\u2019un club de trail dont il est membre\u00a0: celle de r\u00e9aliser cet exploit sportif dans un but humanitaire, afin de venir en aide \u00e0 deux associations en Corse et en Arm\u00e9nie. Mais le pr\u00e9sident s\u2019\u00e9tant bless\u00e9, Gr\u00e9gory Camerlo a repris le d\u00e9fi \u00e0 son compte et tent\u00e9 cette exp\u00e9rience impensable sur le papier.<\/p>\n<p>                                    <a class=\"fig-a11y-skip a11y-hidden\" href=\"#fig-a11y-skip-main-inarticle\"><br \/>\n        Passer la publicit\u00e9<br \/>\n    <\/a><\/p>\n<p>Deux heures et demie de sommeil par nuit<\/p>\n<p class=\"fig-paragraph\">\u00abJe suis fascin\u00e9 par le corps humain et je voulais savoir o\u00f9 \u00e9taient mes propres limites\u00bb, explique-t-il. Le sportif amateur qui a d\u00e9marr\u00e9 le trail en 2019 n\u2019avait couru jusqu\u2019ici que 180 kilom\u00e8tres maximum d\u2019une seule traite. Apr\u00e8s avoir suivi un r\u00e9gime alimentaire sp\u00e9cial et un entra\u00eenement sportif r\u00e9gulier, en s\u2019habituant notamment \u00e0 courir de nuit, il est parti accompagn\u00e9 d\u2019une petite \u00e9quipe pour l\u2019aider dans la logistique, ou courir avec lui afin de maintenir une vitesse constante.<\/p>\n<p class=\"fig-paragraph\">\u00abLe plus dur, c\u2019\u00e9tait la gestion du sommeil, confie Gr\u00e9gory Camerlo. Sur le terrain, je me suis pris de belles chutes. Les douleurs, je savais que j\u2019allais en avoir donc il fallait que je les accepte. Mais la fatigue, c\u2019\u00e9tait difficile.\u00bb Et pour cause\u00a0: pour \u00e9tablir ce temps record, Gr\u00e9gory Camerlo se for\u00e7ait \u00e0 ne dormir que 2\u00a0h\u00a030 par nuit maximum, avec durant sa course quelques pauses de r\u00e9pit de 45 minutes maximum. \u00abJ\u2019ai eu des hallucinations. \u00c0 un moment, j\u2019ai cru qu\u2019une pierre \u00e9tait une tortue, et une autre un personnage imaginaire.\u00bb Au total, sur l\u2019ensemble du p\u00e9riple, Gr\u00e9gory Camerlo n\u2019aura dormi que neuf heures.<\/p>\n<blockquote class=\"fig-quote&#10;    \">\n<p class=\"fig-quote__text\">Je me disais\u00a0: \u00ab Greg, tu peux crever dans cette aventure\u00a0\u00bb<\/p>\n<p>            Gr\u00e9gory Camerlo, trailer amateur\n    <\/p><\/blockquote>\n<p class=\"fig-paragraph\">\u00abMais je sais que j\u2019ai un tr\u00e8s bon mental et que je peux m\u2019appuyer dessus, poursuit-il. Je prenais \u00e9tape par \u00e9tape. Jamais je ne me suis projet\u00e9 directement sur l\u2019arriv\u00e9e. Apr\u00e8s, bien s\u00fbr, j\u2019ai dout\u00e9. Je me disais\u00a0: \u201cGreg, tu peux crever dans cette aventure. L\u00e0, c\u2019est dangereux.\u201d De tout ce que j\u2019ai fait, c\u2019est le plus dur.\u00bb<\/p>\n<p class=\"fig-paragraph\">Documentant \u00e9tape par \u00e9tape son p\u00e9riple sur les r\u00e9seaux sociaux, le Marseillais a suscit\u00e9 un certain engouement, le long du chemin comme sur Internet. Une vid\u00e9o du trailer au milieu du p\u00e9rilleux Cirque de la solitude, sur le GR20, a ainsi \u00e9t\u00e9 vue par 127.000 personnes. \u00abJe ne voulais pas abandonner, pour tous ceux qui suivaient\u00bb, reconna\u00eet-il.<\/p>\n<p class=\"fig-paragraph\">Surtout, le trentenaire avait une autre motivation\u00a0: la cagnotte en ligne lanc\u00e9e pour l\u2019occasion dont les fonds seront revers\u00e9s \u00e0 deux associations, l\u2019une en Corse qui sensibilise au handicap, l\u2019autre en Arm\u00e9nie pour financer du mat\u00e9riel et des soins aux populations touch\u00e9es par le conflit au\u00a0<a href=\"http:\/\/www.lefigaro.fr\/international\/j-ai-peur-d-oublier-le-chemin-de-la-maison-entre-guerre-et-exode-le-long-calvaire-des-enfants-deracines-du-haut-karabakh-20250409\" data-fig-type=\"Article\" data-gtm-custom-categorie=\"navigation\" data-gtm-custom-action=\"crossclick\" data-gtm-custom-label=\"Contextuel\" data-gtm-event=\"customEventSPE\" data-fig-domain=\"LEFIGARO\" target=\"_blank\" rel=\"noopener\">Haut-Karabakh<\/a>. L\u2019exploit \u00e0 peine r\u00e9alis\u00e9, et malgr\u00e9 quelques blessures dues \u00e0 l\u2019effort, Gr\u00e9gory Camerlo est d\u00e9j\u00e0 \u00e0 la recherche d\u2019un autre d\u00e9fi. Dans quinze jours, le sportif disputera sa prochaine course.\u00a0<a href=\"https:\/\/www.leetchi.com\/fr\/c\/gr20-pour-larmenie-7426131\" target=\"_blank\" rel=\"sponsored noopener\" data-gtm-custom-categorie=\"navigation\" data-gtm-custom-action=\"crossclick\" data-gtm-custom-label=\"Contextuel\" data-gtm-event=\"customEventSPE\">La cagnotte<\/a>, elle, restera ouverte jusqu\u2019\u00e0 la fin du mois.<\/p>\n","protected":false},"excerpt":{"rendered":"Trailer amateur, Gr\u00e9gory Camerlo a \u00e9tabli un record sur le c\u00e9l\u00e8bre sentier corse. L\u2019exploit sportif vise \u00e0 r\u00e9colter&hellip;\n","protected":false},"author":2,"featured_media":293223,"comment_status":"","ping_status":"","sticky":false,"template":"","format":"standard","meta":{"footnotes":""},"categories":[2],"tags":[11,5950,2517,6466,1011,27,1943,43308,12,25],"class_list":{"0":"post-293222","1":"post","2":"type-post","3":"status-publish","4":"format-standard","5":"has-post-thumbnail","7":"category-actualites","8":"tag-actualites","9":"tag-armenie","10":"tag-corse","11":"tag-course","12":"tag-fr","13":"tag-france","14":"tag-handicap","15":"tag-haut-karabakh","16":"tag-news","17":"tag-republique-francaise"},"share_on_mastodon":{"url":"https:\/\/pubeurope.com\/@fr\/114964047043713343","error":""},"_links":{"self":[{"href":"https:\/\/www.europesays.com\/fr\/wp-json\/wp\/v2\/posts\/293222","targetHints":{"allow":["GET"]}}],"collection":[{"href":"https:\/\/www.europesays.com\/fr\/wp-json\/wp\/v2\/posts"}],"about":[{"href":"https:\/\/www.europesays.com\/fr\/wp-json\/wp\/v2\/types\/post"}],"author":[{"embeddable":true,"href":"https:\/\/www.europesays.com\/fr\/wp-json\/wp\/v2\/users\/2"}],"replies":[{"embeddable":true,"href":"https:\/\/www.europesays.com\/fr\/wp-json\/wp\/v2\/comments?post=293222"}],"version-history":[{"count":0,"href":"https:\/\/www.europesays.com\/fr\/wp-json\/wp\/v2\/posts\/293222\/revisions"}],"wp:featuredmedia":[{"embeddable":true,"href":"https:\/\/www.europesays.com\/fr\/wp-json\/wp\/v2\/media\/293223"}],"wp:attachment":[{"href":"https:\/\/www.europesays.com\/fr\/wp-json\/wp\/v2\/media?parent=293222"}],"wp:term":[{"taxonomy":"category","embeddable":true,"href":"https:\/\/www.europesays.com\/fr\/wp-json\/wp\/v2\/categories?post=293222"},{"taxonomy":"post_tag","embeddable":true,"href":"https:\/\/www.europesays.com\/fr\/wp-json\/wp\/v2\/tags?post=293222"}],"curies":[{"name":"wp","href":"https:\/\/api.w.org\/{rel}","templated":true}]}}