{"id":293228,"date":"2025-08-03T09:12:12","date_gmt":"2025-08-03T09:12:12","guid":{"rendered":"https:\/\/www.europesays.com\/fr\/293228\/"},"modified":"2025-08-03T09:12:12","modified_gmt":"2025-08-03T09:12:12","slug":"la-liste-des-32-bleues-pour-la-coupe-du-monde-feminine-de-rugby-devoilee","status":"publish","type":"post","link":"https:\/\/www.europesays.com\/fr\/293228\/","title":{"rendered":"La liste des 32 Bleues pour la Coupe du monde f\u00e9minine de rugby d\u00e9voil\u00e9e"},"content":{"rendered":"<p>Le groupe des 32 pour la Coupe du monde f\u00e9minine<\/p>\n<p><b>Talonneuses (3) <\/b>: Manon Bigot (Blagnac), Agathe G\u00e9rin (n\u00e9e Sochat, Bordeaux), \u00c9lisa Riffonneau (Grenoble).<br \/><b>Piliers (5)<\/b>\u00a0: Makarita Baleinadogo (Bordeaux), Rose Bernadou (Montpellier), Yllana Brosseau (Romagnat), Anna\u00eblle Deshaye (Bordeaux), Assia Khalfaoui (Romagnat).<br \/><b>Deuxi\u00e8me-ligne (4)<\/b>\u00a0: Madoussou Fall Raclot (Bordeaux), Manae Feleu (Grenoble), Hina Ikahehegi (Bordeaux), Ta\u00efna Maka (Grenoble).<br \/><b>Troisi\u00e8me-ligne (7) <\/b>: Axelle Berthoumieu (Bordeaux), L\u00e9a Champon (Grenoble), Khoudedia Cissokho (Bordeaux), Charlotte Escudero (Toulouse), T\u00e9ani Feleu (Grenoble), Marie Morland (Lyon), S\u00e9raphine Okemba (Lyon).<br \/><b>Demies de m\u00eal\u00e9e (2)<\/b>\u00a0: Pauline Bourdon Sansus (Toulouse), Alexandra Chambon (Romagnat).<br \/><b>Demies d&rsquo;ouverture (3) <\/b>: Carla Arbez (Bordeaux), Lina Queyroi (Toulouse), Lina Tuy (Romagnat).<br \/><b>Centres (4)<\/b>\u00a0: Nassira Konde (Bordeaux), Marine M\u00e9nager (Montpellier), Carla Neisen (Blagnac), Gabrielle Vernier (Blagnac).<br \/><b>Aili\u00e8res\/Arri\u00e8res (4)<\/b>\u00a0: Kelly Arbey (Toulouse), \u00c9milie Boulard (Blagnac), Morgane Bourgeois (Bordeaux), Joanna Grisez (Bordeaux).<\/p>\n","protected":false},"excerpt":{"rendered":"Le groupe des 32 pour la Coupe du monde f\u00e9minine Talonneuses (3) : Manon Bigot (Blagnac), Agathe G\u00e9rin&hellip;\n","protected":false},"author":2,"featured_media":293229,"comment_status":"","ping_status":"","sticky":false,"template":"","format":"standard","meta":{"footnotes":""},"categories":[1416],"tags":[1011,27,479,1468,60],"class_list":{"0":"post-293228","1":"post","2":"type-post","3":"status-publish","4":"format-standard","5":"has-post-thumbnail","7":"category-rugby","8":"tag-fr","9":"tag-france","10":"tag-rugby","11":"tag-rugby-football","12":"tag-sports"},"share_on_mastodon":{"url":"https:\/\/pubeurope.com\/@fr\/114964066741635752","error":""},"_links":{"self":[{"href":"https:\/\/www.europesays.com\/fr\/wp-json\/wp\/v2\/posts\/293228","targetHints":{"allow":["GET"]}}],"collection":[{"href":"https:\/\/www.europesays.com\/fr\/wp-json\/wp\/v2\/posts"}],"about":[{"href":"https:\/\/www.europesays.com\/fr\/wp-json\/wp\/v2\/types\/post"}],"author":[{"embeddable":true,"href":"https:\/\/www.europesays.com\/fr\/wp-json\/wp\/v2\/users\/2"}],"replies":[{"embeddable":true,"href":"https:\/\/www.europesays.com\/fr\/wp-json\/wp\/v2\/comments?post=293228"}],"version-history":[{"count":0,"href":"https:\/\/www.europesays.com\/fr\/wp-json\/wp\/v2\/posts\/293228\/revisions"}],"wp:featuredmedia":[{"embeddable":true,"href":"https:\/\/www.europesays.com\/fr\/wp-json\/wp\/v2\/media\/293229"}],"wp:attachment":[{"href":"https:\/\/www.europesays.com\/fr\/wp-json\/wp\/v2\/media?parent=293228"}],"wp:term":[{"taxonomy":"category","embeddable":true,"href":"https:\/\/www.europesays.com\/fr\/wp-json\/wp\/v2\/categories?post=293228"},{"taxonomy":"post_tag","embeddable":true,"href":"https:\/\/www.europesays.com\/fr\/wp-json\/wp\/v2\/tags?post=293228"}],"curies":[{"name":"wp","href":"https:\/\/api.w.org\/{rel}","templated":true}]}}