{"id":293247,"date":"2025-08-03T09:23:12","date_gmt":"2025-08-03T09:23:12","guid":{"rendered":"https:\/\/www.europesays.com\/fr\/293247\/"},"modified":"2025-08-03T09:23:12","modified_gmt":"2025-08-03T09:23:12","slug":"toutes-les-generations-reunies-au-concert-de-mc-solaar-a-yzeures-sur-creuse","status":"publish","type":"post","link":"https:\/\/www.europesays.com\/fr\/293247\/","title":{"rendered":"Toutes les g\u00e9n\u00e9rations r\u00e9unies au concert de MC Solaar \u00e0 Yzeures-sur-Creuse"},"content":{"rendered":"<p>Le rappeur MC Solaar a fait sensation au festival Yzeures N&rsquo;Rock ce samedi soir \u00e0 Yzeures-sur-Creuse (Indre-et-Loire). Un \u00e9v\u00e9nement dans lequel toutes les g\u00e9n\u00e9rations se croisent.<\/p>\n<p>C&rsquo;est l&rsquo;un des plus gros \u00e9v\u00e9nements musicaux de l&rsquo;\u00e9t\u00e9 en Indre-et-Loire. Le festival Yzeures N&rsquo; Rock, c&rsquo;est tout ce week-end \u00e0 Yzeures-sur-Creuse. La 19\u1d49 \u00e9dition a commenc\u00e9 ce vendredi 1\u1d49\u02b3 ao\u00fbt 2025. En 2024,\u00a0<a class=\"IciLink ici-link IciArticleLink g-ici-body-regular-1 underline brand svelte-lu7k6w\" href=\"https:\/\/www.francebleu.fr\/culture\/musique\/festival-yzeures-n-rock-record-battu-avec-plus-de-40-000-entrees-une-jauge-reduite-l-annee-prochaine-1501140\" rel=\"nofollow noopener\" target=\"_blank\">la fr\u00e9quentation a battu des records<\/a>, avec 40.000 festivaliers sur les trois jours. On attend un peu moins de monde cette ann\u00e9e, entre 30 et 35.000 personnes. Sur sc\u00e8ne ce samedi soir, nous avons pu voir Monochrome Dream, Carlos Nawak, Ad\u00e9, mais la t\u00eate d&rsquo;affiche, c&rsquo;\u00e9tait bien s\u00fbr <strong>MC Solaar,<\/strong> qui compte plus de 30 ans de carri\u00e8re \u00e0 son actif. Le pionnier du rap fran\u00e7ais s\u00e9duit encore aujourd&rsquo;hui certains jeunes, mais aussi les plus vieux.<\/p>\n<p><img loading=\"lazy\" decoding=\"async\" class=\"VisualPreview svelte-1rldrkz\" src=\"data:image\/jpeg;base64,\/9j\/2wBDACgcHiMeGSgjISMtKygwPGRBPDc3PHtYXUlkkYCZlo+AjIqgtObDoKrarYqMyP\/L2u71\/\/\/\/m8H\/\/\/\/6\/+b9\/\/j\/2wBDASstLTw1PHZBQXb4pYyl+Pj4+Pj4+Pj4+Pj4+Pj4+Pj4+Pj4+Pj4+Pj4+Pj4+Pj4+Pj4+Pj4+Pj4+Pj4+Pj4+Pj\/wAARCAAfACoDASIAAhEBAxEB\/8QAGAAAAwEBAAAAAAAAAAAAAAAAAQIDAAT\/xAAYEAEBAQEBAAAAAAAAAAAAAAAAEhEBAv\/EABcBAQEBAQAAAAAAAAAAAAAAAAEAAgP\/xAAWEQEBAQAAAAAAAAAAAAAAAAAAARH\/2gAMAwEAAhEDEQA\/AOig76SsvfZC1haPfQU1AvbWhTUUWgooObRtDS62mVH0dJwx0P\/Z\" alt=\"En 2024, 40.000 personnes ont particip\u00e9 au festival sur les trois jours\" width=\"600\" height=\"450\"\/>  En 2024, 40.000 personnes ont particip\u00e9 au festival sur les trois jours \u00a9 Radio France &#8211; L\u00e9onie Cornet<\/p>\n<p>Trente-quatre ans apr\u00e8s son tube Caroline, il y a toujours du monde pour l&rsquo;applaudir \u00e0 Yzeures-sur-Creuse\u00a0! Certains ont m\u00eame mis les moyens\u00a0: Nadine, <strong>originaire de Saint-Maure-de-Touraine,<\/strong> a emmen\u00e9 une petite chaise pliante pour pouvoir mieux le voir de loin. \u00ab\u00a0Vu ma taille, c&rsquo;est mieux,\u00a0\u00bb sourit-elle. Il faut dire que tout autour, il y a de nombreux fans de la premi\u00e8re heure, comme Fid\u00e9line. \u00ab\u00a0J&rsquo;adore\u00a0! J&rsquo;\u00e9coute depuis que je suis toute petite. J&rsquo;aime son rythme et ses jeux de mots, il a un flow, c&rsquo;est formidable.\u00a0\u00bb<\/p>\n<p>MC Solaar s\u00e9duit-il encore les jeunes\u00a0?<\/p>\n<p>Mais pas s\u00fbr que \u00e7a plaise \u00e0 tout le monde. \u00ab\u00a0C&rsquo;est trop vieux, l\u00e2che Lucas, assis par terre avec sa bi\u00e8re et sa bande de copains. On n&rsquo;est plus l\u00e0-dedans.\u00a0C&rsquo;est sympa, mais je n&rsquo;aime pas plus que cela.\u00a0\u00bb\u00a0Certains jeunes sont tout de m\u00eame <strong>s\u00e9duits par la musique de MC Solaar,<\/strong> c&rsquo;est le cas d&rsquo;Ozaine, 23 ans. \u00ab\u00a0C&rsquo;est plus old school que les musiques actuelles, qui sont plus commerciales, je trouve. Avant, les paroles \u00e9taient plus construites\u00a0!\u00a0\u00bb<\/p>\n<p>Apr\u00e8s Yzeures-sur-Creuse, c&rsquo;est \u00e0 Charleville-M\u00e9zi\u00e8res que MC\u00a0Solaar posera ses valises pour un concert le 16 ao\u00fbt 2025. D&rsquo;ici l\u00e0, il y a toujours la fin du festival d&rsquo;Yzeures N&rsquo;Rock, avec\u00a0<a target=\"_blank\" rel=\"nofollow noopener noreferrer\" class=\"IciLink ici-link IciArticleLink g-ici-body-regular-1 underline brand svelte-lu7k6w\" href=\"https:\/\/yzeuresnrock.com\/\">au programme ce dimanche<\/a>\u00a0les Zoufris Maracas, Jane et les autres, mais surtout <strong>la chanteuse Hoshi en t\u00eate d&rsquo;affiche.<\/strong><\/p>\n","protected":false},"excerpt":{"rendered":"Le rappeur MC Solaar a fait sensation au festival Yzeures N&rsquo;Rock ce samedi soir \u00e0 Yzeures-sur-Creuse (Indre-et-Loire). Un&hellip;\n","protected":false},"author":2,"featured_media":293248,"comment_status":"","ping_status":"","sticky":false,"template":"","format":"standard","meta":{"footnotes":""},"categories":[1355],"tags":[58,59,1011,27,1361,873],"class_list":{"0":"post-293247","1":"post","2":"type-post","3":"status-publish","4":"format-standard","5":"has-post-thumbnail","7":"category-musique","8":"tag-divertissement","9":"tag-entertainment","10":"tag-fr","11":"tag-france","12":"tag-music","13":"tag-musique"},"share_on_mastodon":{"url":"https:\/\/pubeurope.com\/@fr\/114964109961632209","error":""},"_links":{"self":[{"href":"https:\/\/www.europesays.com\/fr\/wp-json\/wp\/v2\/posts\/293247","targetHints":{"allow":["GET"]}}],"collection":[{"href":"https:\/\/www.europesays.com\/fr\/wp-json\/wp\/v2\/posts"}],"about":[{"href":"https:\/\/www.europesays.com\/fr\/wp-json\/wp\/v2\/types\/post"}],"author":[{"embeddable":true,"href":"https:\/\/www.europesays.com\/fr\/wp-json\/wp\/v2\/users\/2"}],"replies":[{"embeddable":true,"href":"https:\/\/www.europesays.com\/fr\/wp-json\/wp\/v2\/comments?post=293247"}],"version-history":[{"count":0,"href":"https:\/\/www.europesays.com\/fr\/wp-json\/wp\/v2\/posts\/293247\/revisions"}],"wp:featuredmedia":[{"embeddable":true,"href":"https:\/\/www.europesays.com\/fr\/wp-json\/wp\/v2\/media\/293248"}],"wp:attachment":[{"href":"https:\/\/www.europesays.com\/fr\/wp-json\/wp\/v2\/media?parent=293247"}],"wp:term":[{"taxonomy":"category","embeddable":true,"href":"https:\/\/www.europesays.com\/fr\/wp-json\/wp\/v2\/categories?post=293247"},{"taxonomy":"post_tag","embeddable":true,"href":"https:\/\/www.europesays.com\/fr\/wp-json\/wp\/v2\/tags?post=293247"}],"curies":[{"name":"wp","href":"https:\/\/api.w.org\/{rel}","templated":true}]}}