{"id":293277,"date":"2025-08-03T09:44:09","date_gmt":"2025-08-03T09:44:09","guid":{"rendered":"https:\/\/www.europesays.com\/fr\/293277\/"},"modified":"2025-08-03T09:44:09","modified_gmt":"2025-08-03T09:44:09","slug":"il-demande-a-ses-voisins-de-baisser-le-son-il-est-passe-a-tabac","status":"publish","type":"post","link":"https:\/\/www.europesays.com\/fr\/293277\/","title":{"rendered":"il demande \u00e0 ses voisins de baisser le son, il est pass\u00e9 \u00e0 tabac"},"content":{"rendered":"<p itemprop=\"description\"><strong>Le 3 juin dernier, un habitant de La Mure s&rsquo;\u00e9tait rendu devant l&rsquo;appartement de jeunes du quartier des Capucins pour leur demander de baisser le son.<\/strong><\/p>\n<p>Des remontrances qui n&rsquo;avaient pas plu aux principaux concern\u00e9s. En retour, l&rsquo;un d&rsquo;entre eux avait port\u00e9 de violents coups au donneur de le\u00e7ons et avait m\u00eame agit\u00e9 un couteau. La victime avait \u00e9galement \u00e9t\u00e9 pass\u00e9e \u00e0 tabac, avant que sa compagne ne parvienne \u00e0 les faire fuir en faisant semblant de filmer la sc\u00e8ne.<\/p>\n<p>Jug\u00e9 il y a quelques jours par le tribunal correctionnel de Grenoble, le principal suspect a reconnu avoir \u00e9t\u00e9 violent, mais a expliqu\u00e9 avoir agi de la sorte pour se d\u00e9fendre face \u00e0 l&rsquo;agressivit\u00e9 de la victime.<\/p>\n<p>Le jeune homme de 28 ans, au casier judiciaire d\u00e9j\u00e0 rempli et en \u00e9tat de r\u00e9cidive, a \u00e9cop\u00e9 de 2 ans de prison selon le Dauphin\u00e9 Lib\u00e9r\u00e9. La moiti\u00e9 a \u00e9t\u00e9 prononc\u00e9e avec sursis. A l&rsquo;issue de l&rsquo;audience, il a \u00e9t\u00e9 incarc\u00e9r\u00e9.<\/p>\n","protected":false},"excerpt":{"rendered":"Le 3 juin dernier, un habitant de La Mure s&rsquo;\u00e9tait rendu devant l&rsquo;appartement de jeunes du quartier des&hellip;\n","protected":false},"author":2,"featured_media":293278,"comment_status":"","ping_status":"","sticky":false,"template":"","format":"standard","meta":{"footnotes":""},"categories":[9566],"tags":[1111,11,7733,8279,2430,7736,650,7734,2889,2263,1777,674,1011,27,2731,8280,6417,1114,108,4662,12,3725,1825,25,7737],"class_list":{"0":"post-293277","1":"post","2":"type-post","3":"status-publish","4":"format-standard","5":"has-post-thumbnail","7":"category-grenoble","8":"tag-actu","9":"tag-actualites","10":"tag-alpes","11":"tag-alpes1","12":"tag-auvergne-rhone-alpes","13":"tag-cds","14":"tag-cinema","15":"tag-ecoute","16":"tag-emission","17":"tag-equipe","18":"tag-eu","19":"tag-europe","20":"tag-fr","21":"tag-france","22":"tag-grenoble","23":"tag-haute","24":"tag-information","25":"tag-infos","26":"tag-isere","27":"tag-journal","28":"tag-news","29":"tag-podcast","30":"tag-radio","31":"tag-republique-francaise","32":"tag-winamp"},"share_on_mastodon":{"url":"https:\/\/pubeurope.com\/@fr\/114964192543440987","error":""},"_links":{"self":[{"href":"https:\/\/www.europesays.com\/fr\/wp-json\/wp\/v2\/posts\/293277","targetHints":{"allow":["GET"]}}],"collection":[{"href":"https:\/\/www.europesays.com\/fr\/wp-json\/wp\/v2\/posts"}],"about":[{"href":"https:\/\/www.europesays.com\/fr\/wp-json\/wp\/v2\/types\/post"}],"author":[{"embeddable":true,"href":"https:\/\/www.europesays.com\/fr\/wp-json\/wp\/v2\/users\/2"}],"replies":[{"embeddable":true,"href":"https:\/\/www.europesays.com\/fr\/wp-json\/wp\/v2\/comments?post=293277"}],"version-history":[{"count":0,"href":"https:\/\/www.europesays.com\/fr\/wp-json\/wp\/v2\/posts\/293277\/revisions"}],"wp:featuredmedia":[{"embeddable":true,"href":"https:\/\/www.europesays.com\/fr\/wp-json\/wp\/v2\/media\/293278"}],"wp:attachment":[{"href":"https:\/\/www.europesays.com\/fr\/wp-json\/wp\/v2\/media?parent=293277"}],"wp:term":[{"taxonomy":"category","embeddable":true,"href":"https:\/\/www.europesays.com\/fr\/wp-json\/wp\/v2\/categories?post=293277"},{"taxonomy":"post_tag","embeddable":true,"href":"https:\/\/www.europesays.com\/fr\/wp-json\/wp\/v2\/tags?post=293277"}],"curies":[{"name":"wp","href":"https:\/\/api.w.org\/{rel}","templated":true}]}}