{"id":293310,"date":"2025-08-03T10:06:10","date_gmt":"2025-08-03T10:06:10","guid":{"rendered":"https:\/\/www.europesays.com\/fr\/293310\/"},"modified":"2025-08-03T10:06:10","modified_gmt":"2025-08-03T10:06:10","slug":"six-morts-supplementaires-en-24-heures-des-consequences-de-la-famine-et-au-moins-18-personnes-tuees-dimanche-matin","status":"publish","type":"post","link":"https:\/\/www.europesays.com\/fr\/293310\/","title":{"rendered":"six morts suppl\u00e9mentaires en 24\u00a0heures des cons\u00e9quences de la famine et au moins 18 personnes tu\u00e9es dimanche matin"},"content":{"rendered":"<p>   Les Ecologistes demandent \u00e0 Emmanuel Macron de d\u00e9ployer la Marine nationale pour apporter de l\u2019aide humanitaire \u00e0 Gaza             <\/p>\n<p class=\"post__live-container--answer-text post__space-node\">\u00ab\u00a0Nous demandons qu\u2019au regard de l\u2019urgence et de la gravit\u00e9 de la situation, des navires de la Marine nationale soient d\u00e9ploy\u00e9s sans attendre sur les c\u00f4tes de Gaza dans le but d\u2019apporter des vivres, des m\u00e9dicaments, produits de premi\u00e8re n\u00e9cessit\u00e9\u00a0\u00bb, \u00e9crivent dans une tribune publi\u00e9e dans La Tribune Dimanche la patronne des Ecologistes, Marine Tondelier, les trois responsables des groupes parlementaires \u00e9cologistes (Cyrielle Chatelain \u00e0 l\u2019Assembl\u00e9e, Guillaume Gontard au S\u00e9nat, David Cormand au parlement europ\u00e9en), ainsi que le secr\u00e9taire national adjoint, A\u00efssa Ghalmi.<\/p>\n<p class=\"post__live-container--answer-text post__space-node\">Ils en appellent \u00ab\u00a0solennellement\u00a0\u00bb au pr\u00e9sident fran\u00e7ais, Emmanuel Macron\u00a0: \u00ab\u00a0Si vous n\u2019agissez pas, vous \u00eates complice. Complice du g\u00e9nocide, des enfants affam\u00e9s, des milliers de morts faute de soins, d\u2019un peuple massacr\u00e9. Votre inaction restera dans l\u2019histoire.\u00a0\u00bb<\/p>\n<p class=\"post__live-container--answer-text post__space-node\">\u00ab\u00a0Assumez une d\u00e9cision historique qui permettra de mettre un terme \u00e0 un blocus ill\u00e9gal, et d\u2019arr\u00eater le g\u00e9nocide en cours\u00a0\u00bb, lui enjoignent-ils, soulignant que \u00ab\u00a0ce qui menace, si nous n\u2019agissons pas d\u2019ici l\u00e0, c\u2019est qu\u2019en septembre les Gazaouis aient \u00e9t\u00e9 d\u00e9cim\u00e9s\u00a0\u00bb.<\/p>\n<p class=\"post__live-container--answer-text post__space-node\">Rappelant qu\u2019en novembre\u00a02023 la France avait envoy\u00e9 le Tonnerre et le Dixmude, deux porte-h\u00e9licopt\u00e8res amphibies afin de soulager les h\u00f4pitaux de Gaza, les auteurs de la tribune demandent que cette op\u00e9ration soit \u00ab\u00a0r\u00e9p\u00e9t\u00e9e et amplifi\u00e9e\u00a0\u00bb.<\/p>\n<p class=\"post__live-container--answer-text post__space-node\">\u00ab\u00a0La France doit \u00eatre le moteur d\u2019une coalition internationale pour lever le blocus humanitaire\u00a0\u00bb, affirment encore les Ecologistes, qui jugent que le parachutage d\u2019aide alimentaire, mis en \u0153uvre par Paris depuis vendredi et qui pr\u00e9voit de larguer 40 tonnes sur Gaza, \u00ab\u00a0est une m\u00e9thode peu efficace et dangereuse\u00a0\u00bb.<\/p>\n","protected":false},"excerpt":{"rendered":"Les Ecologistes demandent \u00e0 Emmanuel Macron de d\u00e9ployer la Marine nationale pour apporter de l\u2019aide humanitaire \u00e0 Gaza&hellip;\n","protected":false},"author":2,"featured_media":293311,"comment_status":"","ping_status":"","sticky":false,"template":"","format":"standard","meta":{"footnotes":""},"categories":[1888],"tags":[1111,1928,11,1927,1777,674,1011,27,12,1926,626,1925,25],"class_list":{"0":"post-293310","1":"post","2":"type-post","3":"status-publish","4":"format-standard","5":"has-post-thumbnail","7":"category-paris","8":"tag-actu","9":"tag-actu-paris","10":"tag-actualites","11":"tag-actualites-paris","12":"tag-eu","13":"tag-europe","14":"tag-fr","15":"tag-france","16":"tag-news","17":"tag-news-paris","18":"tag-paris","19":"tag-paris-news","20":"tag-republique-francaise"},"share_on_mastodon":{"url":"https:\/\/pubeurope.com\/@fr\/114964279076706283","error":""},"_links":{"self":[{"href":"https:\/\/www.europesays.com\/fr\/wp-json\/wp\/v2\/posts\/293310","targetHints":{"allow":["GET"]}}],"collection":[{"href":"https:\/\/www.europesays.com\/fr\/wp-json\/wp\/v2\/posts"}],"about":[{"href":"https:\/\/www.europesays.com\/fr\/wp-json\/wp\/v2\/types\/post"}],"author":[{"embeddable":true,"href":"https:\/\/www.europesays.com\/fr\/wp-json\/wp\/v2\/users\/2"}],"replies":[{"embeddable":true,"href":"https:\/\/www.europesays.com\/fr\/wp-json\/wp\/v2\/comments?post=293310"}],"version-history":[{"count":0,"href":"https:\/\/www.europesays.com\/fr\/wp-json\/wp\/v2\/posts\/293310\/revisions"}],"wp:featuredmedia":[{"embeddable":true,"href":"https:\/\/www.europesays.com\/fr\/wp-json\/wp\/v2\/media\/293311"}],"wp:attachment":[{"href":"https:\/\/www.europesays.com\/fr\/wp-json\/wp\/v2\/media?parent=293310"}],"wp:term":[{"taxonomy":"category","embeddable":true,"href":"https:\/\/www.europesays.com\/fr\/wp-json\/wp\/v2\/categories?post=293310"},{"taxonomy":"post_tag","embeddable":true,"href":"https:\/\/www.europesays.com\/fr\/wp-json\/wp\/v2\/tags?post=293310"}],"curies":[{"name":"wp","href":"https:\/\/api.w.org\/{rel}","templated":true}]}}