{"id":293312,"date":"2025-08-03T10:07:13","date_gmt":"2025-08-03T10:07:13","guid":{"rendered":"https:\/\/www.europesays.com\/fr\/293312\/"},"modified":"2025-08-03T10:07:13","modified_gmt":"2025-08-03T10:07:13","slug":"comme-un-grand-le-paris-fc-defie-milan","status":"publish","type":"post","link":"https:\/\/www.europesays.com\/fr\/293312\/","title":{"rendered":"Comme un grand, le Paris FC d\u00e9fie Milan"},"content":{"rendered":"<p class=\"pf0\"><strong>Ambitieux dans son recrutement, le Paris FC garde un \u0153il sur la situation d\u2019Hector Fort. Le lat\u00e9ral droit du FC Barcelone n\u2019a pas les faveurs de son coach Hansi Flick. Une occasion \u00e0 saisir pour les Parisiens en concurrence avec des clubs aussi prestigieux que le Milan AC.<\/strong><\/p>\n<p class=\"pf0\">Pour son retour en Ligue 1, le <a href=\"https:\/\/www.foot01.com\/equipe\/parisfc\/\" target=\"_blank\" rel=\"noopener nofollow\">Paris FC<\/a> a tout int\u00e9r\u00eat \u00e0 faire preuve d\u2019humilit\u00e9 dans ses d\u00e9clarations. Mais on devine \u00e0 travers son mercato que le promu ne se contentera pas de viser un simple maintien dans l\u2019\u00e9lite. Le club de la capitale se montre ambitieux dans le choix de ses recrues et ne s\u2019interdit pas de piocher dans l\u2019effectif du FC Barcelone. En ce qui concerne le poste de lat\u00e9ral droit, les Parisiens consid\u00e8rent toujours l\u2019ancien Rennais Hamari Traor\u00e9 comme leur priorit\u00e9. Mais en cas d\u2019\u00e9chec pour le joueur de la Real Sociedad, le Paris FC a fait du Blaugrana Hector Fort (19 ans) une possible alternative. <\/p>\n<blockquote class=\"twitter-tweet\"><p>&#13;<\/p>\n<p lang=\"es\" dir=\"ltr\">\ud83d\udcbc Las ofertas que maneja H\u00e9ctor Fort para cambiar de aires<\/p>\n<p>\u270d\ufe0f <a href=\"https:\/\/twitter.com\/jbatalla7?ref_src=twsrc%5Etfw\" rel=\"nofollow noopener\" target=\"_blank\">@jbatalla7<\/a> <a href=\"https:\/\/t.co\/vg43y4SE8a\" rel=\"nofollow\">https:\/\/t.co\/vg43y4SE8a<\/a><\/p>\n<p>&#13;<br \/>\n\u2014 Mundo Deportivo (@mundodeportivo) <a href=\"https:\/\/twitter.com\/mundodeportivo\/status\/1951605495728357872?ref_src=twsrc%5Etfw\" rel=\"nofollow noopener\" target=\"_blank\">August 2, 2025<\/a><\/p><\/blockquote>\n<p class=\"pf0\">Le probl\u00e8me pour le club de la famille Arnault, c\u2019est que l\u2019international U19 espagnol attire du beau monde. En plus de Majorque, Mundo Deportivo cite le Milan AC, le Borussia Dortmund et l\u2019Ajax Amsterdam parmi les courtisans du Barcelonais. Autant dire que le Paris FC aura fort \u00e0 faire sur ce dossier. Il faudra \u00e9galement composer avec les exigences du Bar\u00e7a. Pour laisser filer Hector Fort, dont la valeur est estim\u00e9e \u00e0 10 millions d\u2019euros, le champion d\u2019Espagne accepte l\u2019id\u00e9e d\u2019un pr\u00eat ou d\u2019un transfert, \u00e0 condition de garder le contr\u00f4le sur son avenir.<\/p>\n<p>Les conditions du Bar\u00e7a<\/p>\n<p class=\"pf0\">En cas de transfert d\u00e9finitif, les Catalans veulent conserver un pourcentage sur ses droits ou n\u00e9gocier une clause de rachat au cas o\u00f9 le lat\u00e9ral droit finissait par exploser. L\u2019information confirme que le Bar\u00e7a croit toujours au potentiel de son joueur. Si le produit de la Masia est pouss\u00e9 vers la sortie, c\u2019est surtout parce que Jules Kound\u00e9 et Eric Garcia lui barrent la route. Mais avant d\u2019envisager un d\u00e9part, le Blaugrana souhaite poursuivre la pr\u00e9paration au Bar\u00e7a pour se donner les moyens de convaincre son coach. Le chemin sera donc long et compliqu\u00e9 pour le Paris FC.<\/p>\n<p>          <script async src=\"https:\/\/platform.twitter.com\/widgets.js\" charset=\"utf-8\"><\/script><\/p>\n","protected":false},"excerpt":{"rendered":"Ambitieux dans son recrutement, le Paris FC garde un \u0153il sur la situation d\u2019Hector Fort. Le lat\u00e9ral droit&hellip;\n","protected":false},"author":2,"featured_media":293313,"comment_status":"","ping_status":"","sticky":false,"template":"","format":"standard","meta":{"footnotes":""},"categories":[1888],"tags":[1111,1928,11,1927,1777,674,1011,27,12,1926,626,1925,25],"class_list":{"0":"post-293312","1":"post","2":"type-post","3":"status-publish","4":"format-standard","5":"has-post-thumbnail","7":"category-paris","8":"tag-actu","9":"tag-actu-paris","10":"tag-actualites","11":"tag-actualites-paris","12":"tag-eu","13":"tag-europe","14":"tag-fr","15":"tag-france","16":"tag-news","17":"tag-news-paris","18":"tag-paris","19":"tag-paris-news","20":"tag-republique-francaise"},"share_on_mastodon":{"url":"https:\/\/pubeurope.com\/@fr\/114964282966011320","error":""},"_links":{"self":[{"href":"https:\/\/www.europesays.com\/fr\/wp-json\/wp\/v2\/posts\/293312","targetHints":{"allow":["GET"]}}],"collection":[{"href":"https:\/\/www.europesays.com\/fr\/wp-json\/wp\/v2\/posts"}],"about":[{"href":"https:\/\/www.europesays.com\/fr\/wp-json\/wp\/v2\/types\/post"}],"author":[{"embeddable":true,"href":"https:\/\/www.europesays.com\/fr\/wp-json\/wp\/v2\/users\/2"}],"replies":[{"embeddable":true,"href":"https:\/\/www.europesays.com\/fr\/wp-json\/wp\/v2\/comments?post=293312"}],"version-history":[{"count":0,"href":"https:\/\/www.europesays.com\/fr\/wp-json\/wp\/v2\/posts\/293312\/revisions"}],"wp:featuredmedia":[{"embeddable":true,"href":"https:\/\/www.europesays.com\/fr\/wp-json\/wp\/v2\/media\/293313"}],"wp:attachment":[{"href":"https:\/\/www.europesays.com\/fr\/wp-json\/wp\/v2\/media?parent=293312"}],"wp:term":[{"taxonomy":"category","embeddable":true,"href":"https:\/\/www.europesays.com\/fr\/wp-json\/wp\/v2\/categories?post=293312"},{"taxonomy":"post_tag","embeddable":true,"href":"https:\/\/www.europesays.com\/fr\/wp-json\/wp\/v2\/tags?post=293312"}],"curies":[{"name":"wp","href":"https:\/\/api.w.org\/{rel}","templated":true}]}}