{"id":293316,"date":"2025-08-03T10:09:13","date_gmt":"2025-08-03T10:09:13","guid":{"rendered":"https:\/\/www.europesays.com\/fr\/293316\/"},"modified":"2025-08-03T10:09:13","modified_gmt":"2025-08-03T10:09:13","slug":"le-trafic-de-la-ligne-8-partiellement-interrompu-entre-paris-et-le-val-de-marne","status":"publish","type":"post","link":"https:\/\/www.europesays.com\/fr\/293316\/","title":{"rendered":"le trafic de la ligne 8 partiellement interrompu entre Paris et le Val-de-Marne"},"content":{"rendered":"<p>            Par<br \/>\n        <strong><br \/>\n            <a href=\"https:\/\/actu.fr\/auteur\/redaction-paris\" title=\"Consulter tous les articles de R\u00e9daction Paris\" target=\"_blank\" rel=\"noopener\">R\u00e9daction Paris<\/a><br \/>\n        <\/strong><\/p>\n<p>        Publi\u00e9 le<\/p>\n<p>            3 ao\u00fbt 2025 \u00e0 11h30<br \/>\n        ; mis \u00e0 jour le 3 ao\u00fbt 2025 \u00e0 11h38    <\/p>\n<p>Mise \u00e0 jour \u00e0 11h25 : la RATP annonce une reprise \u00ab\u00a0progressive\u00a0\u00bb du trafic entre Porte de Charenton et Cr\u00e9teil-Pr\u00e9fecture.\u00a0<\/p>\n<p class=\" wall-content\">Il ne fallait pas \u00eatre press\u00e9. Ce dimanche 3\u00a0ao\u00fbt 2025, le trafic de la <strong>ligne 8<\/strong> du <a href=\"https:\/\/actu.fr\/tag\/metro\" target=\"_blank\" rel=\"noopener\">m\u00e9tro<\/a> est partiellement <strong>interrompu<\/strong> entre <a href=\"https:\/\/actu.fr\/paris\/\" target=\"_blank\" rel=\"noopener\">Paris<\/a> et le <a href=\"https:\/\/actu.fr\/ile-de-france\/val-de-marne_94\" target=\"_blank\" rel=\"noopener\">Val-de-Marne<\/a>, a annonc\u00e9 la <a href=\"https:\/\/actu.fr\/tag\/ratp\" target=\"_blank\" rel=\"noopener\">RATP<\/a> sur le r\u00e9seau social X. Cette cessation temporaire de la circulation devrait se maintenir jusqu\u2019\u00e0 12\u00a0heures, a indiqu\u00e9 la R\u00e9gie, en raison d\u2019un \u00ab\u2009incident affectant les voies\u2009\u00bb.<\/p>\n<p>La ligne 8 partiellement ferm\u00e9e deux semaines en ao\u00fbt<\/p>\n<p class=\" wall-content\">L\u2019information a \u00e9t\u00e9 communiqu\u00e9e vers 10\u00a0heures. Toutes les stations situ\u00e9es entre <strong>Reuilly-Diderot<\/strong> (12e) et <strong>Cr\u00e9teil-Pr\u00e9fecture<\/strong> ne sont pas desservies. Cela comprend <strong>Montgallet<\/strong>, <strong>Daumesnil, Michel Bizot, Porte Dor\u00e9e, Porte de Charenton, Libert\u00e9, Charenton-\u00c9coles, \u00c9cole v\u00e9t\u00e9rinaire de Maisons-Alfort<\/strong>, <strong>Maisons-Alfort Stade<\/strong>, <strong>Maisons-Alfort \u2013 Les Juilliottes, Cr\u00e9teil L\u2019\u00c9chat<\/strong>, <strong>Cr\u00e9teil Universit\u00e9<\/strong> et <strong>Cr\u00e9teil Pr\u00e9fecture<\/strong>.<\/p>\n<p class=\" wall-content\">\n<p class=\" wall-content\">\n<p class=\" wall-content\">Une premi\u00e8re fois annonc\u00e9e vers 11\u00a0heures, la reprise du trafic est repouss\u00e9e. En attendant, la RATP invite les voyageurs \u00e0 se rendre sur le site <a href=\"https:\/\/www.ratp.fr\/itineraires\" target=\"_blank\" rel=\"noopener\">ratp.fr\/itineraires<\/a> pour trouver une alternative.<\/p>\n<p class=\" wall-content\">La ligne 8, l\u2019une des plus longues du r\u00e9seau m\u00e9tropolitain, sera partiellement <strong>ferm\u00e9e<\/strong> du <strong>18 au 31\u00a0ao\u00fbt<\/strong> entre les stations Reuilly-Diderot et Concorde en raison de travaux de modernisation.<\/p>\n<p class=\" wall-content\">Suivez toute l\u2019actualit\u00e9 de vos villes et m\u00e9dias favoris en vous inscrivant \u00e0 <a href=\"https:\/\/moncompte.actu.fr\" title=\"D\u00e9couvez Mon Actu\" rel=\"nofollow noopener\" data-trk=\"{&quot;cta&quot;:{&quot;action&quot;:&quot;https:\\\/\\\/moncompte.actu.fr&quot;,&quot;category&quot;:&quot;mon compte&quot;,&quot;from&quot;:&quot;article footer&quot;,&quot;name&quot;:&quot;Mon actu&quot;,&quot;type&quot;:&quot;cta&quot;}}\" target=\"_blank\">Mon Actu<\/a>.<\/p>\n","protected":false},"excerpt":{"rendered":"Par R\u00e9daction Paris Publi\u00e9 le 3 ao\u00fbt 2025 \u00e0 11h30 ; mis \u00e0 jour le 3 ao\u00fbt 2025&hellip;\n","protected":false},"author":2,"featured_media":293317,"comment_status":"","ping_status":"","sticky":false,"template":"","format":"standard","meta":{"footnotes":""},"categories":[1888],"tags":[11,1777,674,1011,27,4047,12,626,625,25,104,2803],"class_list":{"0":"post-293316","1":"post","2":"type-post","3":"status-publish","4":"format-standard","5":"has-post-thumbnail","7":"category-paris","8":"tag-actualites","9":"tag-eu","10":"tag-europe","11":"tag-fr","12":"tag-france","13":"tag-metro","14":"tag-news","15":"tag-paris","16":"tag-ratp","17":"tag-republique-francaise","18":"tag-societe","19":"tag-transport"},"share_on_mastodon":{"url":"https:\/\/pubeurope.com\/@fr\/114964290878889209","error":""},"_links":{"self":[{"href":"https:\/\/www.europesays.com\/fr\/wp-json\/wp\/v2\/posts\/293316","targetHints":{"allow":["GET"]}}],"collection":[{"href":"https:\/\/www.europesays.com\/fr\/wp-json\/wp\/v2\/posts"}],"about":[{"href":"https:\/\/www.europesays.com\/fr\/wp-json\/wp\/v2\/types\/post"}],"author":[{"embeddable":true,"href":"https:\/\/www.europesays.com\/fr\/wp-json\/wp\/v2\/users\/2"}],"replies":[{"embeddable":true,"href":"https:\/\/www.europesays.com\/fr\/wp-json\/wp\/v2\/comments?post=293316"}],"version-history":[{"count":0,"href":"https:\/\/www.europesays.com\/fr\/wp-json\/wp\/v2\/posts\/293316\/revisions"}],"wp:featuredmedia":[{"embeddable":true,"href":"https:\/\/www.europesays.com\/fr\/wp-json\/wp\/v2\/media\/293317"}],"wp:attachment":[{"href":"https:\/\/www.europesays.com\/fr\/wp-json\/wp\/v2\/media?parent=293316"}],"wp:term":[{"taxonomy":"category","embeddable":true,"href":"https:\/\/www.europesays.com\/fr\/wp-json\/wp\/v2\/categories?post=293316"},{"taxonomy":"post_tag","embeddable":true,"href":"https:\/\/www.europesays.com\/fr\/wp-json\/wp\/v2\/tags?post=293316"}],"curies":[{"name":"wp","href":"https:\/\/api.w.org\/{rel}","templated":true}]}}