{"id":293318,"date":"2025-08-03T10:10:12","date_gmt":"2025-08-03T10:10:12","guid":{"rendered":"https:\/\/www.europesays.com\/fr\/293318\/"},"modified":"2025-08-03T10:10:12","modified_gmt":"2025-08-03T10:10:12","slug":"lue-renforce-sa-lutte-contre-le-contournement-des-sanctions-petrolieres-visant-la-russie-atlantico","status":"publish","type":"post","link":"https:\/\/www.europesays.com\/fr\/293318\/","title":{"rendered":"L&#039;UE renforce sa lutte contre le contournement des sanctions p\u00e9troli\u00e8res visant la Russie &#8211; Atlantico"},"content":{"rendered":"<ol>\n<li><a href=\"https:\/\/news.google.com\/rss\/articles\/CBMi-AFBVV95cUxOeXFtQVBtNWxWTXFybks1a29CeG92RjRveWV1UnNVY2QtTkctMkhqT1hMdk8yak0xcHM1YUgwczhXczBwWXVtX2NFNVR6enpBcWUySkVPZ0s1empvUHhqQkp5emRTZEF1Wi13bXhSa1FnUklrb3hpVDNuRG9jWXZrUmNRLS1MTVJYaG1vSzZXZ2hjZExQYUk4emx0ZmFGNDNDTElkeWJQMlFza3MtWlV1YlBkVGc0aUxJamZoUWZLQWdBQnRxV2JqekUxaEJiYW5rVzhOcXFlUEpGRXhJZUxzMTNaTE1BRWRCRWxjSXhsbjlHZmhzbnNzVw?oc=5\" target=\"_blank\" rel=\"nofollow noopener\">L&rsquo;UE renforce sa lutte contre le contournement des sanctions p\u00e9troli\u00e8res visant la Russie<\/a>&nbsp;&nbsp;Atlantico<\/li>\n<li><a href=\"https:\/\/news.google.com\/rss\/articles\/CBMi5AJBVV95cUxQUUVQQ25qRGRpcFBDR1FWQ3lXSlRIR0NmQmcxQ3M3aGxyRUtVWGtYd3NHNHh5RncyVlFsZGdSZUlwQmhDR1hQNWdIOXlyNHRxWm1vSFVrOXI2dTB6X0RZNTRmQWtkRll1aFVXX3ltSUk1M3FfUFF2dmR4bWZWUlR2Rng3dVZJekFPWkVCTTdJX2hSZkFPUjR3OWsyYjFxS2V1OE84aEhmU1U4WVZfMS1Lb3BsaGFWaDIxNVllbjJtUFRocWxSaG9QbnUyaXpaN3MxTXg4UHlsSUhLd1RKdUhfY1ZUOG90eFhrUkoxazJYcnhzM1hJUDZYNUd0QjBEd1dtU0xUZUwxMFNKd0ZBb0FibWlzd0ZEMWRnRjVINEhKU1BHUTAxR1dVYV9PT2staHVFOGw0bWxDSEY2V3B3dXVvRzRwMFJSQXlrZy1sQ1ducVEwU1E2blZHVk9BQXlVb05RZE1iVg?oc=5\" target=\"_blank\" rel=\"nofollow noopener\">La porte-parole du minist\u00e8re des Affaires \u00e9trang\u00e8res russe indique \u00ab\u00a0qu&rsquo;un nombre sans pr\u00e9c\u00e9dent de sanctions et de restrictions ill\u00e9gales a d\u00e9j\u00e0 \u00e9t\u00e9 impos\u00e9 contre la Russie\u00a0\u00bb<\/a>&nbsp;&nbsp;BFMTV<\/li>\n<li><a href=\"https:\/\/news.google.com\/rss\/articles\/CBMi_AFBVV95cUxQbXVEMS10QTZrR2NQYUZHN1NBdzhNb2hrSFVFcUtkU21fenlVTkUyTmVMOFoxWFdIZ3dHQXAyT1hXZEJ2UEthcEptMmZBajZhYlJBY1dTbVo5QUJRbjVlQTVWUXVfdUFyVzdWZ3ItLWZySmVJRXN6bFBDNVdTb3NSci1feHVmTklxdHdWUXg0ZVR0N1ByQlZHUWsyWnA1VkNPWE4yR2psVzRNWENVZGlJNlYwM0NSQk1RNUVDdjJUcHdibU5vS2tMV25SbFBQUWlXeDdTd1NvdG1CTEdUQmwteHdDUWJxeTJXTTllczh6TWEyMnBkbHJQT1ZHUDg?oc=5\" target=\"_blank\" rel=\"nofollow noopener\">Ukraine : \u00ab Seules quelques sanctions ont eu un effet s\u00e9rieux sur la capacit\u00e9 de Poutine \u00e0 poursuivre la guerre \u00bb<\/a>&nbsp;&nbsp;Le Monde.fr<\/li>\n<li><a href=\"https:\/\/news.google.com\/rss\/articles\/CBMi8wFBVV95cUxObHBDaGNYcVZxRWV5YVU4UUM1ZjNab29VaTZ2cmVNX0VIWlhyTGRIQTlzblJWNzNWOVhMZmF0RjhxOExKSjdXUTRWcUNod19vQkJuN19MTkVydUtZREJmODdhV0laaDN5M0pHY0xPekVYWU92OUZwWTZaQlFYR1FxQlRJLWFFaUMyME5QRlNzMXRwR3luZldmazktU1gzWHdCZHNGV3JCM0lUU1VYWXVtMXhzNHctbmhRaXY4bTFOM1Y3Rk5RZjdqSS0yblAzaXdfbkNobTZsRkRId1F4YVdEVEdhM1g0UHpWSFdFdzJ5SXRsY00?oc=5\" target=\"_blank\" rel=\"nofollow noopener\">OPINION. \u00ab Comment les sanctions internationales redessinent le paysage \u00e9conomique et juridique des entreprises \u00bb<\/a>&nbsp;&nbsp;La Tribune<\/li>\n<li><a href=\"https:\/\/news.google.com\/rss\/articles\/CBMi5AFBVV95cUxNNEpaQzZTYnVyeWtMUnhCXzA0R0dJUDRYUU8xdllSQkxVTTFUcG55ZkxEVUI4QVNUSEM0dnFqMmRsVGtDTXNmdkFjY2NzTXRXajR0UXBlUTllTzRBODk3RXZtQUdMZm5SelQwTzJUMDl5UkUzNnVGOGpnUjBIaVlyVllUNnRQR1YyZFdDMVZqd1MtQ0c5em9UcDd6YzJiV1dndnlXY2dhSEg4U2FVMEV0SjZnaGM3eGZBM3g3a2ZwdWNaVE5ZcDhuTFZRNW9sTWpSMjJZRno4YzNxeElCblhzdnczRmc?oc=5\" target=\"_blank\" rel=\"nofollow noopener\">Nouveau train de sanctions contre la Russie : l\u2019UE abaisse le plafond des prix du p\u00e9trole \u2013 sans le G7<\/a>&nbsp;&nbsp;Contexte<\/li>\n<\/ol>\n","protected":false},"excerpt":{"rendered":"L&rsquo;UE renforce sa lutte contre le contournement des sanctions p\u00e9troli\u00e8res visant la Russie&nbsp;&nbsp;Atlantico La porte-parole du minist\u00e8re des&hellip;\n","protected":false},"author":2,"featured_media":1445,"comment_status":"","ping_status":"","sticky":false,"template":"","format":"standard","meta":{"footnotes":""},"categories":[1591],"tags":[11,1887,12,1885,1886,132],"class_list":{"0":"post-293318","1":"post","2":"type-post","3":"status-publish","4":"format-standard","5":"has-post-thumbnail","7":"category-russie","8":"tag-actualites","9":"tag-federation-de-russie","10":"tag-news","11":"tag-russia","12":"tag-russian-federation","13":"tag-russie"},"share_on_mastodon":{"url":"https:\/\/pubeurope.com\/@fr\/114964294756888995","error":""},"_links":{"self":[{"href":"https:\/\/www.europesays.com\/fr\/wp-json\/wp\/v2\/posts\/293318","targetHints":{"allow":["GET"]}}],"collection":[{"href":"https:\/\/www.europesays.com\/fr\/wp-json\/wp\/v2\/posts"}],"about":[{"href":"https:\/\/www.europesays.com\/fr\/wp-json\/wp\/v2\/types\/post"}],"author":[{"embeddable":true,"href":"https:\/\/www.europesays.com\/fr\/wp-json\/wp\/v2\/users\/2"}],"replies":[{"embeddable":true,"href":"https:\/\/www.europesays.com\/fr\/wp-json\/wp\/v2\/comments?post=293318"}],"version-history":[{"count":0,"href":"https:\/\/www.europesays.com\/fr\/wp-json\/wp\/v2\/posts\/293318\/revisions"}],"wp:featuredmedia":[{"embeddable":true,"href":"https:\/\/www.europesays.com\/fr\/wp-json\/wp\/v2\/media\/1445"}],"wp:attachment":[{"href":"https:\/\/www.europesays.com\/fr\/wp-json\/wp\/v2\/media?parent=293318"}],"wp:term":[{"taxonomy":"category","embeddable":true,"href":"https:\/\/www.europesays.com\/fr\/wp-json\/wp\/v2\/categories?post=293318"},{"taxonomy":"post_tag","embeddable":true,"href":"https:\/\/www.europesays.com\/fr\/wp-json\/wp\/v2\/tags?post=293318"}],"curies":[{"name":"wp","href":"https:\/\/api.w.org\/{rel}","templated":true}]}}