{"id":293321,"date":"2025-08-03T10:12:12","date_gmt":"2025-08-03T10:12:12","guid":{"rendered":"https:\/\/www.europesays.com\/fr\/293321\/"},"modified":"2025-08-03T10:12:12","modified_gmt":"2025-08-03T10:12:12","slug":"immigration-expulsions-et-precarite-la-crise-des-sans-papiers-a-los-angeles-saggrave-sous-la-pression-policiere","status":"publish","type":"post","link":"https:\/\/www.europesays.com\/fr\/293321\/","title":{"rendered":"Immigration, expulsions et pr\u00e9carit\u00e9 : la crise des sans-papiers \u00e0 Los Angeles s\u2019aggrave sous la pression polici\u00e8re"},"content":{"rendered":"<p>\u00ab\u00a0C\u2019est le pilier de la famille, (&#8230;) il \u00e9tait le seul \u00e0 travailler\u00a0\u00bb, dans une station de lavage auto, raconte cette sans-papiers mexicaine, s\u2019exprimant sous pseudonyme. \u00ab\u00a0Il n\u2019est plus l\u00e0 pour nous aider, nous soutenir moi et mes filles.\u00a0\u00bb<\/p>\n<p>\u00c0 39 ans, elle rejoint soudainement la cohorte de pr\u00e9caires qui luttent pour ne pas finir \u00e0 la rue dans le comt\u00e9 de <a class=\"Link \" href=\"https:\/\/www.lopinion.fr\/economie\/etats-unis-a-los-angeles-des-petits-commerces-en-crise-apres-les-operations-antimigrants\" data-cms-ai=\"0\" rel=\"nofollow noopener\" target=\"_blank\">Los Angeles<\/a>, r\u00e9gion \u00e0 l\u2019immobilier prohibitif, qui compte le plus grand nombre de sans-abris aux \u00c9tats-Unis apr\u00e8s New York.<\/p>\n<p>Son appartement de 65 m\u00b2 \u00e0 Buena Park, une banlieue de la m\u00e9gapole californienne, se loue 2\u202f050 dollars par mois. Pour parer au plus press\u00e9, elle a trouv\u00e9 en urgence un travail de nuit dans une usine, pay\u00e9 au salaire minimum. <\/p>\n<p>Cela lui procure assez d\u2019argent pour ne pas se faire d\u00e9loger, mais ne couvre pas toutes ses obligations. \u00ab\u00a0Je dois payer l\u2019assurance de la voiture, le t\u00e9l\u00e9phone, le loyer et leurs d\u00e9penses\u00a0\u00bb, \u00e9num\u00e8re-t-elle en montrant ses filles de six et sept ans, qui ont besoin de fournitures scolaires pour la rentr\u00e9e. \u00ab\u00a0\u00c7a fait beaucoup de frais.\u00a0\u00bb<\/p>\n<p><b>\u00ab\u00a0Temp\u00eate\u00a0\u00bb.<\/b> Combien de temps peut-elle tenir comme cela, avec \u00e0 peine trois heures de sommeil au retour de l\u2019usine, avant de s\u2019occuper de ses filles\u202f? \u00ab\u00a0Je ne peux pas vous dire\u00a0\u00bb, murmure-t-elle, les yeux dans le vague.<\/p>\n<p>Los Angeles, o\u00f9 un tiers de la population est immigr\u00e9e et qui compte plusieurs centaines de milliers de sans-papiers, a \u00e9t\u00e9 d\u00e9stabilis\u00e9e <a class=\"Link \" href=\"https:\/\/www.lopinion.fr\/international\/emeutes-anti-expulsions-a-los-angeles-le-centre-ville-boucle-les-manifestants-enjoints-a-evacuer\" data-cms-ai=\"0\" rel=\"nofollow noopener\" target=\"_blank\">par l\u2019intensification des descentes de la police de l\u2019immigration (ICE) depuis juin<\/a>. Des escouades d\u2019agents masqu\u00e9s ont cibl\u00e9 les magasins de bricolage, les lavages auto ou les arr\u00eats de bus. R\u00e9sultat, plus de 2.200 personnes ont \u00e9t\u00e9 arr\u00eat\u00e9es en juin, dont 60% n\u2019avaient aucun ant\u00e9c\u00e9dent judiciaire, selon des documents internes d\u2019ICE analys\u00e9s par l\u2019AFP.<\/p>\n<p>L\u2019offensive anti-immigration de <a class=\"Link \" href=\"https:\/\/www.lopinion.fr\/international\/etats-unis-bernie-sanders-sonne-la-riposte-face-a-donald-trump\" data-cms-ai=\"0\" rel=\"nofollow noopener\" target=\"_blank\">Donald Trump<\/a> \u00e9reinte la main-d&rsquo;\u0153uvre latino-am\u00e9ricaine, qui figurait d\u00e9j\u00e0 parmi les premi\u00e8res victimes de la crise du logement dans la r\u00e9gion, explique Andrea Gonzalez directrice adjointe de l\u2019association CLEAN Carwash Worker Center. \u00ab\u00a0Une temp\u00eate plus grande se pr\u00e9pare. Il ne s\u2019agit pas seulement des personnes qui ont \u00e9t\u00e9 arr\u00eat\u00e9es, mais aussi de celles qui restent\u00a0\u00bb, r\u00e9sume l\u2019Am\u00e9ricaine de 36 ans. \u00ab\u00a0L\u2019inqui\u00e9tude, c\u2019est que les gens finissent \u00e0 la rue.\u00a0\u00bb<\/p>\n<p>Son organisation aide plus de 300 foyers en gal\u00e8re, qui voient leurs revenus s\u2019effondrer, soit parce qu\u2019un de leurs membres a \u00e9t\u00e9 arr\u00eat\u00e9, soit parce qu\u2019ils ont trop peur pour retourner au travail. Elle a notamment allong\u00e9 plus de 30\u202f000 dollars pour aider une vingtaine de familles \u00e0 payer leur loyer, mais couvrir les besoins de tous n\u2019est tout simplement \u00ab\u00a0pas soutenable.\u00a0\u00bb<\/p>\n<p><b>Aides financi\u00e8res.<\/b> Conscients du probl\u00e8me, les responsables d\u00e9mocrates locaux tentent d\u2019instaurer des aides financi\u00e8res pour les familles affect\u00e9es. Le comt\u00e9 de Los Angeles compte cr\u00e9er un fonds d\u00e9di\u00e9 et la ville va aussi lancer le sien, aliment\u00e9 par des financements philanthropiques sans recourir \u00e0 l\u2019argent du contribuable.<\/p>\n<p>Certaines familles pourraient ainsi b\u00e9n\u00e9ficier de cartes contenant \u00ab\u00a0quelques centaines\u00a0\u00bb de dollars, a assur\u00e9 mi-juillet la maire, Karen Bass. Mais pour Mme Gonzalez, ces initiatives sont loin de suffire. Les sommes \u00e9voqu\u00e9es n\u2019atteignent souvent \u00ab\u00a0m\u00eame pas 10% du loyer\u00a0\u00bb d\u2019une famille, pointe la militante.<\/p>\n<p>La r\u00e9gion devrait instaurer \u00ab\u00a0un moratoire sur les expulsions\u00a0\u00bb locatives, comme pendant la pand\u00e9mie, plaide-t-elle. Sans quoi, le cort\u00e8ge de 72\u202f000 sans-abris de Los Angeles risque de gonfler \u00e0 nouveau, apr\u00e8s deux ann\u00e9es de l\u00e9g\u00e8re baisse. \u00ab\u00a0Ce que nous vivons en ce moment est une urgence\u00a0\u00bb, s\u2019alarme-t-elle. <\/p>\n<p>Un moratoire rassurerait Maria Martinez. Le mari sans-papier de cette Am\u00e9ricaine de 59 ans a \u00e9t\u00e9 arr\u00eat\u00e9 dans un lavage auto mi-juin \u00e0 Pomona, une autre banlieue \u00e0 l\u2019est de Los Angeles. <\/p>\n<p>Depuis, elle doit compter sur l\u2019aide de ses enfants pour payer son loyer de 1\u202f800 dollars, que son allocation handicap de 1\u202f000 dollars ne suffit pas \u00e0 couvrir. \u00ab\u00a0C\u2019est stressant\u00a0\u00bb, l\u00e2che-t-elle. \u00ab\u00a0On s\u2019en sort tout juste.\u00a0\u00bb<\/p>\n<p>Romain FONSEGRIVES<\/p>\n<p>\u00a9 Agence France-Presse<\/p>\n","protected":false},"excerpt":{"rendered":"\u00ab\u00a0C\u2019est le pilier de la famille, (&#8230;) il \u00e9tait le seul \u00e0 travailler\u00a0\u00bb, dans une station de lavage&hellip;\n","protected":false},"author":2,"featured_media":293322,"comment_status":"","ping_status":"","sticky":false,"template":"","format":"standard","meta":{"footnotes":""},"categories":[1589],"tags":[11,73,1866,12,1864,1865,1863,308],"class_list":{"0":"post-293321","1":"post","2":"type-post","3":"status-publish","4":"format-standard","5":"has-post-thumbnail","7":"category-etats-unis","8":"tag-actualites","9":"tag-etats-unis","10":"tag-etats-unis-damerique","11":"tag-news","12":"tag-united-states","13":"tag-united-states-of-america","14":"tag-us","15":"tag-usa"},"share_on_mastodon":{"url":"https:\/\/pubeurope.com\/@fr\/114964302635425761","error":""},"_links":{"self":[{"href":"https:\/\/www.europesays.com\/fr\/wp-json\/wp\/v2\/posts\/293321","targetHints":{"allow":["GET"]}}],"collection":[{"href":"https:\/\/www.europesays.com\/fr\/wp-json\/wp\/v2\/posts"}],"about":[{"href":"https:\/\/www.europesays.com\/fr\/wp-json\/wp\/v2\/types\/post"}],"author":[{"embeddable":true,"href":"https:\/\/www.europesays.com\/fr\/wp-json\/wp\/v2\/users\/2"}],"replies":[{"embeddable":true,"href":"https:\/\/www.europesays.com\/fr\/wp-json\/wp\/v2\/comments?post=293321"}],"version-history":[{"count":0,"href":"https:\/\/www.europesays.com\/fr\/wp-json\/wp\/v2\/posts\/293321\/revisions"}],"wp:featuredmedia":[{"embeddable":true,"href":"https:\/\/www.europesays.com\/fr\/wp-json\/wp\/v2\/media\/293322"}],"wp:attachment":[{"href":"https:\/\/www.europesays.com\/fr\/wp-json\/wp\/v2\/media?parent=293321"}],"wp:term":[{"taxonomy":"category","embeddable":true,"href":"https:\/\/www.europesays.com\/fr\/wp-json\/wp\/v2\/categories?post=293321"},{"taxonomy":"post_tag","embeddable":true,"href":"https:\/\/www.europesays.com\/fr\/wp-json\/wp\/v2\/tags?post=293321"}],"curies":[{"name":"wp","href":"https:\/\/api.w.org\/{rel}","templated":true}]}}