{"id":293323,"date":"2025-08-03T10:13:12","date_gmt":"2025-08-03T10:13:12","guid":{"rendered":"https:\/\/www.europesays.com\/fr\/293323\/"},"modified":"2025-08-03T10:13:12","modified_gmt":"2025-08-03T10:13:12","slug":"bonbons-aux-sedatifs-un-homme-inculpe-au-royaume-uni-pour-avoir-empoisonne-des-enfants","status":"publish","type":"post","link":"https:\/\/www.europesays.com\/fr\/293323\/","title":{"rendered":"Bonbons aux s\u00e9datifs: un homme inculp\u00e9 au Royaume-Uni pour avoir empoisonn\u00e9 des enfants"},"content":{"rendered":"<p><strong>Un homme de 76 ans a \u00e9t\u00e9 inculp\u00e9 et plac\u00e9 en d\u00e9tention provisoire au Royaume-Uni, soup\u00e7onn\u00e9 d&rsquo;avoir empoisonn\u00e9 des enfants avec des bonbons m\u00e9lang\u00e9s \u00e0 des s\u00e9datifs dans un camp de vacances du centre de l&rsquo;Angleterre.<\/strong><\/p>\n<p class=\"toreadalso-fromEMP\"><strong>\u2022 \u00c0 lire aussi: <\/strong><a href=\"https:\/\/www.journaldemontreal.com\/2025\/07\/31\/un-homme-de-76-ans-soupconne-davoir-empoisonne-des-enfants-dans-un-camp-de-vacances\" target=\"9e16a038-8dea-48ac-8371-01150e247f6d\" rel=\"nofollow noopener\"><strong>Au moins 8 enfants possiblement empoisonn\u00e9s dans un camp de vacances en Angleterre: un homme de 76 ans arr\u00eat\u00e9<\/strong><\/a><\/p>\n<p class=\"toreadalso-fromEMP\"><strong>\u2022 \u00c0 lire aussi: <\/strong><a href=\"https:\/\/www.journaldemontreal.com\/2025\/07\/16\/cadeau-de-felicitations-une-americaine-tente-de-tuer-son-ex-avec-des-chocolats-injectes-de-fentanyl\" target=\"e3088cb1-b917-47a3-9d4f-861a89e1b4f7\" rel=\"nofollow noopener\"><strong>\u00abCadeau de f\u00e9licitations\u00bb: une Am\u00e9ricaine tente de tuer son ex avec des chocolats inject\u00e9s de fentanyl<\/strong><\/a><\/p>\n<p>John Ruben, qui r\u00e9side pr\u00e8s de Nottingham, a bri\u00e8vement comparu samedi devant le tribunal de Leicester, o\u00f9 il a d\u00e9clin\u00e9 son identit\u00e9, et a \u00e9t\u00e9 \u00e9crou\u00e9 dans l&rsquo;attente d&rsquo;une prochaine audience le 29 ao\u00fbt.<\/p>\n<p>Le parquet avait annonc\u00e9 la veille l&rsquo;inculpation de cet homme, pour actes de cruaut\u00e9 envers trois jeunes gar\u00e7ons participant au camp de vacances.<\/p>\n<p>Il aurait utilis\u00e9 pour cela des bonbons m\u00e9lang\u00e9s \u00e0 des s\u00e9datifs, a-t-il \u00e9t\u00e9 indiqu\u00e9 lors de l&rsquo;audience selon l&rsquo;agence britannique PA.<\/p>\n<p>Les faits se sont produits dans un camp de vacances situ\u00e9 \u00e0 Stathern, dans le Leicestershire, organis\u00e9 entre le 25 et le 29 juillet.<\/p>\n<p>La police locale a dit avoir \u00e9t\u00e9 inform\u00e9e dimanche que plusieurs enfants h\u00e9berg\u00e9s au Stathern Lodge, une ancienne ferme r\u00e9nov\u00e9e, \u00abne se sentaient pas bien\u00bb.<\/p>\n<p>Huit enfants, des gar\u00e7ons \u00e2g\u00e9s de huit \u00e0 11 ans, et un adulte ont \u00e9t\u00e9 emmen\u00e9s \u00e0 l&rsquo;h\u00f4pital \u00abpar pr\u00e9caution\u00bb, mais tous ont \u00e9t\u00e9 autoris\u00e9s \u00e0 sortir par la suite, avait-elle indiqu\u00e9.<\/p>\n<p>John Ruben, a lui \u00e9t\u00e9 arr\u00eat\u00e9 lundi soir dans un pub situ\u00e9 \u00e0 proximit\u00e9.<\/p>\n<p>La police des polices, l&rsquo;IOPC, a indiqu\u00e9 enqu\u00eater sur la mani\u00e8re dont les forces de l&rsquo;ordre locales ont g\u00e9r\u00e9 cet incident.<\/p>\n<p>\u00abL&rsquo;enqu\u00eate d\u00e9terminera s&rsquo;il y a eu des manquements [&#8230;] qui ont entra\u00een\u00e9 un retard dans la r\u00e9ponse de la police du Leicestershire\u00bb, a-t-elle indiqu\u00e9 jeudi dans un communiqu\u00e9.<\/p>\n","protected":false},"excerpt":{"rendered":"Un homme de 76 ans a \u00e9t\u00e9 inculp\u00e9 et plac\u00e9 en d\u00e9tention provisoire au Royaume-Uni, soup\u00e7onn\u00e9 d&rsquo;avoir empoisonn\u00e9&hellip;\n","protected":false},"author":2,"featured_media":293324,"comment_status":"","ping_status":"","sticky":false,"template":"","format":"standard","meta":{"footnotes":""},"categories":[1588],"tags":[11,1777,674,12,473,1853,1851,1850,1852],"class_list":{"0":"post-293323","1":"post","2":"type-post","3":"status-publish","4":"format-standard","5":"has-post-thumbnail","7":"category-royaume-uni","8":"tag-actualites","9":"tag-eu","10":"tag-europe","11":"tag-news","12":"tag-royaume-uni","13":"tag-royaume-uni-de-grande-bretagne-et-dirlande-du-nord","14":"tag-uk","15":"tag-united-kingdom","16":"tag-united-kingdom-of-great-britain-and-northern-ireland"},"share_on_mastodon":{"url":"https:\/\/pubeurope.com\/@fr\/114964306577917925","error":""},"_links":{"self":[{"href":"https:\/\/www.europesays.com\/fr\/wp-json\/wp\/v2\/posts\/293323","targetHints":{"allow":["GET"]}}],"collection":[{"href":"https:\/\/www.europesays.com\/fr\/wp-json\/wp\/v2\/posts"}],"about":[{"href":"https:\/\/www.europesays.com\/fr\/wp-json\/wp\/v2\/types\/post"}],"author":[{"embeddable":true,"href":"https:\/\/www.europesays.com\/fr\/wp-json\/wp\/v2\/users\/2"}],"replies":[{"embeddable":true,"href":"https:\/\/www.europesays.com\/fr\/wp-json\/wp\/v2\/comments?post=293323"}],"version-history":[{"count":0,"href":"https:\/\/www.europesays.com\/fr\/wp-json\/wp\/v2\/posts\/293323\/revisions"}],"wp:featuredmedia":[{"embeddable":true,"href":"https:\/\/www.europesays.com\/fr\/wp-json\/wp\/v2\/media\/293324"}],"wp:attachment":[{"href":"https:\/\/www.europesays.com\/fr\/wp-json\/wp\/v2\/media?parent=293323"}],"wp:term":[{"taxonomy":"category","embeddable":true,"href":"https:\/\/www.europesays.com\/fr\/wp-json\/wp\/v2\/categories?post=293323"},{"taxonomy":"post_tag","embeddable":true,"href":"https:\/\/www.europesays.com\/fr\/wp-json\/wp\/v2\/tags?post=293323"}],"curies":[{"name":"wp","href":"https:\/\/api.w.org\/{rel}","templated":true}]}}