{"id":293325,"date":"2025-08-03T10:14:14","date_gmt":"2025-08-03T10:14:14","guid":{"rendered":"https:\/\/www.europesays.com\/fr\/293325\/"},"modified":"2025-08-03T10:14:14","modified_gmt":"2025-08-03T10:14:14","slug":"allemagne-lituanie-les-controles-aux-frontieres-prolonges-jusquau-4-octobre","status":"publish","type":"post","link":"https:\/\/www.europesays.com\/fr\/293325\/","title":{"rendered":"Allemagne &#8211; Lituanie : les contr\u00f4les aux fronti\u00e8res prolong\u00e9s jusqu&rsquo;au 4 octobre"},"content":{"rendered":"<p>          <img decoding=\"async\" class=\"c-ad__placeholder__logo\" src=\"https:\/\/static.euronews.com\/website\/images\/logos\/logo-euronews-stacked-outlined-72x72-grey-9.svg\" width=\"72\" height=\"72\" alt=\"\" loading=\"lazy\"\/><br \/>\n          PUBLICIT\u00c9<\/p>\n<p>\u00ab\u00a0Vendredi, le r\u00e8glement correspondant a \u00e9t\u00e9 publi\u00e9 et envoy\u00e9 pour notification \u00e0 la Commission europ\u00e9enne\u00a0\u00bb, a annonc\u00e9 dimanche le ministre de l&rsquo;int\u00e9rieur et de l&rsquo;administration Marcin Kierwi\u0144ski. &#8211; a annonc\u00e9 dimanche le ministre de l&rsquo;int\u00e9rieur et de l&rsquo;administration, Marcin Kierwi\u0144ski.<\/p>\n<p>Le chef du minist\u00e8re de l&rsquo;int\u00e9rieur a \u00e9voqu\u00e9 la situation lors d&rsquo;une r\u00e9union d&rsquo;information avec les vo\u00efvodes et les chefs de service.<\/p>\n<p>\u00ab\u00a0L&rsquo;\u00e9tanch\u00e9it\u00e9 de 98 % de notre barri\u00e8re pousse les services bi\u00e9lorusses, les services russes et l&rsquo;immigration ill\u00e9gale \u00e0 se d\u00e9placer vers d&rsquo;autres sections\u00a0\u00bb, a-t-il d\u00e9clar\u00e9. &#8211; a-t-il d\u00e9clar\u00e9.<\/p>\n<p>\u00ab\u00a0Aujourd&rsquo;hui, la question fondamentale, non seulement pour nous, mais aussi pour nos partenaires de l&rsquo;Union europ\u00e9enne, est de fermer, si je puis dire, la route qui s&rsquo;est d\u00e9plac\u00e9e vers la Lituanie et la Lettonie\u00a0\u00bb, a-t-il ajout\u00e9.<\/p>\n<p>\u00c0 partir de 2023. L&rsquo;Allemagne a mis en place des contr\u00f4les \u00e0 ses fronti\u00e8res avec la Pologne et la R\u00e9publique tch\u00e8que en r\u00e9ponse \u00e0 l&rsquo;immigration clandestine. L&rsquo;ann\u00e9e derni\u00e8re, elle a \u00e9tendu ces contr\u00f4les \u00e0 l&rsquo;ensemble de ses fronti\u00e8res.<\/p>\n<p>\u00ab\u00a0Nous d\u00e9ciderons en septembre des prochaines mesures \u00e0 prendre \u00e0 cet \u00e9gard, sur la base des donn\u00e9es fournies par les gardes-fronti\u00e8res, l&rsquo;arm\u00e9e et la police\u00a0\u00bb, a-t-il d\u00e9clar\u00e9.<\/p>\n<p>En Lituanie, les contr\u00f4les sont effectu\u00e9s sur 13 sites, dont trois postes-fronti\u00e8res. Les dix autres sites de passage frontalier seront des \u00ab\u00a0sites de contr\u00f4le ad hoc\u00a0\u00bb, qui pourront \u00eatre utilis\u00e9s par les r\u00e9sidents locaux.<\/p>\n<p>En Allemagne, les contr\u00f4les frontaliers sont effectu\u00e9s sur 52 sites.<\/p>\n<p>La d\u00e9cision de maintenir les contr\u00f4les aux fronti\u00e8res int\u00e9rieures de l&rsquo;espace Schengen continue de porter atteinte au principe europ\u00e9en de libre circulation des personnes.<\/p>\n<p>Toutefois, <strong>les pays de l&rsquo;espace Schengen sont autoris\u00e9s \u00e0 introduire des contr\u00f4les aux fronti\u00e8res dans ce qu&rsquo;ils consid\u00e8rent comme des situations \u00ab\u00a0d&rsquo;urgence\u00a0\u00bb<\/strong>, ce qui s&rsquo;est produit lors de la pand\u00e9mie de COVID-19, ou en \u00ab\u00a0dernier recours\u00a0\u00bb en cas de menaces pour la s\u00e9curit\u00e9.<\/p>\n","protected":false},"excerpt":{"rendered":"PUBLICIT\u00c9 \u00ab\u00a0Vendredi, le r\u00e8glement correspondant a \u00e9t\u00e9 publi\u00e9 et envoy\u00e9 pour notification \u00e0 la Commission europ\u00e9enne\u00a0\u00bb, a annonc\u00e9&hellip;\n","protected":false},"author":2,"featured_media":293326,"comment_status":"","ping_status":"","sticky":false,"template":"","format":"standard","meta":{"footnotes":""},"categories":[1587],"tags":[11,672,1804,30495,1805,1803,1777,674,1801,6734,2050,12,2437,1802],"class_list":{"0":"post-293325","1":"post","2":"type-post","3":"status-publish","4":"format-standard","5":"has-post-thumbnail","7":"category-allemagne","8":"tag-actualites","9":"tag-allemagne","10":"tag-bundesrepublik-deutschland","11":"tag-controle-des-frontieres","12":"tag-de","13":"tag-deutschland","14":"tag-eu","15":"tag-europe","16":"tag-germany","17":"tag-immigration-clandestine","18":"tag-lituanie","19":"tag-news","20":"tag-pologne","21":"tag-republique-federale-dallemagne"},"share_on_mastodon":{"url":"https:\/\/pubeurope.com\/@fr\/114964310471934906","error":""},"_links":{"self":[{"href":"https:\/\/www.europesays.com\/fr\/wp-json\/wp\/v2\/posts\/293325","targetHints":{"allow":["GET"]}}],"collection":[{"href":"https:\/\/www.europesays.com\/fr\/wp-json\/wp\/v2\/posts"}],"about":[{"href":"https:\/\/www.europesays.com\/fr\/wp-json\/wp\/v2\/types\/post"}],"author":[{"embeddable":true,"href":"https:\/\/www.europesays.com\/fr\/wp-json\/wp\/v2\/users\/2"}],"replies":[{"embeddable":true,"href":"https:\/\/www.europesays.com\/fr\/wp-json\/wp\/v2\/comments?post=293325"}],"version-history":[{"count":0,"href":"https:\/\/www.europesays.com\/fr\/wp-json\/wp\/v2\/posts\/293325\/revisions"}],"wp:featuredmedia":[{"embeddable":true,"href":"https:\/\/www.europesays.com\/fr\/wp-json\/wp\/v2\/media\/293326"}],"wp:attachment":[{"href":"https:\/\/www.europesays.com\/fr\/wp-json\/wp\/v2\/media?parent=293325"}],"wp:term":[{"taxonomy":"category","embeddable":true,"href":"https:\/\/www.europesays.com\/fr\/wp-json\/wp\/v2\/categories?post=293325"},{"taxonomy":"post_tag","embeddable":true,"href":"https:\/\/www.europesays.com\/fr\/wp-json\/wp\/v2\/tags?post=293325"}],"curies":[{"name":"wp","href":"https:\/\/api.w.org\/{rel}","templated":true}]}}