{"id":293334,"date":"2025-08-03T10:19:19","date_gmt":"2025-08-03T10:19:19","guid":{"rendered":"https:\/\/www.europesays.com\/fr\/293334\/"},"modified":"2025-08-03T10:19:19","modified_gmt":"2025-08-03T10:19:19","slug":"vers-un-important-pic-de-chaleur-la-semaine-prochaine-en-france-quelles-regions-vont-suffoquer","status":"publish","type":"post","link":"https:\/\/www.europesays.com\/fr\/293334\/","title":{"rendered":"Vers un important pic de chaleur la semaine prochaine en France : quelles r\u00e9gions vont suffoquer\u00a0?"},"content":{"rendered":"<p>            Par<br \/>\n        <strong><br \/>\n            <a href=\"https:\/\/actu.fr\/auteur\/redaction-actu\" title=\"Consulter tous les articles de R\u00e9daction Actu\" rel=\"nofollow noopener\" target=\"_blank\">R\u00e9daction Actu<\/a><br \/>\n        <\/strong><\/p>\n<p>        Publi\u00e9 le<\/p>\n<p>            3 ao\u00fbt 2025 \u00e0 12h05        <\/p>\n<p>\u00ab\u2009On a un sch\u00e9ma de fortes chaleurs qui se met en place\u2009\u00bb, synth\u00e9tise, pour actu.fr, le m\u00e9t\u00e9orologue Yann Amice. Depuis plusieurs jours, les pr\u00e9visionnistes sont capables de dire pr\u00e9cis\u00e9ment que la journ\u00e9e du mercredi 6\u00a0ao\u00fbt 2025, marquera le retour des fortes chaleurs sur une grande partie sud du pays.<\/p>\n<p class=\" wall-content\">\u00ab\u2009Mercredi, \u00e7a monte bien et jeudi, encore d\u2019un cran\u2009\u00bb, explique le m\u00e9t\u00e9orologue pour parler des temp\u00e9ratures qui repartent \u00e0 la hausse. On vous explique \u00e0 quoi s\u2019attendre cette semaine.<\/p>\n<p>Hausse du mercure<\/p>\n<p class=\" wall-content\">En fait, mercredi, nous entrons dans une phase anticyclonique, avec une chaleur venue de la p\u00e9ninsule ib\u00e9rique. M\u00e9t\u00e9o France pr\u00e9voit ainsi qu\u2019entre mercredi et jeudi, \u00ab\u2009les temp\u00e9ratures maximales deviendront \u00e9lev\u00e9es sur une large moiti\u00e9 sud du pays\u2009\u00bb.<\/p>\n<p class=\" wall-content\">En <a href=\"https:\/\/actu.fr\/tag\/espagne\" rel=\"nofollow noopener\" target=\"_blank\">Espagne<\/a>, les temp\u00e9ratures devraient atteindre les 40\u00a0\u00b0C et cette chaleur devrait d\u00e9border en France \u00ab\u2009\u00e0 la faveur d\u2019une petite anomalie d\u2019ouest sur le Portugal\u2009\u00bb, d\u00e9crit Yann Amice.<\/p>\n<p class=\" wall-content\">Pour autant, peut-on parler de <a href=\"https:\/\/actu.fr\/tag\/canicule\" rel=\"nofollow noopener\" target=\"_blank\">canicule<\/a> ou de <a href=\"https:\/\/actu.fr\/tag\/vague-de-chaleur\" rel=\"nofollow noopener\" target=\"_blank\">vague de chaleur<\/a>\u2009? Pas vraiment selon le m\u00e9t\u00e9orologue.<\/p>\n<blockquote class=\"ac-article-quote wall-content\">\n<p>Il s\u2019agit d\u2019un pic franc, mais bref. Les temp\u00e9ratures nocturnes ne seront pas durablement \u00e9lev\u00e9es (pas de maintien au-dessus de 22\/23 \u00b0C la nuit).<\/p>\n<p>    <strong>Yann Amice<\/strong><br \/>\n        M\u00e9t\u00e9orologue    <\/p><\/blockquote>\n<p class=\" wall-content\">En revanche, il ne faut pas n\u00e9gliger les deux journ\u00e9es de jeudi et vendredi qui devraient s\u2019annoncer tr\u00e8s chaudes et <a href=\"https:\/\/actu.fr\/tag\/meteo-france\" rel=\"nofollow noopener\" target=\"_blank\">M\u00e9t\u00e9o-France<\/a> pourrait m\u00eame d\u00e9clencher des vigilances canicule sur certains d\u00e9partements.<\/p>\n<p>Quelles temp\u00e9ratures\u2009?<\/p>\n<p class=\" wall-content\">Il pourrait faire entre 34 et 36\u00b0C sur l\u2019Aquitaine, le Midi-Pyr\u00e9n\u00e9es, et localement le Lot\/Gers. En \u00cele-de-France, le mercure devrait grimper autour des 30\u00b0C. En revanche, les zones littorales (Bretagne, Manche) restent plus temp\u00e9r\u00e9es avec 20 \u00e0 26\u00a0\u00b0C attendus.<\/p>\n<p class=\" wall-content\">Vendredi 8\u00a0ao\u00fbt, les temp\u00e9ratures vont grimper d\u2019un cran, avec 36 \u00e0 38 degr\u00e9s, en Aquitaine, dans le Poitou, mais aussi en r\u00e9gion Provence-Alpes C\u00f4tes d\u2019Azur et ponctuellement dans la r\u00e9gion lyonnaise.<\/p>\n<p>    <img   decoding=\"async\" loading=\"lazy\" src=\"https:\/\/www.europesays.com\/fr\/wp-content\/uploads\/2025\/08\/whatsapp-image-2025-08-03-at-090750-960x640.jpeg\" alt=\"Les temp\u00e9ratures vont atteindre les 38 degr\u00e9s.\" width=\"960\" height=\"640\"\/><br \/>\n    Les temp\u00e9ratures vont atteindre les 38 degr\u00e9s. (\u00a9WeatherNCo avec Meteologix)<\/p>\n<p class=\" wall-content\">Plus au nord, le mercure oscillera entre 24 et 26\u00b0C en raison d\u2019une \u00ab\u2009limite nuageuse\u2009\u00bb qui va limiter la hausse des temp\u00e9ratures.<\/p>\n<p class=\" wall-content\">Pour autant, selon Yann Amice, ce sera un \u00ab\u2009\u00e9pisode chaud, mais il n\u2019y a pas de phase caniculaire, pour l\u2019instant\u2009\u00bb.<\/p>\n<p>Orages avant un retour des chaleurs<\/p>\n<p class=\" wall-content\">D\u00e8s ce vendredi 8\u00a0ao\u00fbt, la situation m\u00e9t\u00e9o pourrait un peu changer avec le retour des orages.<\/p>\n<p class=\" wall-content\">Des <a href=\"https:\/\/actu.fr\/tag\/orages\" rel=\"nofollow noopener\" target=\"_blank\">orages<\/a> secs et estivaux pourraient bien frapper le pays sur une large partie, \u00e0 savoir tout ce qui se trouve au sud du Massif central.<\/p>\n<p class=\" wall-content\">Ces orages vont \u00ab\u2009marquer un refroidissement relatif sans changement brutal de r\u00e9gime pour autant\u2009\u00bb, note Yann Amice.<\/p>\n<p>    <img   decoding=\"async\" loading=\"lazy\" src=\"https:\/\/www.europesays.com\/fr\/wp-content\/uploads\/2025\/08\/whatsapp-image-2025-08-03-at-090749-960x640.jpeg\" alt=\"Des orages vont toucher le pays le vendredi 8 ao\u00fbt.\" width=\"960\" height=\"640\"\/><br \/>\n    Des orages vont toucher le pays le vendredi 8\u00a0ao\u00fbt. (\u00a9WeatherNCo avec Meteologix)<\/p>\n<p class=\" wall-content\">\u00c0 partir du samedi 9\u00a0ao\u00fbt, en revanche, le pays dans sa globalit\u00e9 devrait retrouver un temps sec et ensoleill\u00e9 \u00e0 la faveur d\u2019un \u00ab\u2009anticyclone qui se renforce \u00e0 l\u2019ouest de l\u2019atlantique et en direction des \u00celes Britanniques, puis s\u2019\u00e9tire vers la mer du Nord et le proche Atlantique\u2009\u00bb.<\/p>\n<p class=\" wall-content\">Une situation qui pourrait durer au moins jusqu\u2019au 15\u00a0ao\u00fbt o\u00f9 une perturbation est possible, m\u00eame si \u00ab\u2009les sc\u00e9narios restent flous sur l\u2019ampleur de cette d\u00e9gradation\u2009\u00bb, en raison de l\u2019incertitude de pr\u00e9visions \u00e0 12\u00a0jours. Autre tendance, d\u00e9j\u00e0 remarqu\u00e9e par Yann Amice\u2009: \u00ab\u2009une bascule chaude entre le 15 et le 18\u00a0ao\u00fbt\u2009\u00bb. Avec s\u00fbrement encore de la chaleur, cette fois sans doute g\u00e9n\u00e9ralis\u00e9e sur le pays. Mais il est encore un peu t\u00f4t pour en \u00eatre s\u00fbr.<\/p>\n<p class=\" wall-content\">Suivez toute l\u2019actualit\u00e9 de vos villes et m\u00e9dias favoris en vous inscrivant \u00e0 <a href=\"https:\/\/moncompte.actu.fr\" title=\"D\u00e9couvez Mon Actu\" rel=\"nofollow noopener\" data-trk=\"{&quot;cta&quot;:{&quot;action&quot;:&quot;https:\\\/\\\/moncompte.actu.fr&quot;,&quot;category&quot;:&quot;mon compte&quot;,&quot;from&quot;:&quot;article footer&quot;,&quot;name&quot;:&quot;Mon actu&quot;,&quot;type&quot;:&quot;cta&quot;}}\" target=\"_blank\">Mon Actu<\/a>.<\/p>\n","protected":false},"excerpt":{"rendered":"Par R\u00e9daction Actu Publi\u00e9 le 3 ao\u00fbt 2025 \u00e0 12h05 \u00ab\u2009On a un sch\u00e9ma de fortes chaleurs qui&hellip;\n","protected":false},"author":2,"featured_media":293335,"comment_status":"","ping_status":"","sticky":false,"template":"","format":"standard","meta":{"footnotes":""},"categories":[4],"tags":[11,1011,27,2487,12,25],"class_list":{"0":"post-293334","1":"post","2":"type-post","3":"status-publish","4":"format-standard","5":"has-post-thumbnail","7":"category-france","8":"tag-actualites","9":"tag-fr","10":"tag-france","11":"tag-meteo","12":"tag-news","13":"tag-republique-francaise"},"share_on_mastodon":{"url":"https:\/\/pubeurope.com\/@fr\/114964330137042379","error":""},"_links":{"self":[{"href":"https:\/\/www.europesays.com\/fr\/wp-json\/wp\/v2\/posts\/293334","targetHints":{"allow":["GET"]}}],"collection":[{"href":"https:\/\/www.europesays.com\/fr\/wp-json\/wp\/v2\/posts"}],"about":[{"href":"https:\/\/www.europesays.com\/fr\/wp-json\/wp\/v2\/types\/post"}],"author":[{"embeddable":true,"href":"https:\/\/www.europesays.com\/fr\/wp-json\/wp\/v2\/users\/2"}],"replies":[{"embeddable":true,"href":"https:\/\/www.europesays.com\/fr\/wp-json\/wp\/v2\/comments?post=293334"}],"version-history":[{"count":0,"href":"https:\/\/www.europesays.com\/fr\/wp-json\/wp\/v2\/posts\/293334\/revisions"}],"wp:featuredmedia":[{"embeddable":true,"href":"https:\/\/www.europesays.com\/fr\/wp-json\/wp\/v2\/media\/293335"}],"wp:attachment":[{"href":"https:\/\/www.europesays.com\/fr\/wp-json\/wp\/v2\/media?parent=293334"}],"wp:term":[{"taxonomy":"category","embeddable":true,"href":"https:\/\/www.europesays.com\/fr\/wp-json\/wp\/v2\/categories?post=293334"},{"taxonomy":"post_tag","embeddable":true,"href":"https:\/\/www.europesays.com\/fr\/wp-json\/wp\/v2\/tags?post=293334"}],"curies":[{"name":"wp","href":"https:\/\/api.w.org\/{rel}","templated":true}]}}