{"id":293336,"date":"2025-08-03T10:22:11","date_gmt":"2025-08-03T10:22:11","guid":{"rendered":"https:\/\/www.europesays.com\/fr\/293336\/"},"modified":"2025-08-03T10:22:11","modified_gmt":"2025-08-03T10:22:11","slug":"le-club-soffre-un-historique-de-brive","status":"publish","type":"post","link":"https:\/\/www.europesays.com\/fr\/293336\/","title":{"rendered":"le club s\u2019offre un historique de Brive !"},"content":{"rendered":"<p>Une recrue d\u2019exp\u00e9rience pour Provence Rugby. Apr\u00e8s une d\u00e9faite en demi-finale de Pro D2 face \u00e0 Grenoble, le club bas\u00e9 \u00e0 Aix entame un nouveau cycle avec Philippe Saint-Andr\u00e9 dans le r\u00f4le de directeur sportif. Les co\u00e9quipiers de Jules Plisson s\u2019avancent avec ambition et esp\u00e8rent monter pour la premi\u00e8re fois de leur histoire dans leur \u00e9lite.<\/p>\n<p>Provence s&rsquo;affirme<\/p>\n<p>Pour cela, Provence a effectu\u00e9 un recrutement ambitieux, avec le pr\u00eat de la jeune p\u00e9pite toulousaine Malachi Hawkes ou l\u2019arriv\u00e9e de Caleb Muntz. Ces derniers jours, le club s\u2019est entendu avec Guillaume Galletier pour ajouter de l\u2019exp\u00e9rience au centre de son terrain. Ce dernier a r\u00e9sili\u00e9 son contrat avec Brive apr\u00e8s six saisons en Corr\u00e8ze. Comme le rapporte <a href=\"https:\/\/www.rugbyrama.fr\/2025\/08\/02\/transferts-pro-d2-guillaume-galletier-brive-arrive-a-provence-rugby-ce-dimanche-12857392.php\" rel=\"nofollow noopener\" target=\"_blank\">Rugbyrama<\/a>, il va rejoindre le groupe ce dimanche pour la reprise de l\u2019entra\u00eenement.<\/p>\n<p>Partagez cette info avec vos amis et vos proches en cliquant ici<br \/>Pour r\u00e9sumer<\/p>\n<p>Provence Rugby va accueillir dans ses rangs un historique du CAB pour l\u2019aider \u00e0 monter en Top 14 la saison prochaine. Apr\u00e8s six ans au CAB, le centre s\u2019offre un nouveau d\u00e9fi. Guillaume Galletier va tenter de se relancer.<\/p>\n<p> <img decoding=\"async\" width=\"76\" height=\"76\" loading=\"lazy\" src=\"https:\/\/www.europesays.com\/fr\/wp-content\/uploads\/2025\/04\/avatar-quinze.png\" alt=\"Arnaud D\u00e9chelotte\"\/><\/p>\n","protected":false},"excerpt":{"rendered":"Une recrue d\u2019exp\u00e9rience pour Provence Rugby. Apr\u00e8s une d\u00e9faite en demi-finale de Pro D2 face \u00e0 Grenoble, le&hellip;\n","protected":false},"author":2,"featured_media":293337,"comment_status":"","ping_status":"","sticky":false,"template":"","format":"standard","meta":{"footnotes":""},"categories":[1416],"tags":[1011,27,479,1468,60],"class_list":{"0":"post-293336","1":"post","2":"type-post","3":"status-publish","4":"format-standard","5":"has-post-thumbnail","7":"category-rugby","8":"tag-fr","9":"tag-france","10":"tag-rugby","11":"tag-rugby-football","12":"tag-sports"},"share_on_mastodon":{"url":"https:\/\/pubeurope.com\/@fr\/114964341956613268","error":""},"_links":{"self":[{"href":"https:\/\/www.europesays.com\/fr\/wp-json\/wp\/v2\/posts\/293336","targetHints":{"allow":["GET"]}}],"collection":[{"href":"https:\/\/www.europesays.com\/fr\/wp-json\/wp\/v2\/posts"}],"about":[{"href":"https:\/\/www.europesays.com\/fr\/wp-json\/wp\/v2\/types\/post"}],"author":[{"embeddable":true,"href":"https:\/\/www.europesays.com\/fr\/wp-json\/wp\/v2\/users\/2"}],"replies":[{"embeddable":true,"href":"https:\/\/www.europesays.com\/fr\/wp-json\/wp\/v2\/comments?post=293336"}],"version-history":[{"count":0,"href":"https:\/\/www.europesays.com\/fr\/wp-json\/wp\/v2\/posts\/293336\/revisions"}],"wp:featuredmedia":[{"embeddable":true,"href":"https:\/\/www.europesays.com\/fr\/wp-json\/wp\/v2\/media\/293337"}],"wp:attachment":[{"href":"https:\/\/www.europesays.com\/fr\/wp-json\/wp\/v2\/media?parent=293336"}],"wp:term":[{"taxonomy":"category","embeddable":true,"href":"https:\/\/www.europesays.com\/fr\/wp-json\/wp\/v2\/categories?post=293336"},{"taxonomy":"post_tag","embeddable":true,"href":"https:\/\/www.europesays.com\/fr\/wp-json\/wp\/v2\/tags?post=293336"}],"curies":[{"name":"wp","href":"https:\/\/api.w.org\/{rel}","templated":true}]}}