{"id":293342,"date":"2025-08-03T10:26:12","date_gmt":"2025-08-03T10:26:12","guid":{"rendered":"https:\/\/www.europesays.com\/fr\/293342\/"},"modified":"2025-08-03T10:26:12","modified_gmt":"2025-08-03T10:26:12","slug":"f1-nouvelle-grille-sur-lhungaroring-un-pilote-penalise-et-relegue-dans-les-stands","status":"publish","type":"post","link":"https:\/\/www.europesays.com\/fr\/293342\/","title":{"rendered":"F1 Nouvelle grille sur l&rsquo;Hungaroring, un pilote p\u00e9nalis\u00e9 et rel\u00e9gu\u00e9 dans les stands !"},"content":{"rendered":"<p>Cela \u00e9tait pr\u00e9visible, un pilote de fond de classement sera p\u00e9nalis\u00e9 sur la grille de d\u00e9part du Grand-Prix de Hongrie de F1. En effet, Yuki Tsunoda, apr\u00e8s plusieurs changements d\u2019\u00e9l\u00e9ments de moteur proc\u00e9d\u00e9s par son \u00e9quipe, devra partir de la voie des stands. Cette action \u00e9tant une violation de la r\u00e8gle du parc ferm\u00e9.<\/p>\n<p>F1 : Ocon et Gasly profitent de la sanction de Tsunoda<\/p>\n<p>Voil\u00e0 qui profite notamment aux pilotes tricolores, <a href=\"https:\/\/lemagsportauto.ouest-france.fr\/tag\/esteban-ocon\/\" target=\"_blank\" rel=\"noopener nofollow\">Esteban Ocon<\/a> et Pierre Gasly, d\u00e9sormais positionn\u00e9s, respectivement aux 16\u00e8me et 17\u00e8me places du classement. Voici donc la nouvelle grille de d\u00e9part, en attendant d\u2019\u00e9ventuelles autres sanctions.<\/p>\n<ol>\n<li>Charles Leclerc (Ferrari)<\/li>\n<li>Oscar Piastri (Mclaren)<\/li>\n<li>Lando Norris (Mclaren)<\/li>\n<li>George Russell (Mercedes)<\/li>\n<li>Fernando Alonso (Aston Martin)<\/li>\n<li>Lance Stroll (Aston Martin)<\/li>\n<li>Gabriel Bortoleto (Sauber)<\/li>\n<li>Max Verstappen (Red Bull)<\/li>\n<li>Liam Lawson (Racing Bulls)<\/li>\n<li>Isack Hadjar (Racing Bulls)<\/li>\n<li>Oliver Bearman (Haas)<\/li>\n<li>Lewis Hamilton (Ferrari)<\/li>\n<li>Carlos Sainz (Williams)<\/li>\n<li>Franco Colapinto (Alpine)<\/li>\n<li>Kimi Antonelli (Mercedes)<\/li>\n<li>Pierre Gasly\u00a0 (Alpine)<\/li>\n<li>Esteban Ocon (Haas)<\/li>\n<li>Nico Hulkenberg (Sauber)<\/li>\n<li>Alexander Albon (Williams)<\/li>\n<\/ol>\n<p>Yuki Tsunoda (Red Bull) : d\u00e9part depuis la voie des stands<\/p>\n<blockquote class=\"twitter-tweet\">\n<p dir=\"ltr\" lang=\"en\">This weekend, students from local schools have had the chance to meet their F1 heroes at the Hungaroring \ud83e\udd29<\/p>\n<p>Since 2023, this educational programme has reached over 110 schools across the country, helping children pursue their future motorsport career goals \ud83d\ude4c<a href=\"https:\/\/twitter.com\/hashtag\/F1?src=hash&amp;ref_src=twsrc%5Etfw\" target=\"_blank\" rel=\"noopener nofollow\">#F1<\/a> <a href=\"https:\/\/twitter.com\/hashtag\/HungarianGP?src=hash&amp;ref_src=twsrc%5Etfw\" target=\"_blank\" rel=\"noopener nofollow\">#HungarianGP<\/a> <a href=\"https:\/\/t.co\/IGHcC98srK\" rel=\"nofollow\">pic.twitter.com\/IGHcC98srK<\/a><\/p>\n<p>\u2014 Formula 1 (@F1) <a href=\"https:\/\/twitter.com\/F1\/status\/1951922486183874960?ref_src=twsrc%5Etfw\" target=\"_blank\" rel=\"noopener nofollow\">August 3, 2025<\/a><\/p>\n<\/blockquote>\n<p>Article publi\u00e9 le 03\/08\/2025 \u00e0 12h20<\/p>\n<p>                                            <img loading=\"lazy\" alt=\"\" class=\"avatar avatar-100 photo lazyload\" height=\"100\" width=\"100\" decoding=\"async\" src=\"https:\/\/www.europesays.com\/fr\/wp-content\/uploads\/2025\/08\/1754216772_297_ffbb894c35ea5189d599d4ea062c98b86ffb67cc602fa683ebcbf422a80fc47a\"  data-eio-rwidth=\"100\" data-eio-rheight=\"100\"\/><\/p>\n<p class=\"h2\">\n                                            Julien Barthet\n                                        <\/p>\n<p>R\u00e9dacteur professionnel, titulaire de la carte de presse pendant 3 ans. Fondateur\/Directeur et R\u00e9dacteur en chef Le Mag Sport Auto et LeMagJeuxHighTech.com.&#13;<br \/>\nEx-Pilote automobile : 55 courses (Formule Ford, F.Campus, Coupe 206 Sprint et Relais, Saxo, Ford Fiesta Allemagne, Mitjet) 1 Victoire. Essais F3, Nascar Euro, Caterham, F.Renault, etc.<\/p>\n<p>                                                                                                                            <a href=\"https:\/\/lemagsportauto.ouest-france.fr\/author\/lmsa_adm\/\" title=\"Julien Barthet\" rel=\"nofollow noopener\" target=\"_blank\"><br \/>\n                                                Voir les publications de l&rsquo;auteur<br \/>\n                                            <\/a><\/p>\n<p>                                <script async src=\"https:\/\/platform.twitter.com\/widgets.js\" charset=\"utf-8\"><\/script><\/p>\n","protected":false},"excerpt":{"rendered":"Cela \u00e9tait pr\u00e9visible, un pilote de fond de classement sera p\u00e9nalis\u00e9 sur la grille de d\u00e9part du Grand-Prix&hellip;\n","protected":false},"author":2,"featured_media":293343,"comment_status":"","ping_status":"","sticky":false,"template":"","format":"standard","meta":{"footnotes":""},"categories":[1412],"tags":[1451,1452,1453,1454,1455,1011,27,60],"class_list":{"0":"post-293342","1":"post","2":"type-post","3":"status-publish","4":"format-standard","5":"has-post-thumbnail","7":"category-f1","8":"tag-f1","9":"tag-formula-1","10":"tag-formula1","11":"tag-formule-1","12":"tag-formule1","13":"tag-fr","14":"tag-france","15":"tag-sports"},"share_on_mastodon":{"url":"https:\/\/pubeurope.com\/@fr\/114964357749107956","error":""},"_links":{"self":[{"href":"https:\/\/www.europesays.com\/fr\/wp-json\/wp\/v2\/posts\/293342","targetHints":{"allow":["GET"]}}],"collection":[{"href":"https:\/\/www.europesays.com\/fr\/wp-json\/wp\/v2\/posts"}],"about":[{"href":"https:\/\/www.europesays.com\/fr\/wp-json\/wp\/v2\/types\/post"}],"author":[{"embeddable":true,"href":"https:\/\/www.europesays.com\/fr\/wp-json\/wp\/v2\/users\/2"}],"replies":[{"embeddable":true,"href":"https:\/\/www.europesays.com\/fr\/wp-json\/wp\/v2\/comments?post=293342"}],"version-history":[{"count":0,"href":"https:\/\/www.europesays.com\/fr\/wp-json\/wp\/v2\/posts\/293342\/revisions"}],"wp:featuredmedia":[{"embeddable":true,"href":"https:\/\/www.europesays.com\/fr\/wp-json\/wp\/v2\/media\/293343"}],"wp:attachment":[{"href":"https:\/\/www.europesays.com\/fr\/wp-json\/wp\/v2\/media?parent=293342"}],"wp:term":[{"taxonomy":"category","embeddable":true,"href":"https:\/\/www.europesays.com\/fr\/wp-json\/wp\/v2\/categories?post=293342"},{"taxonomy":"post_tag","embeddable":true,"href":"https:\/\/www.europesays.com\/fr\/wp-json\/wp\/v2\/tags?post=293342"}],"curies":[{"name":"wp","href":"https:\/\/api.w.org\/{rel}","templated":true}]}}